{"id":168714,"date":"2019-06-13T11:59:24","date_gmt":"2019-06-13T08:59:24","guid":{"rendered":"http:\/\/www.tvturk.com\/index.php\/ozel-haber-bir-annenin-evlat-hasreti\/"},"modified":"2019-06-13T11:59:24","modified_gmt":"2019-06-13T08:59:24","slug":"ozel-haber-bir-annenin-evlat-hasreti","status":"publish","type":"post","link":"http:\/\/www.tvturk.com\/index.php\/ozel-haber-bir-annenin-evlat-hasreti\/","title":{"rendered":"(\u00d6zel Haber) Bir annenin evlat hasreti"},"content":{"rendered":"<p>K\u00fctahya\u2019da 2 k\u0131z evlad\u0131n\u0131 3 y\u0131ld\u0131r g\u00f6remedi\u011fini belirten anne, Cumhurba\u015fkan\u0131 Erdo\u011fan\u2019\u0131n e\u015fi Emine Erdo\u011fan\u2019dan yard\u0131m istedi.<\/p>\n<p>Hamidiye Mahallesi\u2019nde oturan 30 ya\u015f\u0131ndaki Sultan \u00c7akal, 3 y\u0131l \u00f6nce ayr\u0131ld\u0131\u011f\u0131 ve Ni\u011fde\u2019de ya\u015fayan S.K.\u2019n\u0131n, k\u0131zlar\u0131 12 ya\u015f\u0131ndaki Emine ve 10 ya\u015f\u0131ndaki Medine\u2019yi mahkeme karar\u0131na ra\u011fmen g\u00f6stermedi\u011fini iddia etti.<\/p>\n<p>3 y\u0131ld\u0131r evlat hasreti \u00e7ekti\u011fini belirten Sultan \u00c7akal, &#8220;2 k\u0131z\u0131m\u0131n velayeti ayr\u0131ld\u0131\u011f\u0131m e\u015fime verildi. Mahkeme karar\u0131 olmas\u0131na ra\u011fmen \u00e7ocuklar\u0131m\u0131 g\u00f6remiyorum. Maddi durumunun olmad\u0131\u011f\u0131 i\u00e7in Ni\u011fde\u2019ye gidemiyorum.Art\u0131k dayanacak g\u00fcc\u00fcm kalmad\u0131. Evlatlar\u0131mla birlikte ya\u015famak istiyorum. Bunun i\u00e7in \u00e7almad\u0131k kap\u0131 b\u0131rakmad\u0131m. T\u00fcm kap\u0131lar y\u00fcz\u00fcme kapand\u0131. C\u0130MER\u2019e durumu belirten 3 ayr\u0131 m\u00fcracaat\u0131m oldu. Ancak hi\u00e7bir geli\u015fme olmad\u0131. Tek \u00e7arem Cumhurba\u015fkan\u0131 Recep Tayyip Erdo\u011fan ve e\u015fi Emine Erdo\u011fan. Emine han\u0131m l\u00fctfen sesimi duyun&#8221; diye konu\u015ftu.<\/p>\n<p>Sultan \u00c7alan, K\u00fctahya\u2019da kirada oturdu\u011funu ve g\u00fcndelik i\u015flerde \u00e7al\u0131\u015farak ge\u00e7imini sa\u011flad\u0131\u011f\u0131n\u0131 s\u00f6zlerine ekledi.<\/p>\n","protected":false},"excerpt":{"rendered":"<p>HAM\u0130D\u0130YE MAHALLES\u0130&#8217;NDE OTURAN 30 YA\u015eINDAK\u0130 SULTAN \u00c7AKAL, 3 YIL \u00d6NCE AYRILDI\u011eI VE N\u0130\u011eDE&#8217;DE YA\u015eAYAN S.K.&#8217;NIN, KIZLARI 12 YA\u015eINDAK\u0130 EM\u0130NE VE 10 YA\u015eINDAK\u0130 MED\u0130NE&#8217;Y\u0130 MAHKEME KARARINA RA\u011eMEN G\u00d6STERMED\u0130\u011e\u0130N\u0130 \u0130DD\u0130A ETT\u0130.<\/p>\n","protected":false},"author":1,"featured_media":168715,"comment_status":"closed","ping_status":"open","sticky":false,"template":"","format":"standard","meta":{"jetpack_post_was_ever_published":false,"_jetpack_newsletter_access":"","_jetpack_dont_email_post_to_subs":false,"_jetpack_newsletter_tier_id":0,"_jetpack_memberships_contains_paywalled_content":false,"_jetpack_memberships_contains_paid_content":false,"footnotes":"","jetpack_publicize_message":"","jetpack_publicize_feature_enabled":true,"jetpack_social_post_already_shared":true,"jetpack_social_options":{"image_generator_settings":{"template":"highway","default_image_id":0,"font":"","enabled":false},"version":2}},"categories":[1],"tags":[15371,1073,17924,125,1545,16652],"class_list":["post-168714","post","type-post","status-publish","format-standard","has-post-thumbnail","hentry","category-genel","tag-evlat","tag-ozel","tag-annenin","tag-bir","tag-haber","tag-hasreti"],"jetpack_publicize_connections":[],"jetpack_featured_media_url":"https:\/\/i0.wp.com\/www.tvturk.com\/wp-content\/uploads\/2019\/06\/ozel-haber-bir-annenin-evlat-hasreti_939d674.jpg?fit=1000%2C562","jetpack_sharing_enabled":true,"jetpack_shortlink":"https:\/\/wp.me\/paKIfm-HTc","_links":{"self":[{"href":"http:\/\/www.tvturk.com\/index.php\/wp-json\/wp\/v2\/posts\/168714","targetHints":{"allow":["GET"]}}],"collection":[{"href":"http:\/\/www.tvturk.com\/index.php\/wp-json\/wp\/v2\/posts"}],"about":[{"href":"http:\/\/www.tvturk.com\/index.php\/wp-json\/wp\/v2\/types\/post"}],"author":[{"embeddable":true,"href":"http:\/\/www.tvturk.com\/index.php\/wp-json\/wp\/v2\/users\/1"}],"replies":[{"embeddable":true,"href":"http:\/\/www.tvturk.com\/index.php\/wp-json\/wp\/v2\/comments?post=168714"}],"version-history":[{"count":0,"href":"http:\/\/www.tvturk.com\/index.php\/wp-json\/wp\/v2\/posts\/168714\/revisions"}],"wp:featuredmedia":[{"embeddable":true,"href":"http:\/\/www.tvturk.com\/index.php\/wp-json\/wp\/v2\/media\/168715"}],"wp:attachment":[{"href":"http:\/\/www.tvturk.com\/index.php\/wp-json\/wp\/v2\/media?parent=168714"}],"wp:term":[{"taxonomy":"category","embeddable":true,"href":"http:\/\/www.tvturk.com\/index.php\/wp-json\/wp\/v2\/categories?post=168714"},{"taxonomy":"post_tag","embeddable":true,"href":"http:\/\/www.tvturk.com\/index.php\/wp-json\/wp\/v2\/tags?post=168714"}],"curies":[{"name":"wp","href":"https:\/\/api.w.org\/{rel}","templated":true}]}}