{"id":168726,"date":"2019-06-13T12:08:05","date_gmt":"2019-06-13T09:08:05","guid":{"rendered":"http:\/\/www.tvturk.com\/index.php\/uman-korfezindeki-tanker-yanginlari-petrol-fiyatlarini-yuzde-3-artirdi\/"},"modified":"2019-06-13T12:08:05","modified_gmt":"2019-06-13T09:08:05","slug":"uman-korfezindeki-tanker-yanginlari-petrol-fiyatlarini-yuzde-3-artirdi","status":"publish","type":"post","link":"http:\/\/www.tvturk.com\/index.php\/uman-korfezindeki-tanker-yanginlari-petrol-fiyatlarini-yuzde-3-artirdi\/","title":{"rendered":"Uman K\u00f6rfezindeki tanker yang\u0131nlar\u0131  petrol fiyatlar\u0131n\u0131 y\u00fczde 3 art\u0131rd\u0131"},"content":{"rendered":"<p>Birka\u00e7 deniz nakliye acentesi, \u0130ran\u2019\u0131n H\u00fcrm\u00fcz Bo\u011faz\u0131 yak\u0131nlar\u0131nda Front Altair ve Kokua Courageous petrol tankerlerinde \u00e7\u0131kan yang\u0131n\u0131n b\u00fcy\u00fck bir hasara yol a\u00e7arken m\u00fcrettebat\u0131n tahliye edildi\u011fini a\u00e7\u0131klad\u0131.<\/p>\n<p>Suudi Arabistan\u2019dan ald\u0131\u011f\u0131 kimyasal y\u00fck\u00fc Singapur\u2019a g\u00f6t\u00fcrmekte olan Kokuka Courageous tankeri ve Fron Altair ham petrol tankerinde mahalli saatle 06.00 s\u0131ralar\u0131nda ayn\u0131 anda yang\u0131n \u00e7\u0131kt\u0131. \u0130ran k\u0131y\u0131lar\u0131nda, Uman K\u00f6rfezi\u2019ndeki tanker patlamalar\u0131n\u0131n duyulmas\u0131 \u00fczerine Brent ham petrol fiyat\u0131nda y\u00fczde 3\u2019l\u00fck bir y\u00fckselme g\u00f6r\u00fcld\u00fc\u011f\u00fc kaydedildi. \u00c7\u0131kan yang\u0131nlar\u0131n sebebinin hen\u00fcz tespit edilememesine ra\u011fmen b\u00f6lgede bir ay \u00f6nce meydana gelen tanker sald\u0131r\u0131lar\u0131 sebebiyle sald\u0131r\u0131 korkusuna yol a\u00e7t\u0131.<\/p>\n<p>United \u0130ngiliz Kraliyet Donanmas\u0131 ve Uman Kraliyet Deniz Ticaret Operasyonlar\u0131\u2019n\u0131n olay\u0131 ara\u015ft\u0131rd\u0131\u011f\u0131 kaydedildi. B\u00f6lgede ABD ile \u0130ran aras\u0131ndaki gerginlik sebebiyle dikkatli olma uyar\u0131s\u0131 yap\u0131ld\u0131.<\/p>\n<p>\u0130ran Devlet Medyas\u0131, herhangi bir delil g\u00f6stermeden iki petrol tankerinin hedef al\u0131nd\u0131\u011f\u0131n\u0131 ve tankerlerde yang\u0131n \u00e7\u0131kt\u0131\u011f\u0131n\u0131 bildirdi.<\/p>\n<p>ABD Deniz Kuvvetlerinin Bahreyn\u2019de bulunan 5. Filosunun bir s\u00f6zc\u00fcs\u00fc olaydan haberdar olduklar\u0131n\u0131 ve delil arad\u0131klar\u0131n\u0131 ifade etti. ABD Deniz Kuvvetlerine b\u00f6lgede bulunan sava\u015f gemilerinin b\u00f6lgedeki petrol tankerlerine destek sa\u011flad\u0131klar\u0131 belirtildi.<\/p>\n","protected":false},"excerpt":{"rendered":"<p>B\u0130RKA\u00c7 DEN\u0130Z NAKL\u0130YE ACENTES\u0130, \u0130RAN\u2019IN H\u00dcRM\u00dcZ BO\u011eAZI YAKINLARINDA FRONT ALTA\u0130R VE KOKUA COURAGEOUS PETROL TANKERLER\u0130NDE \u00c7IKAN YANGININ B\u00dcY\u00dcK B\u0130R HASARA YOL A\u00c7ARKEN M\u00dcRETTEBATIN TAHL\u0130YE ED\u0130LD\u0130\u011e\u0130N\u0130 A\u00c7IKLADI.<\/p>\n","protected":false},"author":1,"featured_media":168727,"comment_status":"closed","ping_status":"open","sticky":false,"template":"","format":"standard","meta":{"jetpack_post_was_ever_published":false,"_jetpack_newsletter_access":"","_jetpack_dont_email_post_to_subs":false,"_jetpack_newsletter_tier_id":0,"_jetpack_memberships_contains_paywalled_content":false,"_jetpack_memberships_contains_paid_content":false,"footnotes":"","jetpack_publicize_message":"","jetpack_publicize_feature_enabled":true,"jetpack_social_post_already_shared":true,"jetpack_social_options":{"image_generator_settings":{"template":"highway","default_image_id":0,"font":"","enabled":false},"version":2}},"categories":[10],"tags":[4270,35968,35991,19515,19555,40493,7958,3480],"class_list":["post-168726","post","type-post","status-publish","format-standard","has-post-thumbnail","hentry","category-dunya","tag-artirdi","tag-fiyatlarini","tag-korfezindeki","tag-petrol","tag-tanker","tag-uman","tag-yanginlari","tag-yuzde"],"jetpack_publicize_connections":[],"jetpack_featured_media_url":"https:\/\/i0.wp.com\/www.tvturk.com\/wp-content\/uploads\/2019\/06\/uman-korfezindeki-tanker-yanginlari-petrol-fiyatlarini-yuzde-3-artirdi_55a373a.jpg?fit=812%2C609","jetpack_sharing_enabled":true,"jetpack_shortlink":"https:\/\/wp.me\/paKIfm-HTo","_links":{"self":[{"href":"http:\/\/www.tvturk.com\/index.php\/wp-json\/wp\/v2\/posts\/168726","targetHints":{"allow":["GET"]}}],"collection":[{"href":"http:\/\/www.tvturk.com\/index.php\/wp-json\/wp\/v2\/posts"}],"about":[{"href":"http:\/\/www.tvturk.com\/index.php\/wp-json\/wp\/v2\/types\/post"}],"author":[{"embeddable":true,"href":"http:\/\/www.tvturk.com\/index.php\/wp-json\/wp\/v2\/users\/1"}],"replies":[{"embeddable":true,"href":"http:\/\/www.tvturk.com\/index.php\/wp-json\/wp\/v2\/comments?post=168726"}],"version-history":[{"count":0,"href":"http:\/\/www.tvturk.com\/index.php\/wp-json\/wp\/v2\/posts\/168726\/revisions"}],"wp:featuredmedia":[{"embeddable":true,"href":"http:\/\/www.tvturk.com\/index.php\/wp-json\/wp\/v2\/media\/168727"}],"wp:attachment":[{"href":"http:\/\/www.tvturk.com\/index.php\/wp-json\/wp\/v2\/media?parent=168726"}],"wp:term":[{"taxonomy":"category","embeddable":true,"href":"http:\/\/www.tvturk.com\/index.php\/wp-json\/wp\/v2\/categories?post=168726"},{"taxonomy":"post_tag","embeddable":true,"href":"http:\/\/www.tvturk.com\/index.php\/wp-json\/wp\/v2\/tags?post=168726"}],"curies":[{"name":"wp","href":"https:\/\/api.w.org\/{rel}","templated":true}]}}