{"id":168728,"date":"2019-06-13T12:10:06","date_gmt":"2019-06-13T09:10:06","guid":{"rendered":"http:\/\/www.tvturk.com\/index.php\/siemensten-buluta-bagli-yeni-nesil-urun\/"},"modified":"2019-06-13T12:10:06","modified_gmt":"2019-06-13T09:10:06","slug":"siemensten-buluta-bagli-yeni-nesil-urun","status":"publish","type":"post","link":"http:\/\/www.tvturk.com\/index.php\/siemensten-buluta-bagli-yeni-nesil-urun\/","title":{"rendered":"Siemens\u2019ten buluta ba\u011fl\u0131 yeni nesil \u00fcr\u00fcn"},"content":{"rendered":"<p>Siemens,  \u0131s\u0131tma gruplar\u0131 ve klima santralleri i\u00e7in geli\u015ftirdi\u011fi yeni nesil \u2019Intelligent Vana\u2019y\u0131 duyurdu. Do\u011frudan buluta ba\u011flanabilen \u00fcr\u00fcn, g\u00fcvenilir otomatik devreye alma \u00f6zelli\u011finin yan\u0131 s\u0131ra mevcut alana uyacak esnek montaj se\u00e7enekleri sunuyor.<\/p>\n<p>Siemens Ak\u0131ll\u0131 Altyap\u0131 b\u00f6l\u00fcm\u00fc \u0131s\u0131tma gruplar\u0131 ve klima santralleri i\u00e7in \u2019Intelligent Vana\u2019 geli\u015ftirdi. Yap\u0131lan bilgilendirmede; \u0131s\u0131 transferi optimizasyonu sa\u011flayan \u00fcr\u00fcn, do\u011frudan buluta ba\u011flanabilen ve kendi kendini optimize ederek, debi, gidi\u015f-d\u00f6n\u00fc\u015f s\u0131cakl\u0131klar\u0131 ve \u0131s\u0131 \u00e7\u0131kt\u0131s\u0131 izlenerek vana ayarlar\u0131 otomatik olarak adapte ediliyor. Siemens ABT Go uygulamas\u0131n\u0131 kullanarak kablosuz LAN \u00fczerinden h\u0131zl\u0131 ve g\u00fcvenilir bir \u015fekilde devreye al\u0131nabilen Intelligent Vana, debi sens\u00f6r\u00fc, vana ve kontrol\u00f6r\u00fcn ayr\u0131 olarak monte edilmesi ile esnek montaj kolayl\u0131\u011f\u0131 sa\u011fl\u0131yor. Ba\u011flanabilirlik \u00f6zelli\u011fi ile s\u00fcrekli g\u00fcncellik sa\u011flarken, ilave fonksiyonlar\u0131 buluttan istenildi\u011fi zamanda indirilebiliyor.<\/p>\n<p>Enerji tasarrufu<\/p>\n<p>\u00dcr\u00fcn; s\u00fcrekli s\u0131cakl\u0131k, debi ve enerjiyi \u00f6l\u00e7erek kendi ayarlar\u0131n\u0131n \u0131s\u0131 transfer cihaz\u0131n\u0131n \u0131s\u0131tma veya so\u011futma davran\u0131\u015f\u0131na g\u00f6re uygun olup olmad\u0131\u011f\u0131n\u0131 kontrol ederken, i\u015fletim s\u0131ras\u0131ndaki kirlenmenin neden oldu\u011fu de\u011fi\u015fen de\u011ferleri otomatik olarak adapte ediyor. B\u00f6ylece sistemin \u00f6mr\u00fc boyunca tekrar tekrar manuel ayarlamalar\u0131n yap\u0131lmas\u0131n\u0131n \u00f6n\u00fcne ge\u00e7iyor. Ayn\u0131 zamanda, \u00fcr\u00fcn\u00fcn \u0131s\u0131 transfer cihaz\u0131 optimizasyon \u00f6zelli\u011fi ile \u0131s\u0131tma, havaland\u0131rma ve iklimlendirme (HVAC) sistemlerinin her zaman enerji tasarruflu bir \u015fekilde \u00e7al\u0131\u015fmas\u0131n\u0131 sa\u011fl\u0131yor. Vana, \u0131s\u0131 transfer cihaz\u0131ndan gelen ek enerjinin verimli bir \u015fekilde daha y\u00fcksek \u0131s\u0131tma veya so\u011futma \u00e7\u0131kt\u0131s\u0131na \u00e7evrilemedi\u011fi debiyi tespit ederken, enerji tasarrufunu sa\u011flayarak sistemi optimize ediyor.<\/p>\n<p>Ayr\u0131ca \u00fcr\u00fcn; kontrol fonksiyonlar\u0131, PICV\u2019lere (bas\u0131n\u00e7tan ba\u011f\u0131ms\u0131z kombine vanalara) benzer \u015fekilde, hidronik sistemin otomatik olarak dinamik dengelenmesini sa\u011flad\u0131\u011f\u0131 bildirilirken, dinamik hidronik balanslama bas\u0131n\u00e7 dalgalanmalar\u0131n\u0131 otomatik olarak dengeledi\u011fi, b\u00f6ylece binadaki s\u0131cakl\u0131k de\u011fi\u015fimlerini \u00f6nledi\u011fi belirtildi.<\/p>\n","protected":false},"excerpt":{"rendered":"<p>S\u0130EMENS,  ISITMA GRUPLARI VE KL\u0130MA SANTRALLER\u0130 \u0130\u00c7\u0130N GEL\u0130\u015eT\u0130RD\u0130\u011e\u0130 YEN\u0130 NES\u0130L &#8216;INTELL\u0130GENT VANA&#8217;YI DUYURDU.<\/p>\n","protected":false},"author":1,"featured_media":168729,"comment_status":"closed","ping_status":"open","sticky":false,"template":"","format":"standard","meta":{"jetpack_post_was_ever_published":false,"_jetpack_newsletter_access":"","_jetpack_dont_email_post_to_subs":false,"_jetpack_newsletter_tier_id":0,"_jetpack_memberships_contains_paywalled_content":false,"_jetpack_memberships_contains_paid_content":false,"footnotes":"","jetpack_publicize_message":"","jetpack_publicize_feature_enabled":true,"jetpack_social_post_already_shared":true,"jetpack_social_options":{"image_generator_settings":{"template":"highway","default_image_id":0,"font":"","enabled":false},"version":2}},"categories":[19],"tags":[4608,37248,390,26814,4337,87],"class_list":["post-168728","post","type-post","status-publish","format-standard","has-post-thumbnail","hentry","category-ekonomi","tag-bagli","tag-buluta","tag-nesil","tag-siemensten","tag-urun","tag-yeni"],"jetpack_publicize_connections":[],"jetpack_featured_media_url":"https:\/\/i0.wp.com\/www.tvturk.com\/wp-content\/uploads\/2019\/06\/siemensten-buluta-bagli-yeni-nesil-urun_15fed5f.jpg?fit=1000%2C666","jetpack_sharing_enabled":true,"jetpack_shortlink":"https:\/\/wp.me\/paKIfm-HTq","_links":{"self":[{"href":"http:\/\/www.tvturk.com\/index.php\/wp-json\/wp\/v2\/posts\/168728","targetHints":{"allow":["GET"]}}],"collection":[{"href":"http:\/\/www.tvturk.com\/index.php\/wp-json\/wp\/v2\/posts"}],"about":[{"href":"http:\/\/www.tvturk.com\/index.php\/wp-json\/wp\/v2\/types\/post"}],"author":[{"embeddable":true,"href":"http:\/\/www.tvturk.com\/index.php\/wp-json\/wp\/v2\/users\/1"}],"replies":[{"embeddable":true,"href":"http:\/\/www.tvturk.com\/index.php\/wp-json\/wp\/v2\/comments?post=168728"}],"version-history":[{"count":0,"href":"http:\/\/www.tvturk.com\/index.php\/wp-json\/wp\/v2\/posts\/168728\/revisions"}],"wp:featuredmedia":[{"embeddable":true,"href":"http:\/\/www.tvturk.com\/index.php\/wp-json\/wp\/v2\/media\/168729"}],"wp:attachment":[{"href":"http:\/\/www.tvturk.com\/index.php\/wp-json\/wp\/v2\/media?parent=168728"}],"wp:term":[{"taxonomy":"category","embeddable":true,"href":"http:\/\/www.tvturk.com\/index.php\/wp-json\/wp\/v2\/categories?post=168728"},{"taxonomy":"post_tag","embeddable":true,"href":"http:\/\/www.tvturk.com\/index.php\/wp-json\/wp\/v2\/tags?post=168728"}],"curies":[{"name":"wp","href":"https:\/\/api.w.org\/{rel}","templated":true}]}}