{"id":168730,"date":"2019-06-13T12:11:33","date_gmt":"2019-06-13T09:11:33","guid":{"rendered":"http:\/\/www.tvturk.com\/index.php\/hak-is-yuruyusu-3uncu-gununde-yenicagaya-ulasti\/"},"modified":"2019-06-13T12:11:33","modified_gmt":"2019-06-13T09:11:33","slug":"hak-is-yuruyusu-3uncu-gununde-yenicagaya-ulasti","status":"publish","type":"post","link":"http:\/\/www.tvturk.com\/index.php\/hak-is-yuruyusu-3uncu-gununde-yenicagaya-ulasti\/","title":{"rendered":"Hak &#8211; \u0130\u015f y\u00fcr\u00fcy\u00fc\u015f\u00fc 3\u2019\u00fcnc\u00fc g\u00fcn\u00fcnde Yeni\u00e7a\u011fa\u2019ya ula\u015ft\u0131"},"content":{"rendered":"<p>Hak-\u0130\u015f Konfederasyonu Hizmet-\u0130\u015f Sendikas\u0131n\u0131n d\u00fcn Bolu\u2019da ba\u015flatt\u0131\u011f\u0131 Emek ve Adalet y\u00fcr\u00fcy\u00fc\u015f\u00fc 3\u2019\u00fcnc\u00fc g\u00fcnde devam ediyor.<\/p>\n<p>Bolu Belediyesinin i\u015ften \u00e7\u0131kard\u0131\u011f\u0131 97 i\u015f\u00e7inin geri al\u0131nmas\u0131 amac\u0131yla 11 Haziran tarihinde ba\u015flatt\u0131\u011f\u0131 y\u00fcr\u00fcy\u00fc\u015f 3\u2019\u00fcnc\u00fc g\u00fcn\u00fcnde devam ediyor. Bolu kent merkezinden ba\u015flayan ve g\u00fcnde ortalama 20 kilometre y\u00fcr\u00fcmeyi hedefleyen grup, Bolu\u2019nun Yeni\u00e7a\u011fa il\u00e7esine ula\u015ft\u0131.<\/p>\n<p>Y\u00fcr\u00fcy\u00fc\u015f\u00fcn 3\u2019\u00fcnc\u00fc g\u00fcn\u00fcnde sabah saatlerinde Bolu\u2019ya ba\u011fl\u0131 Hamzabey k\u00f6y\u00fc mevkisinden sabah saatlerinde jandarma korteji e\u015fli\u011finde hareket eden grup, &#8220;Hak, hukuk, adalet&#8221; ve &#8220;G\u00fcn gelecek, devran d\u00f6necek ba\u015fkan i\u015f\u00e7iye hesap verecek&#8221; sloganlar\u0131yla yakla\u015f\u0131k 2 saatlik y\u00fcr\u00fcy\u00fc\u015f\u00fcn sonunda Yeni\u00e7a\u011fa il\u00e7esine ula\u015ft\u0131. \u0130l\u00e7eye giri\u015fte y\u00fcr\u00fcyen grubu, Yeni\u00e7a\u011fa Belediye Ba\u015fkanvekili Nusret Soysal ve Belediye Meclis \u00dcyeleri kar\u015f\u0131lad\u0131. Burada 30 dakika dinlenen grup tekrardan hareket ederek ak\u015famki hedefleri olan Gerede\u2019ye do\u011fru hareket etti.<\/p>\n<p>Y\u00fcr\u00fcy\u00fc\u015f \u00f6ncesinde konu\u015fan Hizmet &#8211; \u0130\u015f Sendikas\u0131 Genel Ba\u015fkan Yard\u0131mc\u0131s\u0131 Halil \u00d6zdemir, &#8220;T\u00fcrkiye genelinde, i\u015ften \u00e7\u0131kar\u0131lmalara kar\u015f\u0131, i\u015f\u00e7i k\u0131y\u0131m\u0131na kar\u015f\u0131, sendikal bask\u0131ya kar\u015f\u0131, i\u015f yerleri de\u011fi\u015ftirilmeye kar\u015f\u0131 ba\u015flatt\u0131\u011f\u0131m\u0131z eylemin bug\u00fcn 51\u2019inci g\u00fcn\u00fc, 49 g\u00fcn Bolu Belediyesi\u2019nin \u00f6n\u00fcnde oturma ve \u00e7ad\u0131r eylemi yapt\u0131k. 49\u2019uncu g\u00fcn itibar\u0131yla y\u00fcr\u00fcy\u00fc\u015fe ba\u015flad\u0131k. Bug\u00fcn 51\u2019inci g\u00fcn\u00fcm\u00fcz yani i\u015f\u00e7i ve emek\u00e7i karde\u015flerimizin hak m\u00fccadelesinde, emek m\u00fccadelesinde, i\u015f m\u00fccadelesinde y\u00fcr\u00fcy\u00fc\u015f\u00fcm\u00fcz\u00fcn 51\u2019inci g\u00fcn\u00fc&#8221; diye konu\u015ftu.<\/p>\n<p>Hak &#8211; \u0130\u015f Konfederasyonu\u2019nun i\u015f\u00e7isini ve emek\u00e7isini yaln\u0131z b\u0131rakmad\u0131\u011f\u0131n\u0131 t\u00fcm T\u00fcrkiye\u2019nin g\u00f6rd\u00fc\u011f\u00fcn\u00fc s\u00f6yleyen \u00d6zdemir, &#8220;Biz i\u015f\u00e7ilerimiz, emek\u00e7ilerimiz i\u00e7in var\u0131z. Bizim bir tek ama\u00e7 ve gayemiz var. \u0130\u015f\u00e7i karde\u015flerimizin ekme\u011finin tekrardan iade edilmesi, s\u00f6z verin, namus s\u00f6z\u00fc verin, \u015feref s\u00f6z\u00fc verin ondan sonra da s\u00f6z\u00fcnde durmayarak, mertlik yerine namertlik yaparak i\u015f\u00e7i karde\u015flerimizi soka\u011fa b\u0131rakanlara sesleniyoruz. Derhal bu inad\u0131n\u0131zdan geri d\u00f6n\u00fcn. 51 g\u00fcnd\u00fcr size ba\u011f\u0131r\u0131yoruz. 51 g\u00fcnd\u00fcr eylem yap\u0131yoruz. 3 g\u00fcnd\u00fcr, doluda, ya\u011fmurda, \u00e7amurda y\u00fcr\u00fcd\u00fck. Kayadan ses var, y\u00fcr\u00fcd\u00fc\u011f\u00fcm\u00fcz ormanlardan ses var sizden ses yok. Sizin i\u00e7in i\u015f\u00e7iler bu kadar m\u0131 k\u0131ymetsiz, sizin i\u00e7in emek\u00e7ilerin hi\u00e7 mi de\u011feri yok&#8221; ifadelerini kulland\u0131.<\/p>\n<p>Ayr\u0131ca Cenevre\u2019de bulunan Hak &#8211; \u0130\u015f Genel Ba\u015fkan\u0131 Mahmut Arslan\u2019\u0131n mesaj\u0131n\u0131 da \u00d6zdemir okudu. Arslan, yollad\u0131\u011f\u0131 mesajda \u015funlar\u0131 kaydetti:<\/p>\n<p>\u201cDe\u011ferli yol arkada\u015flar\u0131m sevgili Hak \u0130\u015fliler, emek ve adalet y\u00fcr\u00fcy\u00fc\u015f\u00fcm\u00fcz\u00fcn \u00fc\u00e7\u00fcnc\u00fc g\u00fcn\u00fcne ba\u015flarken hepinizi Rabbimin selam\u0131 ile selaml\u0131yorum, g\u00fcn\u00fcn\u00fcz ayd\u0131n, yolunuz a\u00e7\u0131k olsun, Allah yard\u0131mc\u0131n\u0131z olsun. Cenevre\u2019de g\u00f6revim oldu\u011fu i\u00e7in sizinle olamad\u0131\u011f\u0131m i\u00e7in \u00e7ok \u00fczg\u00fcn\u00fcm ama kalbim  sizinle at\u0131yor hakl\u0131 davam\u0131z i\u00e7in yollara d\u00fc\u015ft\u00fck bu onurlu y\u00fcr\u00fcy\u00fc\u015f\u00fcm\u00fcz\u00fcn i\u015fleri ellerinden al\u0131nan \u00fcyelerimizin tekrar i\u015flerine d\u00f6nmelerini sa\u011flamak oldu\u011funun bilinci ile m\u00fccadelemizi s\u00fcrd\u00fcrece\u011fiz. Gerek i\u015fini kaybeden \u00fcyelerimiz gerek sendikam\u0131z\u0131n b\u00fct\u00fcn kademelerinde \u00e7al\u0131\u015fan yol arkada\u015flar\u0131m\u0131z gerekse y\u00fcr\u00fcy\u00fc\u015f\u00fcm\u00fcze destek i\u00e7in bizimle birlikte olan \u00fcyelerimiz gerekse de sendikam\u0131z\u0131n genel y\u00f6netim kurulu \u00fcyelerimize en i\u00e7ten duygular\u0131mla te\u015fekk\u00fcr eder ba\u015far\u0131lar dilerim. Zafer yak\u0131nd\u0131r ve zafer inananlar\u0131nd\u0131r.\u201d<\/p>\n","protected":false},"excerpt":{"rendered":"<p>HAK-\u0130\u015e KONFEDERASYONU H\u0130ZMET-\u0130\u015e SEND\u0130KASININ D\u00dcN BOLU\u2019DA BA\u015eLATTI\u011eI EMEK VE ADALET Y\u00dcR\u00dcY\u00dc\u015e\u00dc 3\u2019\u00dcNC\u00dc G\u00dcNDE DEVAM ED\u0130YOR.<\/p>\n","protected":false},"author":1,"featured_media":168731,"comment_status":"closed","ping_status":"open","sticky":false,"template":"","format":"standard","meta":{"jetpack_post_was_ever_published":false,"_jetpack_newsletter_access":"","_jetpack_dont_email_post_to_subs":false,"_jetpack_newsletter_tier_id":0,"_jetpack_memberships_contains_paywalled_content":false,"_jetpack_memberships_contains_paid_content":false,"footnotes":"","jetpack_publicize_message":"","jetpack_publicize_feature_enabled":true,"jetpack_social_post_already_shared":true,"jetpack_social_options":{"image_generator_settings":{"template":"highway","default_image_id":0,"font":"","enabled":false},"version":2}},"categories":[1],"tags":[14002,2246,964,432,2574,40494,1983],"class_list":["post-168730","post","type-post","status-publish","format-standard","has-post-thumbnail","hentry","category-genel","tag-3uncu","tag-gununde","tag-hak","tag-is","tag-ulasti","tag-yenicagaya","tag-yuruyusu"],"jetpack_publicize_connections":[],"jetpack_featured_media_url":"https:\/\/i0.wp.com\/www.tvturk.com\/wp-content\/uploads\/2019\/06\/hak-is-yuruyusu-3uncu-gununde-yenicagaya-ulasti_dcbf8c6.jpg?fit=1000%2C666","jetpack_sharing_enabled":true,"jetpack_shortlink":"https:\/\/wp.me\/paKIfm-HTs","_links":{"self":[{"href":"http:\/\/www.tvturk.com\/index.php\/wp-json\/wp\/v2\/posts\/168730","targetHints":{"allow":["GET"]}}],"collection":[{"href":"http:\/\/www.tvturk.com\/index.php\/wp-json\/wp\/v2\/posts"}],"about":[{"href":"http:\/\/www.tvturk.com\/index.php\/wp-json\/wp\/v2\/types\/post"}],"author":[{"embeddable":true,"href":"http:\/\/www.tvturk.com\/index.php\/wp-json\/wp\/v2\/users\/1"}],"replies":[{"embeddable":true,"href":"http:\/\/www.tvturk.com\/index.php\/wp-json\/wp\/v2\/comments?post=168730"}],"version-history":[{"count":0,"href":"http:\/\/www.tvturk.com\/index.php\/wp-json\/wp\/v2\/posts\/168730\/revisions"}],"wp:featuredmedia":[{"embeddable":true,"href":"http:\/\/www.tvturk.com\/index.php\/wp-json\/wp\/v2\/media\/168731"}],"wp:attachment":[{"href":"http:\/\/www.tvturk.com\/index.php\/wp-json\/wp\/v2\/media?parent=168730"}],"wp:term":[{"taxonomy":"category","embeddable":true,"href":"http:\/\/www.tvturk.com\/index.php\/wp-json\/wp\/v2\/categories?post=168730"},{"taxonomy":"post_tag","embeddable":true,"href":"http:\/\/www.tvturk.com\/index.php\/wp-json\/wp\/v2\/tags?post=168730"}],"curies":[{"name":"wp","href":"https:\/\/api.w.org\/{rel}","templated":true}]}}