{"id":168736,"date":"2019-06-13T12:16:30","date_gmt":"2019-06-13T09:16:30","guid":{"rendered":"http:\/\/www.tvturk.com\/index.php\/van-golu-sahilindeki-gelincik-tarlalari-dogal-fotograf-studyosuna-donustu\/"},"modified":"2019-06-13T12:16:30","modified_gmt":"2019-06-13T09:16:30","slug":"van-golu-sahilindeki-gelincik-tarlalari-dogal-fotograf-studyosuna-donustu","status":"publish","type":"post","link":"http:\/\/www.tvturk.com\/index.php\/van-golu-sahilindeki-gelincik-tarlalari-dogal-fotograf-studyosuna-donustu\/","title":{"rendered":"Van G\u00f6l\u00fc sahilindeki gelincik tarlalar\u0131 do\u011fal foto\u011fraf st\u00fcdyosuna d\u00f6n\u00fc\u015ft\u00fc"},"content":{"rendered":"<p>Van G\u00f6l\u00fc\u2019n\u00fcn Erci\u015f ve Muradiye il\u00e7eleri sahilindeki gelincik tarlalar\u0131 do\u011fal foto\u011fraf st\u00fcdyosuna d\u00f6n\u00fc\u015f\u00fcrken, K\u0131rg\u0131z T\u00fcrkleri ise giydikleri y\u00f6resel k\u0131yafetler ve bindikleri atlar\u0131yla foto\u011fraf tutkunlar\u0131na modellik yap\u0131yor.<\/p>\n<p>Van G\u00f6l\u00fc\u2019n\u00fcn mavisi ve gelinciklerin k\u0131rm\u0131z\u0131 renkleriyle olu\u015fan do\u011fal manzara, foto\u011fraf tutkunlar\u0131n\u0131n en \u00e7ok tercih etti\u011fi mekanlar aras\u0131nda yer al\u0131yor. Muradiye Kaymakaml\u0131\u011f\u0131n\u0131n deste\u011fiyle Van G\u00f6l\u00fc sahilinde K\u0131rg\u0131z T\u00fcrkleri taraf\u0131ndan kurulan Atayurdu Ota\u011f\u0131\u2019ndaki K\u0131rg\u0131z T\u00fcrkleri de, giydikleri y\u00f6resel k\u0131yafetler ve atlar\u0131yla birlikte foto\u011fraf tutkunlar\u0131na modellik yap\u0131yor.<\/p>\n<p>Van G\u00f6l\u00fc sahilinde bulunan \u00dcnseli Mahallesi\u2019ndeki Atayurt Ota\u011f\u0131\u2019n\u0131n i\u015fletmecili\u011fini yapan K\u0131rg\u0131z T\u00fcrk\u00fc Kenan Ayta\u00e7, Van G\u00f6l\u00fc sahillerinde a\u00e7an k\u0131rm\u0131z\u0131 gelincik \u00e7i\u00e7eklerinin bulundu\u011fu alanlar\u0131n yerli ve yabanc\u0131 turistlerle foto\u011fraf tutkunlar\u0131n\u0131n ilgisini \u00e7ekti\u011fini s\u00f6yledi. Ayta\u00e7, \u201cBuraya gelen foto\u011fraf\u00e7\u0131lara b\u00f6lgeyi tan\u0131tmak maksad\u0131yla bizlerde modellik yap\u0131yoruz. Elimizden geldi\u011fi kadar b\u00f6lgenin tan\u0131t\u0131m\u0131na katk\u0131da bulunmak i\u00e7in rol oynuyoruz. Buraya gelen foto\u011fraf\u00e7\u0131lar bizlerden at \u00fcst\u00fcnde, at\u0131 ko\u015ftururken, ok atarken ve k\u0131l\u0131\u00e7l\u0131 g\u00f6steriler yaparken foto\u011fraflar\u0131m\u0131z\u0131 \u00e7ekiyorlar. Buradaki gelincik tarlalar\u0131 do\u011fal bir foto\u011fraf st\u00fcdyosuna d\u00f6n\u00fc\u015fm\u00fc\u015f bir durumda\u201d dedi.<\/p>\n<p>Foto\u011fraf\u00e7\u0131lara y\u00f6resel k\u0131yafetleriyle modellik yapan Ayses Hazar da K\u0131rg\u0131z T\u00fcrk\u00fc oldu\u011funu belirterek, \u201cAtayurt Ota\u011f\u0131\u2019nda \u00e7al\u0131\u015f\u0131yorum. Van G\u00f6l\u00fc kenar\u0131ndaki gelincik tarlas\u0131nda foto\u011fraf \u00e7ekimleri yap\u0131yoruz. Atayurdu Ota\u011f\u0131\u2019na gelen misafirlere ve foto\u011fraf\u00e7\u0131lara modellik yap\u0131yoruz. Geleneksel k\u0131yafetlerimizi giyerek onlara yard\u0131mc\u0131 oluyoruz. Buralar \u00e7ok g\u00fczel yerler, gelinciklerin 15 g\u00fcnl\u00fck bir \u00f6m\u00fcrleri kalm\u0131\u015f. Gelen misafirlerimiz de k\u0131yafetlerimizi giyip foto\u011fraf \u00e7ekiyorlar, ata binip \u00e7e\u015fitli etkinlikler yap\u0131yorlar\u201d ifadelerini kulland\u0131.<\/p>\n<p>\u201cVan G\u00f6l\u00fc \u00e7evresi tam bir do\u011fal st\u00fcdyo\u201d<\/p>\n<p>Gelincik tarlas\u0131nda arkada\u015flar\u0131yla birlikte foto\u011fraf \u00e7eken Evrensel Foto\u011fraf\u00e7\u0131lar Derne\u011fi Ba\u015fkan\u0131 Ali Da\u011fer ise \u201cBurada k\u0131\u015f mevsimi uzun ge\u00e7ti\u011fi i\u00e7in foto\u011fraf\u00e7\u0131 arkada\u015flar\u0131m\u0131za kapal\u0131 ortamda foto\u011fraf\u0131n teorik bilgilerini anlat\u0131yoruz. Bug\u00fcnde sahaya \u00e7\u0131kt\u0131k, sahada foto\u011fraf \u00e7ekiyoruz. Hemen yan\u0131 ba\u015f\u0131m\u0131zda bir gelincik tarlas\u0131 var. Burada bir foto\u011fraf nas\u0131l \u00e7ekilir, gelincik foto\u011fraf\u0131 nas\u0131l \u00e7ekilir. Gelinciklerin i\u00e7inde insanlar varsa insan-do\u011fa nas\u0131l \u00f6zde\u015fle\u015ftirilir, onlar\u0131 foto\u011fraflara yans\u0131tmaya \u00e7al\u0131\u015ft\u0131k. Kursiyer arkada\u015flar\u0131m\u0131zla burada g\u00fczel bir \u00e7al\u0131\u015fma yapt\u0131k. Van G\u00f6l\u00fc \u00e7evresi tam bir do\u011fal st\u00fcdyo. \u0130nsanlar\u0131 buraya davet ediyoruz. Bir mevsimde b\u00fct\u00fcn mevsimleri ya\u015fayabiliyoruz. Bir g\u00fcn i\u00e7inde yaz\u0131, k\u0131\u015f\u0131, ilkbahar\u0131, sonbahar\u0131 hepsini bir arada ya\u015f\u0131yorsunuz. \u00c7\u00fcnk\u00fc halen da\u011flarda kar var, ovada gelincikler. Herkesi davet ediyoruz, buyursunlar gelsinler birlikte foto\u011fraf \u00e7ekelim\u201d \u015feklinde konu\u015ftu.<\/p>\n","protected":false},"excerpt":{"rendered":"<p>VAN G\u00d6L\u00dc\u2019N\u00dcN ERC\u0130\u015e VE MURAD\u0130YE \u0130L\u00c7ELER\u0130 SAH\u0130L\u0130NDEK\u0130 GEL\u0130NC\u0130K TARLALARI DO\u011eAL FOTO\u011eRAF ST\u00dcDYOSUNA D\u00d6N\u00dc\u015e\u00dcRKEN, KIRGIZ T\u00dcRKLER\u0130 \u0130SE G\u0130YD\u0130KLER\u0130 Y\u00d6RESEL KIYAFETLER VE B\u0130ND\u0130KLER\u0130 ATLARIYLA FOTO\u011eRAF TUTKUNLARINA MODELL\u0130K YAPIYORLAR.<\/p>\n","protected":false},"author":1,"featured_media":168737,"comment_status":"closed","ping_status":"open","sticky":false,"template":"","format":"standard","meta":{"jetpack_post_was_ever_published":false,"_jetpack_newsletter_access":"","_jetpack_dont_email_post_to_subs":false,"_jetpack_newsletter_tier_id":0,"_jetpack_memberships_contains_paywalled_content":false,"_jetpack_memberships_contains_paid_content":false,"footnotes":"","jetpack_publicize_message":"","jetpack_publicize_feature_enabled":true,"jetpack_social_post_already_shared":true,"jetpack_social_options":{"image_generator_settings":{"template":"highway","default_image_id":0,"font":"","enabled":false},"version":2}},"categories":[1],"tags":[1084,5276,5874,13173,3247,40495,34183,25892,1442],"class_list":["post-168736","post","type-post","status-publish","format-standard","has-post-thumbnail","hentry","category-genel","tag-dogal","tag-donustu","tag-fotograf","tag-gelincik","tag-golu","tag-sahilindeki","tag-studyosuna","tag-tarlalari","tag-van"],"jetpack_publicize_connections":[],"jetpack_featured_media_url":"https:\/\/i0.wp.com\/www.tvturk.com\/wp-content\/uploads\/2019\/06\/van-golu-sahilindeki-gelincik-tarlalari-dogal-fotograf-studyosuna-donustu_2b27a7a.jpg?fit=1000%2C667","jetpack_sharing_enabled":true,"jetpack_shortlink":"https:\/\/wp.me\/paKIfm-HTy","_links":{"self":[{"href":"http:\/\/www.tvturk.com\/index.php\/wp-json\/wp\/v2\/posts\/168736","targetHints":{"allow":["GET"]}}],"collection":[{"href":"http:\/\/www.tvturk.com\/index.php\/wp-json\/wp\/v2\/posts"}],"about":[{"href":"http:\/\/www.tvturk.com\/index.php\/wp-json\/wp\/v2\/types\/post"}],"author":[{"embeddable":true,"href":"http:\/\/www.tvturk.com\/index.php\/wp-json\/wp\/v2\/users\/1"}],"replies":[{"embeddable":true,"href":"http:\/\/www.tvturk.com\/index.php\/wp-json\/wp\/v2\/comments?post=168736"}],"version-history":[{"count":0,"href":"http:\/\/www.tvturk.com\/index.php\/wp-json\/wp\/v2\/posts\/168736\/revisions"}],"wp:featuredmedia":[{"embeddable":true,"href":"http:\/\/www.tvturk.com\/index.php\/wp-json\/wp\/v2\/media\/168737"}],"wp:attachment":[{"href":"http:\/\/www.tvturk.com\/index.php\/wp-json\/wp\/v2\/media?parent=168736"}],"wp:term":[{"taxonomy":"category","embeddable":true,"href":"http:\/\/www.tvturk.com\/index.php\/wp-json\/wp\/v2\/categories?post=168736"},{"taxonomy":"post_tag","embeddable":true,"href":"http:\/\/www.tvturk.com\/index.php\/wp-json\/wp\/v2\/tags?post=168736"}],"curies":[{"name":"wp","href":"https:\/\/api.w.org\/{rel}","templated":true}]}}