{"id":168746,"date":"2019-06-13T12:24:42","date_gmt":"2019-06-13T09:24:42","guid":{"rendered":"http:\/\/www.tvturk.com\/index.php\/losemiyi-yenen-emre-tavsanliya-tesekkur-etti\/"},"modified":"2019-06-13T12:24:42","modified_gmt":"2019-06-13T09:24:42","slug":"losemiyi-yenen-emre-tavsanliya-tesekkur-etti","status":"publish","type":"post","link":"http:\/\/www.tvturk.com\/index.php\/losemiyi-yenen-emre-tavsanliya-tesekkur-etti\/","title":{"rendered":"L\u00f6semiyi yenen Emre, Tav\u015fanl\u0131\u2019ya te\u015fekk\u00fcr etti"},"content":{"rendered":"<p>K\u00f6k h\u00fccre nakliyle l\u00f6semiyi yenen 9 ya\u015f\u0131ndaki Emre \u00c7atal, K\u00fctahya\u2019n\u0131n Tav\u015fanl\u0131 il\u00e7esine gelerek te\u015fekk\u00fcr ziyaretlerinde bulundu.<\/p>\n<p>\u0130zmir\u2019de ya\u015fayan \u00f6\u011fretmen \u00d6mer Faruk ve Aysen \u00c7atal \u00e7iftinin o\u011flu Emre\u2019ye Kas\u0131m 2017\u2019de l\u00f6semi te\u015fhisi konulmu\u015ftu. Don\u00f6r aray\u0131\u015f\u0131 s\u0131ras\u0131nda uygun 5 don\u00f6rden 4\u2019\u00fcne ula\u015f\u0131lamamas\u0131, di\u011ferinin ise vazge\u00e7mesi nedeniyle zor g\u00fcnler ya\u015fayan Emre\u2019ye en b\u00fcy\u00fck destek babas\u0131 \u00d6mer Faruk \u00c7atal\u2019\u0131n g\u00f6rev yapt\u0131\u011f\u0131 Tav\u015fanl\u0131 Anadolu Lisesi ve Cem Bakio\u011flu Anadolu Lisesi \u00f6\u011frencilerinden gelmi\u015fti. Emre, Antalya\u2019da yap\u0131lan operasyonla yar\u0131 uyumlu babas\u0131ndan al\u0131nan k\u00f6k h\u00fccre sayesinde l\u00f6semiyi yendi.<\/p>\n<p>K\u00f6k h\u00fccre nakliyle l\u00f6semiyi yenen 9 ya\u015f\u0131ndaki Emre \u00c7atal, anne ve babas\u0131yla Tav\u015fanl\u0131 Anadolu Lisesinde &#8220;don\u00f6r kampanyas\u0131&#8221; d\u00fczenleyen g\u00f6n\u00fcll\u00fc \u00f6\u011frencilerin okuluna vefa ziyaretinde bulundu. Emre \u00c7atal ayr\u0131ca daha \u00f6nce e\u011fitim g\u00f6rd\u00fc\u011f\u00fc Tav\u015fanl\u0131 Mehmet Tarhan \u0130lkokulunu ziyaret ederek arkada\u015flar\u0131 ile okul bah\u00e7esinde top oynad\u0131. Arkada\u015flar\u0131 ve \u00f6\u011fretmenleri ile sohbet ederek hasret gideren Emre, &#8220;Arkada\u015flar\u0131m\u0131, buralar\u0131 \u00e7ok \u00f6zlemi\u015ftim, sabrettim iyile\u015ftim ve tekrar buralara gelerek onlar\u0131 g\u00f6rd\u00fcm. Hi\u00e7 umudumu kesmemi\u015ftim. Bana destek olan herkese te\u015fekk\u00fcr ederim&#8221; dedi.<\/p>\n<p>Emre \u00c7atal, kendisi i\u00e7in kampanya d\u00fczenleyerek don\u00f6r olma \u00e7a\u011fr\u0131s\u0131nda bulunan g\u00f6n\u00fcll\u00fc \u00f6\u011frencileri ile K\u0131z\u0131lay Tav\u015fanl\u0131 \u015eubesini de ziyaret etti.<\/p>\n<p>\u00d6mer Faruk \u00c7atal ve e\u015fi Aysen \u00c7atal iyile\u015fen o\u011fullar\u0131 Emre ile Tav\u015fanl\u0131 K\u0131z\u0131lay \u015eubesi, Mehmet Tarhan \u0130lkokulu, Tav\u015fanl\u0131 Anadolu Lisesinin yan\u0131 s\u0131ra Tav\u015fanl\u0131 \u0130mam Hatip lisesi ve Tav\u015fanl\u0131 Atat\u00fcrk Anadolu Lisesini de ziyaret etti. Ayr\u0131ca Emre, \u0130l\u00e7e Milli E\u011fitim M\u00fcd\u00fcr\u00fc Salim Karabo\u011fa ile de g\u00f6r\u00fc\u015ft\u00fc.<\/p>\n<p>Baba \u00d6mer Faruk \u00c7atal ya\u015fad\u0131klar\u0131 s\u00fcreci anlatarak, ba\u011f\u0131\u015fta bulunan ve kendilerine destek veren herkese te\u015fekk\u00fcr etti. \u00c7atal, &#8220;\u00c7ok \u015f\u00fck\u00fcr benden al\u0131nan ilik k\u0131smen tuttu. Di\u011fer hastalara ve ailelere de dua ediyoruz. Emre 2 y\u0131ldan bu yana tedavi s\u00fcrecinde idi ve arkada\u015flar\u0131n\u0131 \u00f6zlemi\u015fti. \u00d6\u011fretmenlerini ve arkada\u015flar\u0131n\u0131 g\u00f6rmek istedi ve buraya geldik, \u00e7ok mutlu oldu onlarla oynad\u0131&#8221; diye konu\u015ftu.<\/p>\n<p>Emre \u00c7atal\u2019\u0131n eski \u00f6\u011fretmeni Tolga \u0130yido\u011fan ise &#8220;Bug\u00fcn s\u0131n\u0131f kap\u0131m\u0131z \u00e7ald\u0131\u011f\u0131nda bizim i\u00e7in b\u00fcy\u00fck s\u00fcrpriz oldu. Emre\u2019yi kar\u015f\u0131m\u0131zda g\u00f6rd\u00fck ve sa\u011fl\u0131\u011f\u0131na kavu\u015fmu\u015f \u015fekilde iyi g\u00f6rd\u00fck&#8221; dedi.<\/p>\n<p>Sa\u011fl\u0131\u011f\u0131na kavu\u015fan Emre \u00c7atal ise kendisi i\u00e7in d\u00fczenlenen kampanya s\u0131ras\u0131nda destek veren herkese te\u015fekk\u00fcr etti ve sa\u011fl\u0131\u011f\u0131na kavu\u015ftu\u011fu i\u00e7in \u00e7ok mutlu oldu\u011funu belirtti. Emre, g\u00f6n\u00fcll\u00fc ba\u011f\u0131\u015f\u00e7\u0131lar\u0131 da unutmad\u0131.<\/p>\n","protected":false},"excerpt":{"rendered":"<p>K\u00d6K H\u00dcCRE NAKL\u0130YLE L\u00d6SEM\u0130Y\u0130 YENEN 9 YA\u015eINDAK\u0130 EMRE \u00c7ATAL, K\u00dcTAHYA&#8217;NIN TAV\u015eANLI \u0130L\u00c7ES\u0130NE GELEREK TE\u015eEKK\u00dcR Z\u0130YARETLER\u0130NDE BULUNDU.<\/p>\n","protected":false},"author":1,"featured_media":168747,"comment_status":"closed","ping_status":"open","sticky":false,"template":"","format":"standard","meta":{"jetpack_post_was_ever_published":false,"_jetpack_newsletter_access":"","_jetpack_dont_email_post_to_subs":false,"_jetpack_newsletter_tier_id":0,"_jetpack_memberships_contains_paywalled_content":false,"_jetpack_memberships_contains_paid_content":false,"footnotes":"","jetpack_publicize_message":"","jetpack_publicize_feature_enabled":true,"jetpack_social_post_already_shared":true,"jetpack_social_options":{"image_generator_settings":{"template":"highway","default_image_id":0,"font":"","enabled":false},"version":2}},"categories":[1],"tags":[6360,207,40496,40497,379,29543],"class_list":["post-168746","post","type-post","status-publish","format-standard","has-post-thumbnail","hentry","category-genel","tag-emre","tag-etti","tag-losemiyi","tag-tavsanliya","tag-tesekkur","tag-yenen"],"jetpack_publicize_connections":[],"jetpack_featured_media_url":"https:\/\/i0.wp.com\/www.tvturk.com\/wp-content\/uploads\/2019\/06\/losemiyi-yenen-emre-tavsanliya-tesekkur-etti_8e327dc.jpg?fit=1000%2C664","jetpack_sharing_enabled":true,"jetpack_shortlink":"https:\/\/wp.me\/paKIfm-HTI","_links":{"self":[{"href":"http:\/\/www.tvturk.com\/index.php\/wp-json\/wp\/v2\/posts\/168746","targetHints":{"allow":["GET"]}}],"collection":[{"href":"http:\/\/www.tvturk.com\/index.php\/wp-json\/wp\/v2\/posts"}],"about":[{"href":"http:\/\/www.tvturk.com\/index.php\/wp-json\/wp\/v2\/types\/post"}],"author":[{"embeddable":true,"href":"http:\/\/www.tvturk.com\/index.php\/wp-json\/wp\/v2\/users\/1"}],"replies":[{"embeddable":true,"href":"http:\/\/www.tvturk.com\/index.php\/wp-json\/wp\/v2\/comments?post=168746"}],"version-history":[{"count":0,"href":"http:\/\/www.tvturk.com\/index.php\/wp-json\/wp\/v2\/posts\/168746\/revisions"}],"wp:featuredmedia":[{"embeddable":true,"href":"http:\/\/www.tvturk.com\/index.php\/wp-json\/wp\/v2\/media\/168747"}],"wp:attachment":[{"href":"http:\/\/www.tvturk.com\/index.php\/wp-json\/wp\/v2\/media?parent=168746"}],"wp:term":[{"taxonomy":"category","embeddable":true,"href":"http:\/\/www.tvturk.com\/index.php\/wp-json\/wp\/v2\/categories?post=168746"},{"taxonomy":"post_tag","embeddable":true,"href":"http:\/\/www.tvturk.com\/index.php\/wp-json\/wp\/v2\/tags?post=168746"}],"curies":[{"name":"wp","href":"https:\/\/api.w.org\/{rel}","templated":true}]}}