{"id":168774,"date":"2019-06-13T12:59:56","date_gmt":"2019-06-13T09:59:56","guid":{"rendered":"http:\/\/www.tvturk.com\/index.php\/hong-kongta-suclularin-iadesi-yasasi-askiya-alindi\/"},"modified":"2019-06-13T12:59:56","modified_gmt":"2019-06-13T09:59:56","slug":"hong-kongta-suclularin-iadesi-yasasi-askiya-alindi","status":"publish","type":"post","link":"http:\/\/www.tvturk.com\/index.php\/hong-kongta-suclularin-iadesi-yasasi-askiya-alindi\/","title":{"rendered":"Hong Kong\u2019ta su\u00e7lular\u0131n iadesi yasas\u0131 ask\u0131ya al\u0131nd\u0131"},"content":{"rendered":"<p>Hong Kong\u2019da su\u00e7lular\u0131n \u00c7in\u2019e iade edilmesinin \u00f6n\u00fcn\u00fc a\u00e7acak olan su\u00e7lu iade yasa tasar\u0131s\u0131n\u0131 protesto eden g\u00f6steriler ve polis aras\u0131nda ya\u015fanan \u00e7at\u0131\u015fman\u0131n ard\u0131ndan g\u00f6r\u00fc\u015fmelerin ask\u0131ya al\u0131nd\u0131\u011f\u0131 duyuruldu.<\/p>\n<p>Hong Kong\u2019da ya\u015fanan protestolar \u00fczerine su\u00e7lular\u0131n \u00c7in\u2019e iade edilmesinin \u00f6n\u00fcn\u00fc a\u00e7acak yasa tasar\u0131s\u0131n\u0131n g\u00f6r\u00fc\u015fmeleri ask\u0131ya al\u0131nd\u0131. \u00c7in\u2019in Hong Kong \u00d6zel \u0130dari B\u00f6lgesinde binlerce g\u00f6stericinin Yasama Meclisi LegCo binas\u0131n\u0131n etraf\u0131nda toplanarak binaya ula\u015f\u0131m\u0131n\u0131 d\u00fcn engellemesi \u00fczerine su\u00e7lular\u0131n iadesi yasas\u0131 ertelenmi\u015fti, bug\u00fcn tasar\u0131n\u0131n meclisteki g\u00f6r\u00fc\u015fmelerinin ask\u0131ya al\u0131nd\u0131\u011f\u0131 duyuruldu.<\/p>\n<p>Hong Kong\u2019da y\u00fcz binlerce ki\u015fi, kentteki su\u00e7lular\u0131n \u00c7in\u2019e iade edilmesinin \u00f6n\u00fcn\u00fc a\u00e7acak olan su\u00e7lu iade yasa tasar\u0131s\u0131n\u0131 protesto etmek i\u00e7in d\u00fcn sokaklara \u00e7\u0131km\u0131\u015ft\u0131. Polis ve g\u00f6stericiler aras\u0131nda ya\u015fanan \u00e7at\u0131\u015fmalarda en az 22 ki\u015fi yaralanm\u0131\u015ft\u0131. Polis, g\u00f6stericilere g\u00f6z ya\u015fart\u0131c\u0131 gaz, ger\u00e7ek mermi ve tazyikli su ile m\u00fcdahale etmi\u015f, binlerce g\u00f6stericinin Yasama Meclisi LegCo binas\u0131n\u0131n etraf\u0131nda toplanarak binaya ula\u015f\u0131m\u0131 engellemesi \u00fczerine su\u00e7lular\u0131n iadesi yasas\u0131 ertelenmi\u015fti.<\/p>\n<p>Hong Kong\u2019da su\u00e7lular\u0131n \u00c7in\u2019e iadesini kolayla\u015ft\u0131ran yasa tasar\u0131s\u0131na ili\u015fkin \u00f6neriler \u015eubat ay\u0131nda ba\u015flam\u0131\u015f 3 Nisan\u2019da meclise sunulmu\u015ftu. Yasa tasar\u0131s\u0131, su\u00e7lular\u0131n \u00c7in, \u00c7in\u2019in Makao \u00d6zel \u0130dari B\u00f6lgesi ve Tayvan\u2019a iadesini kolayla\u015ft\u0131racak. B\u00f6ylece gerekli g\u00f6r\u00fclen durumlarda su\u00e7lular Hong Kong\u2019dan istenebilecek. Yasa tasar\u0131s\u0131n\u0131n iptalini isteyen, \u00e7o\u011fu gen\u00e7lerden olu\u015fan Hong Kong\u2019lular protestolar sonucu yasa tasar\u0131s\u0131n\u0131n ask\u0131ya al\u0131nmas\u0131n\u0131 sa\u011flad\u0131.<\/p>\n<p>\u00d6te yandan \u00f6zel bir yap\u0131ya sahip Hong Kong iki sistem tek devlet yap\u0131s\u0131yla y\u00f6netiliyor. Hong Kong h\u00fck\u00fcmetine ait yasalar da bulunuyor.<\/p>\n","protected":false},"excerpt":{"rendered":"<p>HONG KONG\u2019DA SU\u00c7LULARIN \u00c7\u0130N\u2019E \u0130ADE ED\u0130LMES\u0130N\u0130N \u00d6N\u00dcN\u00dc A\u00c7ACAK OLAN SU\u00c7LU \u0130ADE YASA TASARISINI PROTESTO EDEN G\u00d6STER\u0130LER VE POL\u0130S ARASINDA YA\u015eANAN \u00c7ATI\u015eMANIN ARDINDAN G\u00d6R\u00dc\u015eMELER\u0130N ASKIYA ALINDI\u011eI DUYURULDU.<\/p>\n","protected":false},"author":1,"featured_media":168775,"comment_status":"closed","ping_status":"open","sticky":false,"template":"","format":"standard","meta":{"jetpack_post_was_ever_published":false,"_jetpack_newsletter_access":"","_jetpack_dont_email_post_to_subs":false,"_jetpack_newsletter_tier_id":0,"_jetpack_memberships_contains_paywalled_content":false,"_jetpack_memberships_contains_paid_content":false,"footnotes":"","jetpack_publicize_message":"","jetpack_publicize_feature_enabled":true,"jetpack_social_post_already_shared":true,"jetpack_social_options":{"image_generator_settings":{"template":"highway","default_image_id":0,"font":"","enabled":false},"version":2}},"categories":[10],"tags":[1014,35676,13822,14494,40503,40314,5408],"class_list":["post-168774","post","type-post","status-publish","format-standard","has-post-thumbnail","hentry","category-dunya","tag-alindi","tag-askiya","tag-hong","tag-iadesi","tag-kongta","tag-suclularin","tag-yasasi"],"jetpack_publicize_connections":[],"jetpack_featured_media_url":"https:\/\/i0.wp.com\/www.tvturk.com\/wp-content\/uploads\/2019\/06\/hong-kongta-suclularin-iadesi-yasasi-askiya-alindi_1141fd3.jpg?fit=1000%2C666","jetpack_sharing_enabled":true,"jetpack_shortlink":"https:\/\/wp.me\/paKIfm-HUa","_links":{"self":[{"href":"http:\/\/www.tvturk.com\/index.php\/wp-json\/wp\/v2\/posts\/168774","targetHints":{"allow":["GET"]}}],"collection":[{"href":"http:\/\/www.tvturk.com\/index.php\/wp-json\/wp\/v2\/posts"}],"about":[{"href":"http:\/\/www.tvturk.com\/index.php\/wp-json\/wp\/v2\/types\/post"}],"author":[{"embeddable":true,"href":"http:\/\/www.tvturk.com\/index.php\/wp-json\/wp\/v2\/users\/1"}],"replies":[{"embeddable":true,"href":"http:\/\/www.tvturk.com\/index.php\/wp-json\/wp\/v2\/comments?post=168774"}],"version-history":[{"count":0,"href":"http:\/\/www.tvturk.com\/index.php\/wp-json\/wp\/v2\/posts\/168774\/revisions"}],"wp:featuredmedia":[{"embeddable":true,"href":"http:\/\/www.tvturk.com\/index.php\/wp-json\/wp\/v2\/media\/168775"}],"wp:attachment":[{"href":"http:\/\/www.tvturk.com\/index.php\/wp-json\/wp\/v2\/media?parent=168774"}],"wp:term":[{"taxonomy":"category","embeddable":true,"href":"http:\/\/www.tvturk.com\/index.php\/wp-json\/wp\/v2\/categories?post=168774"},{"taxonomy":"post_tag","embeddable":true,"href":"http:\/\/www.tvturk.com\/index.php\/wp-json\/wp\/v2\/tags?post=168774"}],"curies":[{"name":"wp","href":"https:\/\/api.w.org\/{rel}","templated":true}]}}