{"id":168802,"date":"2019-06-13T13:37:27","date_gmt":"2019-06-13T10:37:27","guid":{"rendered":"http:\/\/www.tvturk.com\/index.php\/besiktasta-2016-yilinda-yasanan-teror-saldirisinin-failinin-yakalanmasi-sehit-babasinin-icini-ferahlatti\/"},"modified":"2019-06-13T13:37:27","modified_gmt":"2019-06-13T10:37:27","slug":"besiktasta-2016-yilinda-yasanan-teror-saldirisinin-failinin-yakalanmasi-sehit-babasinin-icini-ferahlatti","status":"publish","type":"post","link":"http:\/\/www.tvturk.com\/index.php\/besiktasta-2016-yilinda-yasanan-teror-saldirisinin-failinin-yakalanmasi-sehit-babasinin-icini-ferahlatti\/","title":{"rendered":"Be\u015fikta\u015f\u2019ta 2016 y\u0131l\u0131nda ya\u015fanan ter\u00f6r sald\u0131r\u0131s\u0131n\u0131n failinin yakalanmas\u0131 \u015fehit babas\u0131n\u0131n i\u00e7ini ferahlatt\u0131"},"content":{"rendered":"<p>\u0130stanbul Be\u015fikta\u015f\u2019ta Vodafone Park \u00e7evresinde 2016 y\u0131l\u0131nda d\u00fczenlenen bombal\u0131 sald\u0131r\u0131da \u015fehit d\u00fc\u015fen Bayburtlu polis memuru Muammer Ate\u015f\u2019in Trabzon\u2019da ya\u015fayan babas\u0131 Orhan Ate\u015f, sald\u0131r\u0131y\u0131 d\u00fczenleyen ter\u00f6ristlerden birinin yakalanmas\u0131yla i\u00e7inin ferahlad\u0131\u011f\u0131n\u0131 s\u00f6yledi.<\/p>\n<p>Be\u015fikta\u015f Vodafone Park Stadyumu \u00e7evresinde 10 Aral\u0131k 2016 tarihinde bombal\u0131 ter\u00f6r eylemi sald\u0131r\u0131s\u0131 d\u00fczenleyen ve 39 polis, 7 sivil vatanda\u015f\u0131n \u015fehit olmas\u0131na sebep olan ter\u00f6ristlerden birinin Hakkari\u2019de yakalanmas\u0131 \u015fehit polis memuru Muammer Ate\u015f\u2019in babas\u0131 Orhan Ate\u015f\u2019in i\u00e7ine ferahlatt\u0131.<\/p>\n<p>Trabzon Valisi \u0130smail Ustao\u011flu\u2019nu ziyaret ederek haberin ac\u0131lar\u0131n\u0131 bir nebze hafifletti\u011fini belirten Ate\u015f, Vali Ustao\u011flu\u2019nu o\u011flu i\u00e7in d\u00fczenlenecek mevlid merasimine davet etti. Devlete te\u015fekk\u00fcr etmek i\u00e7in Vali Ustao\u011flu\u2019nu ziyaret etti\u011fini dile getiren Ate\u015f, \u201cValimizi o\u011flumun mevlidine davet ettim. Katilin yakalanmas\u0131 bizim i\u00e7in bir ferahl\u0131kt\u0131r. O al\u00e7aklar\u0131 Cenab\u0131 Allah mahvetsin. Elini kolunu ba\u011flas\u0131n. Benim \u00e7ocu\u011fum gen\u00e7 ya\u015fta hayata g\u00f6zlerini yumdu. Bu olayda 200 ki\u015fiden fazla yaral\u0131 oldu. T\u00fcrkiye\u2019nin huzuru ka\u00e7\u0131ran PKK\u2019y\u0131 cenab\u0131 Allah mahvetsin. Bu kadar gence k\u0131y\u0131l\u0131r m\u0131? Al\u00e7ak\u00e7a bir sald\u0131r\u0131da benim \u00e7ocu\u011fum \u015fehit oldu. Cenab\u0131 Allah kimseye b\u00f6yle bir ac\u0131 vermesin. Benim \u00e7ocu\u011fum 26 ya\u015f\u0131nda hayat\u0131n\u0131n bahar\u0131nda g\u00f6zlerini yumdu\u201d ifadelerini kulland\u0131.<\/p>\n","protected":false},"excerpt":{"rendered":"<p>\u0130STANBUL BE\u015e\u0130KTA\u015e\u2019TA VODAFONE PARK \u00c7EVRES\u0130NDE 2016 YILINDA D\u00dcZENLENEN BOMBALI SALDIRIDA \u015eEH\u0130T D\u00dc\u015eEN POL\u0130S MEMURU MUAMMER ATE\u015e\u2019\u0130N BABASI ORHAN ATE\u015e, SALDIRIYI D\u00dcZENLEYEN TER\u00d6R\u0130STLERDEN B\u0130R\u0130N\u0130N YAKALANMASIYLA \u0130\u00c7\u0130N\u0130N FERAHLADI\u011eINI S\u00d6YLED\u0130.<\/p>\n","protected":false},"author":1,"featured_media":168803,"comment_status":"closed","ping_status":"open","sticky":false,"template":"","format":"standard","meta":{"jetpack_post_was_ever_published":false,"_jetpack_newsletter_access":"","_jetpack_dont_email_post_to_subs":false,"_jetpack_newsletter_tier_id":0,"_jetpack_memberships_contains_paywalled_content":false,"_jetpack_memberships_contains_paid_content":false,"footnotes":"","jetpack_publicize_message":"","jetpack_publicize_feature_enabled":true,"jetpack_social_post_already_shared":true,"jetpack_social_options":{"image_generator_settings":{"template":"highway","default_image_id":0,"font":"","enabled":false},"version":2}},"categories":[1],"tags":[33083,4582,3383,40510,40512,11679,14914,237,3990,40511,5775,6266],"class_list":["post-168802","post","type-post","status-publish","format-standard","has-post-thumbnail","hentry","category-genel","tag-33083","tag-babasinin","tag-besiktasta","tag-failinin","tag-ferahlatti","tag-icini","tag-saldirisinin","tag-sehit","tag-teror","tag-yakalanmasi","tag-yasanan","tag-yilinda"],"jetpack_publicize_connections":[],"jetpack_featured_media_url":"https:\/\/i0.wp.com\/www.tvturk.com\/wp-content\/uploads\/2019\/06\/besiktasta-2016-yilinda-yasanan-teror-saldirisinin-failinin-yakalanmasi-sehit-babasinin-icini-ferahlatti_162b47c.jpg?fit=1000%2C562","jetpack_sharing_enabled":true,"jetpack_shortlink":"https:\/\/wp.me\/paKIfm-HUC","_links":{"self":[{"href":"http:\/\/www.tvturk.com\/index.php\/wp-json\/wp\/v2\/posts\/168802","targetHints":{"allow":["GET"]}}],"collection":[{"href":"http:\/\/www.tvturk.com\/index.php\/wp-json\/wp\/v2\/posts"}],"about":[{"href":"http:\/\/www.tvturk.com\/index.php\/wp-json\/wp\/v2\/types\/post"}],"author":[{"embeddable":true,"href":"http:\/\/www.tvturk.com\/index.php\/wp-json\/wp\/v2\/users\/1"}],"replies":[{"embeddable":true,"href":"http:\/\/www.tvturk.com\/index.php\/wp-json\/wp\/v2\/comments?post=168802"}],"version-history":[{"count":0,"href":"http:\/\/www.tvturk.com\/index.php\/wp-json\/wp\/v2\/posts\/168802\/revisions"}],"wp:featuredmedia":[{"embeddable":true,"href":"http:\/\/www.tvturk.com\/index.php\/wp-json\/wp\/v2\/media\/168803"}],"wp:attachment":[{"href":"http:\/\/www.tvturk.com\/index.php\/wp-json\/wp\/v2\/media?parent=168802"}],"wp:term":[{"taxonomy":"category","embeddable":true,"href":"http:\/\/www.tvturk.com\/index.php\/wp-json\/wp\/v2\/categories?post=168802"},{"taxonomy":"post_tag","embeddable":true,"href":"http:\/\/www.tvturk.com\/index.php\/wp-json\/wp\/v2\/tags?post=168802"}],"curies":[{"name":"wp","href":"https:\/\/api.w.org\/{rel}","templated":true}]}}