{"id":168814,"date":"2019-06-13T13:54:20","date_gmt":"2019-06-13T10:54:20","guid":{"rendered":"http:\/\/www.tvturk.com\/index.php\/resimleri-fotograf-gercekliginde-ciziyor\/"},"modified":"2019-06-13T13:54:20","modified_gmt":"2019-06-13T10:54:20","slug":"resimleri-fotograf-gercekliginde-ciziyor","status":"publish","type":"post","link":"http:\/\/www.tvturk.com\/index.php\/resimleri-fotograf-gercekliginde-ciziyor\/","title":{"rendered":"Resimleri foto\u011fraf ger\u00e7ekli\u011finde \u00e7iziyor"},"content":{"rendered":"<p>Bursa\u2019da karakalem ile harika eserler ortaya koyan Hilal \u00c7ilesiz\u2019in foto\u011fraf ger\u00e7ekli\u011finde \u00e7izdi\u011fi eserler g\u00f6renleri \u015fa\u015f\u0131rt\u0131yor. T\u00fcrkiye\u2019de realist portre \u00e7izebilen az say\u0131daki ki\u015fiden biri olan \u00c7ilesiz\u2019in hi\u00e7bir detay\u0131 atlamadan ortaya \u00e7\u0131kard\u0131\u011f\u0131 \u00e7al\u0131\u015fmalar m\u00fckemmele g\u00f6z k\u0131rp\u0131yor.<\/p>\n<p>Bursa\u2019da do\u011fu\u015ftan gelen resim kabiliyetini kullanarak portre \u00e7izen ve d\u00fcnyaca \u00fcnl\u00fc ressam Salvador Dali\u2019yle ayn\u0131 g\u00fcn do\u011fan Hilal \u00c7ilesiz\u2019in \u00e7al\u0131\u015fmalar\u0131 g\u00f6renleri b\u00fcy\u00fcledi. T\u00fcrkiye\u2019de realist (ger\u00e7ek\u00e7i) portre \u00e7izebilen az say\u0131daki ki\u015fiden biri olan \u00c7ilesiz, \u00e7izimlerinde hi\u00e7bir detay\u0131 atlamad\u0131\u011f\u0131n\u0131 s\u00f6yledi. \u201cBenim i\u00e7in detay \u00e7ok \u00f6nemlidir. Ne kadar \u00e7ok detay o kadar m\u00fckemmel sonu\u00e7\u201d diyen \u00c7ilesiz, \u201cBir s\u00fcrrealist \u00e7al\u0131\u015fmada m\u00fckemmeliyet\u00e7ilik bekleyemezsiniz. O ki\u015finin kafas\u0131yla, hayal g\u00fcc\u00fcyle alakal\u0131d\u0131r. Ama realist \u00e7al\u0131\u015fma m\u00fckemmel olmak zorundas\u0131n\u0131z. O y\u00fczden ben detaylara \u00e7ok \u00f6nem veriyorum.  Teferruatla u\u011fra\u015fmak benim i\u00e7in bir terapi, hi\u00e7bir detay\u0131 atlam\u0131yorum\u201d ifadelerini kulland\u0131.<\/p>\n<p>&#8220;G\u00f6zden ba\u015fl\u0131yorum&#8221;<\/p>\n<p>Belli bir bedel kar\u015f\u0131l\u0131\u011f\u0131nda portre \u00e7izen \u00c7ilesiz, \u201cPortre sipari\u015fi veren m\u00fc\u015fteriden foto\u011fraf ya da foto\u011fraflar talep ediyorum. Ve i\u015fin en zevkli k\u0131sm\u0131 ba\u015fl\u0131yor. G\u00f6nderilen foto\u011fraflar aras\u0131nda bir tercih yap\u0131p, karakalem mi yoksa renkli \u00e7izim mi olmal\u0131 konusunda uzun uzun d\u00fc\u015f\u00fcn\u00fcyorum. Buna ben karar veriyorum. Daha sonra b\u00fct\u00fcn ayr\u0131nt\u0131lar\u0131, tabiri caizse ilmek ilmek i\u015fleyerek \u00e7al\u0131\u015fmam\u0131 tamaml\u0131yorum. \u00c7izime g\u00f6zden ba\u015fl\u0131yorum, g\u00f6zden ald\u0131\u011f\u0131m ifadeyi yakalad\u0131\u011f\u0131m an gerisi geliyor\u201d diye konu\u015ftu.  \u00c7ilesiz, yurt d\u0131\u015f\u0131ndan da sipari\u015fler ald\u0131\u011f\u0131n\u0131 s\u00f6zlerine ekledi.<\/p>\n<p>&#8220;Portreleri sosyal medyadan payla\u015f\u0131yorum&#8221;<\/p>\n<p>T\u00fcrkiye\u2019de bu konuda sanat\u0131n\u0131 icra eden \u00e7ok say\u0131da ki\u015fi oldu\u011funu belirten \u00c7ilesiz, \u201cParolam \u2018\u00f6zene bezene.\u2019 Kalemimdeki \u00f6zeni g\u00f6rebilen, frekans\u0131 yakalayabilen m\u00fc\u015fteri beni mutlaka buluyor. Bu konuda sosyal medya \u00e7ok \u00f6nemli. \u00c7izdi\u011fim portreleri sosyal medya hesaplar\u0131mdan payla\u015f\u0131yorum. Benim \u00e7izimleri be\u011fenip payla\u015fanlar, bir arkada\u015f\u0131n\u0131n karakalem portresini g\u00f6r\u00fcp tavsiye alanlar ve belirledi\u011fim fiyatlar\u0131n piyasaya g\u00f6re uygunlu\u011fu sayesinde kitlem g\u00fcn ge\u00e7tik\u00e7e art\u0131yor\u201d dedi.<\/p>\n","protected":false},"excerpt":{"rendered":"<p>BURSA\u2019DA KARAKALEM \u0130LE HAR\u0130KA ESERLER ORTAYA KOYAN H\u0130LAL \u00c7\u0130LES\u0130Z\u2019\u0130N FOTO\u011eRAF GER\u00c7EKL\u0130\u011e\u0130NDE \u00c7\u0130ZD\u0130\u011e\u0130 ESERLER, G\u00d6RENLER\u0130 B\u00dcY\u00dcL\u00dcYOR. T\u00dcRK\u0130YE\u2019DE REAL\u0130ST PORTRE \u00c7\u0130ZEB\u0130LEN AZ SAYIDAK\u0130 K\u0130\u015e\u0130DEN B\u0130R\u0130 OLAN \u00c7\u0130LES\u0130Z\u2019\u0130N H\u0130\u00c7B\u0130R DETAYI ATLAMADAN ORTAYA \u00c7IKARDI\u011eI \u00c7ALI\u015eMALAR, M\u00dcKEMMELE G\u00d6Z KIRPIYOR.<\/p>\n","protected":false},"author":1,"featured_media":168815,"comment_status":"closed","ping_status":"open","sticky":false,"template":"","format":"standard","meta":{"jetpack_post_was_ever_published":false,"_jetpack_newsletter_access":"","_jetpack_dont_email_post_to_subs":false,"_jetpack_newsletter_tier_id":0,"_jetpack_memberships_contains_paywalled_content":false,"_jetpack_memberships_contains_paid_content":false,"footnotes":"","jetpack_publicize_message":"","jetpack_publicize_feature_enabled":true,"jetpack_social_post_already_shared":true,"jetpack_social_options":{"image_generator_settings":{"template":"highway","default_image_id":0,"font":"","enabled":false},"version":2}},"categories":[656],"tags":[20377,5874,40522,20735],"class_list":["post-168814","post","type-post","status-publish","format-standard","has-post-thumbnail","hentry","category-kultur-sanat","tag-ciziyor","tag-fotograf","tag-gercekliginde","tag-resimleri"],"jetpack_publicize_connections":[],"jetpack_featured_media_url":"https:\/\/i0.wp.com\/www.tvturk.com\/wp-content\/uploads\/2019\/06\/resimleri-fotograf-gercekliginde-ciziyor_1270668.jpg?fit=667%2C1000","jetpack_sharing_enabled":true,"jetpack_shortlink":"https:\/\/wp.me\/paKIfm-HUO","_links":{"self":[{"href":"http:\/\/www.tvturk.com\/index.php\/wp-json\/wp\/v2\/posts\/168814","targetHints":{"allow":["GET"]}}],"collection":[{"href":"http:\/\/www.tvturk.com\/index.php\/wp-json\/wp\/v2\/posts"}],"about":[{"href":"http:\/\/www.tvturk.com\/index.php\/wp-json\/wp\/v2\/types\/post"}],"author":[{"embeddable":true,"href":"http:\/\/www.tvturk.com\/index.php\/wp-json\/wp\/v2\/users\/1"}],"replies":[{"embeddable":true,"href":"http:\/\/www.tvturk.com\/index.php\/wp-json\/wp\/v2\/comments?post=168814"}],"version-history":[{"count":0,"href":"http:\/\/www.tvturk.com\/index.php\/wp-json\/wp\/v2\/posts\/168814\/revisions"}],"wp:featuredmedia":[{"embeddable":true,"href":"http:\/\/www.tvturk.com\/index.php\/wp-json\/wp\/v2\/media\/168815"}],"wp:attachment":[{"href":"http:\/\/www.tvturk.com\/index.php\/wp-json\/wp\/v2\/media?parent=168814"}],"wp:term":[{"taxonomy":"category","embeddable":true,"href":"http:\/\/www.tvturk.com\/index.php\/wp-json\/wp\/v2\/categories?post=168814"},{"taxonomy":"post_tag","embeddable":true,"href":"http:\/\/www.tvturk.com\/index.php\/wp-json\/wp\/v2\/tags?post=168814"}],"curies":[{"name":"wp","href":"https:\/\/api.w.org\/{rel}","templated":true}]}}