{"id":168822,"date":"2019-06-13T13:58:17","date_gmt":"2019-06-13T10:58:17","guid":{"rendered":"http:\/\/www.tvturk.com\/index.php\/sanayi-ve-teknoloji-bakani-varank-microsoft-teknoloji-merkezinin-acilisina-katildi\/"},"modified":"2019-06-13T13:58:17","modified_gmt":"2019-06-13T10:58:17","slug":"sanayi-ve-teknoloji-bakani-varank-microsoft-teknoloji-merkezinin-acilisina-katildi","status":"publish","type":"post","link":"http:\/\/www.tvturk.com\/index.php\/sanayi-ve-teknoloji-bakani-varank-microsoft-teknoloji-merkezinin-acilisina-katildi\/","title":{"rendered":"Sanayi ve Teknoloji Bakan\u0131 Varank, Microsoft Teknoloji Merkezi\u2019nin a\u00e7\u0131l\u0131\u015f\u0131na kat\u0131ld\u0131"},"content":{"rendered":"<p>Microsoft Teknoloji Merkezi a\u00e7\u0131l\u0131\u015f\u0131nda konu\u015fan Sanayi ve Teknoloji Bakan\u0131 Mustafa Varank, \u201cBu merkezin payda\u015flarla beraber \u00f6n\u00fcm\u00fczdeki d\u00f6nemde 2.5 milyar TL de\u011fer olu\u015fturmas\u0131 beklenmesi de ayr\u0131ca ekonomimiz a\u00e7\u0131s\u0131ndan \u00f6nemlidir\u201d dedi.<\/p>\n<p>Sanayi ve Teknoloji Bakan\u0131 Mustafa Varank, Microsoft Teknoloji Merkezi a\u00e7\u0131l\u0131\u015f\u0131na kat\u0131ld\u0131. Be\u015fikta\u015f\u2019taki Microsoft &#8211; T\u00fcrkiye \u0130stanbul Ofisi\u2019nde ger\u00e7ekle\u015ftirilen a\u00e7\u0131l\u0131\u015fa Bakan Varank\u2019\u0131n yan\u0131 s\u0131ra Microsoft T\u00fcrkiye Genel M\u00fcd\u00fcr\u00fc Murat Kansu, Cumhurba\u015fkanl\u0131\u011f\u0131 Dijital D\u00f6n\u00fc\u015f\u00fcm Ofisi Ba\u015fkan\u0131 Dr. Ali Taha Ko\u00e7 ve \u00e7ok say\u0131da davetli kat\u0131ld\u0131. A\u00e7\u0131l\u0131\u015f kurdelesinin kesilmesinin ard\u0131ndan Bakan Varank, merkezi gezerek yap\u0131lan \u00e7al\u0131\u015fmalar hakk\u0131nda yetkililerden bilgi ald\u0131.<\/p>\n<p>\u201c2.5 milyar TL de\u011fer olu\u015fturmas\u0131 beklenmesi de ekonomimiz a\u00e7\u0131s\u0131ndan \u00f6nemlidir\u201d<\/p>\n<p>A\u00e7\u0131l\u0131\u015fta konu\u015fan Sanayi ve Teknoloji Bakan\u0131 Mustafa Varank, \u201cA\u00e7\u0131l\u0131\u015f\u0131n\u0131 yapt\u0131\u011f\u0131m\u0131z bu mekan\u0131n; Microsoft\u2019un Orta Do\u011fu ve Afrika b\u00f6lgesindeki ilk yeni nesil teknoloji merkezi olmas\u0131, bizler i\u00e7in ayr\u0131 bir \u00f6nem ta\u015f\u0131maktad\u0131r. Bu merkezin payda\u015flarla beraber \u00f6n\u00fcm\u00fczdeki d\u00f6nemde 2.5 milyar TL de\u011fer olu\u015fturmas\u0131 beklenmesi de ayr\u0131ca ekonomimiz a\u00e7\u0131s\u0131ndan \u00f6nemlidir. Tabi bir\u00e7ok T\u00fcrk firmas\u0131 da d\u00fcnya vitrininde boy g\u00f6stermek \u00fczere bu teknoloji merkezinde yerlerini alacak. Bir ba\u015fka deyi\u015fle, Microsoft, T\u00fcrk firmalar\u0131n\u0131n d\u00fcnyaya a\u00e7\u0131ld\u0131\u011f\u0131 pencerelere bir yenisini daha ekleyecek. Microsoft Teknoloji Merkezi\u2019nde; dijital d\u00f6n\u00fc\u015f\u00fcm\u00fcn, ak\u0131ll\u0131 \u00fcretim sistemlerinin ve yapay zeka \u00e7\u00f6z\u00fcmlerinin uygulamal\u0131 \u00f6rneklerini g\u00f6rece\u011fiz. Buras\u0131; tar\u0131m, \u00fcretim, sa\u011fl\u0131k, enerji, otomotiv, finans, perakende gibi farkl\u0131 sekt\u00f6rler i\u00e7in \u00fcretilen yeni nesil teknolojilerle i\u00e7 ve d\u0131\u015f piyasan\u0131n ihtiya\u00e7lar\u0131na cevap verecek. Ayr\u0131ca firmalar bu merkezde, nesnelerin interneti, ak\u0131ll\u0131 \u015fehirler ve evler, ba\u011flant\u0131l\u0131 fabrikalar, bili\u015fsel servisler, karma i\u00e7erik gibi gelecek nesil teknolojilerin anlat\u0131ld\u0131\u011f\u0131 150\u2019nin \u00fczerinde farkl\u0131 \u00e7\u00f6z\u00fcm\u00fc deneyimleme f\u0131rsat\u0131 bulacak. Ayn\u0131 zamanda bu merkez yerli Start-up\u2019lar\u0131n \u00e7\u00f6z\u00fcmler geli\u015ftirmelerine ve geli\u015ftirdikleri \u00e7\u00f6z\u00fcmleri d\u00fcnyaya tan\u0131tmalar\u0131na da ortam sa\u011flayacak\u201d diye konu\u015ftu.<\/p>\n<p>\u201cDijital d\u00fcnyan\u0131n f\u0131rsatlar\u0131n\u0131 sonuna kadar de\u011ferlendirece\u011fiz\u201d<\/p>\n<p>&#8220;T\u00fcrkiye; dijital d\u00f6n\u00fc\u015f\u00fcm s\u00fcreci ve yapay zeka temelli yeni teknolojiler alan\u0131nda yol haritas\u0131n\u0131 b\u00fcy\u00fck oranda belirlemi\u015f ve hedeflerine emin ad\u0131mlarla ilerlemektedir&#8221; diyerek konu\u015fmas\u0131na devam eden Varank, \u201cBiliyoruz ki hayat\u0131m\u0131z\u0131n neredeyse her alan\u0131nda varl\u0131\u011f\u0131n\u0131 g\u00fcn ge\u00e7tik\u00e7e artt\u0131ran dijitalle\u015fme, \u00e7ok b\u00fcy\u00fck bir de\u011fi\u015fim olman\u0131n \u00f6tesinde, kar\u015f\u0131 konulmaz bir d\u00f6n\u00fc\u015f\u00fcme de i\u015faret ediyor. Demir medeniyeti sona ererken, yerini dijital medeniyet dedi\u011fimiz yepyeni bir ger\u00e7eklik al\u0131yor. Bug\u00fcn geldi\u011fimiz noktada; hi\u00e7bir \u00fclkenin hatta hi\u00e7bir firman\u0131n bu ger\u00e7ekli\u011fe s\u0131rt\u0131n\u0131 d\u00f6nmek gibi bir l\u00fcks\u00fc yok. Biz de elbette bu yeni s\u00fcrece s\u0131rt\u0131m\u0131z\u0131 d\u00f6nmeyecek, bilakis, dijital d\u00fcnyan\u0131n f\u0131rsatlar\u0131n\u0131 sonuna kadar de\u011ferlendirece\u011fiz. T\u00fcrkiye olarak, dijital d\u00f6n\u00fc\u015f\u00fcm\u00fcn ve yapay zeka gibi yeni teknolojilerin \u201cmerkez \u00fclkelerinden\u201d biri olmak ad\u0131na t\u00fcm imkanlar\u0131m\u0131z\u0131 seferber edecek, gereken her t\u00fcrl\u00fc ad\u0131m\u0131 ataca\u011f\u0131z\u201d \u015feklinde konu\u015ftu.<\/p>\n<p>\u201cSanayimizin rotas\u0131n\u0131 da dijital d\u00f6n\u00fc\u015f\u00fcm olarak belirledik\u201d<\/p>\n<p>&#8220;Sanayimizin rotas\u0131n\u0131 da dijital d\u00f6n\u00fc\u015f\u00fcm olarak belirledik&#8221; diyerek konu\u015fmas\u0131n\u0131 s\u00fcrd\u00fcren Varank, \u201cT\u00fcrk sanayisinin ve ekonomisinin dijitalle\u015fme s\u00fcrecine uyumu noktas\u0131nda s\u00fcrekli bir yenilenme gayreti i\u00e7erisindeyiz. Sanayi ve Teknoloji Bakanl\u0131\u011f\u0131 olarak; teknoparklar\u0131m\u0131zdan Ar-Ge ve tasar\u0131m merkezlerimize, ak\u0131ll\u0131 fabrikalar\u0131m\u0131zdan, KOSGEB ve T\u00dcB\u0130TAK arac\u0131l\u0131\u011f\u0131yla sa\u011flad\u0131\u011f\u0131m\u0131z desteklere kadar, \u00e7ok geni\u015f bir alanda dijital d\u00fcnyadaki varl\u0131\u011f\u0131m\u0131z\u0131 s\u00fcrd\u00fcr\u00fcyoruz. Teknoparklar\u0131m\u0131zda, Ar-Ge ve Tasar\u0131m Merkezlerimizde yer alan firmalar\u0131m\u0131za ve giri\u015fimcilerimize, \u00f6nemli imkanlar sunuyoruz. Teknoparklar\u0131m\u0131zda yer alan 5 bin 300 firman\u0131n neredeyse yar\u0131ya yak\u0131n\u0131 bili\u015fim ve yaz\u0131l\u0131m sekt\u00f6r\u00fcnde faaliyet g\u00f6steriyor. \u00d6zellikle dijital d\u00f6n\u00fc\u015f\u00fcm\u00fcn\u00fc ger\u00e7ekle\u015ftirmek isteyen firmalar\u0131m\u0131z yine ilgili kurulu\u015fumuz KOSGEB arac\u0131l\u0131\u011f\u0131yla da \u00e7e\u015fitli desteklerden faydalan\u0131yor. Son 3 y\u0131lda, yaz\u0131l\u0131m sekt\u00f6r\u00fcnde yer alan 4 bin 600 i\u015fletmeye KOSGEB eliyle 81 milyon liral\u0131k destek sa\u011flad\u0131k\u201d ifadelerini kulland\u0131.<\/p>\n<p>&#8220;Dijital d\u00f6n\u00fc\u015f\u00fcm s\u00fcre\u00e7lerini ve yapay zeka uygulamalar\u0131 gibi yeni teknolojileri bir ger\u00e7eklik ve gereklilik olarak g\u00f6r\u00fcyoruz&#8221;<\/p>\n<p>&#8220;Dijital d\u00f6n\u00fc\u015f\u00fcm s\u00fcre\u00e7lerini ve yapay zeka uygulamalar\u0131 gibi yeni teknolojileri bir ger\u00e7eklik ve gereklilik olarak g\u00f6r\u00fcyoruz&#8221; diyen Sanayi ve Teknoloji Bakan\u0131 Mustafa Varank, \u201cAncak burada alt\u0131n\u0131 \u00f6zellikle \u00e7izmek istedi\u011fim bir husus var: Bunu ge\u00e7en hafta Dijital D\u00f6n\u00fc\u015f\u00fcm Ofisi Ba\u015fkan\u0131m\u0131z Ali Taha Ko\u00e7 bey ile birlikte kat\u0131ld\u0131\u011f\u0131m, G20 Dijital Ekonomi Bakanlar\u0131 Zirvesi\u2019nde de dile getirdim: Yapay zeka temelli teknolojiler kapsay\u0131c\u0131 b\u00fcy\u00fcmeyi, s\u00fcrd\u00fcr\u00fclebilir kalk\u0131nmay\u0131 ve k\u00fcresel refah\u0131 \u00f6ncelemeli, bir k\u0131s\u0131m geli\u015fmi\u015f \u00fclkelerin ya da b\u00fcy\u00fck firmalar\u0131n de\u011fil, b\u00fct\u00fcn insanl\u0131\u011f\u0131n \u00e7\u0131karlar\u0131na hizmet etmelidir. Bu noktada, ileri teknoloji ve yapay zeka uygulamalar\u0131n\u0131 salt bir tehdit olarak g\u00f6ren de\u011ferlendirmelere elbette kat\u0131lmamakla beraber bu geli\u015ftirme s\u00fcre\u00e7lerinin kontrols\u00fcz b\u0131rak\u0131lmamas\u0131 gerekti\u011fine inan\u0131yorum. Uzla\u015f\u0131ya dayal\u0131 bir olu\u015fumla, t\u00fcm d\u00fcnya \u00fclkelerinin destek ve \u00f6nerilerini sunaca\u011f\u0131 k\u00fcresel bir standartlar sistemi belirlendi\u011fi takdirde, dijitalle\u015fme \u00e7a\u011f\u0131m\u0131z\u0131n en b\u00fcy\u00fck f\u0131rsat\u0131 olacakt\u0131r. Bu alanda yap\u0131lan ara\u015ft\u0131rmalar bir anlamda 4\u2019\u00fcnc\u00fc sanayi devriminin temelini olu\u015fturan yapay zekan\u0131n, 2030 y\u0131l\u0131na kadar yerel ekonomileri y\u00fczde 26 oran\u0131nda b\u00fcy\u00fctece\u011fini, k\u00fcresel ekonomiye 15,7 trilyon dolarl\u0131k katk\u0131da bulunaca\u011f\u0131n\u0131 \u00f6ng\u00f6r\u00fcyor. Bug\u00fcn d\u00fcnyada teknolojiye dayal\u0131 meslekler i\u015f g\u00fcc\u00fcn\u00fcn y\u00fczde 50\u2019sini olu\u015ftururken, bu oran\u0131n \u00f6n\u00fcm\u00fczdeki 10 y\u0131lda y\u00fczde 75\u2019e \u00e7\u0131kmas\u0131 bekleniyor. \u00d6rne\u011fin, Microsoft\u2019un bir ara\u015ft\u0131rmas\u0131na g\u00f6re bulut bili\u015fim teknolojileri, 2022 y\u0131l\u0131na kadar T\u00fcrkiye\u2019de 112 bin ki\u015fiye yeni i\u015f imkanlar\u0131 sunacak\u201d diye konu\u015ftu.<\/p>\n<p>\u201cT\u00fcrkiye\u2019yi teknoloji \u00fcreten bir \u00fclke haline getirme yolculu\u011fumuzda \u0130stanbul\u2019a \u00f6zel bir \u00f6nem atfediyoruz\u201d<\/p>\n<p>T\u00fcrkiye\u2019yi teknoloji \u00fcreten bir \u00fclke haline getirme yolculu\u011funda \u0130stanbul\u2019a \u00f6zel bir \u00f6nem atfettiklerini vurgulayan Varank, \u201cBu \u015fehrin sundu\u011fu imkanlar, T\u00fcrkiye\u2019nin teknoloji \u00fcretimine \u00f6nemli bir ivme kazand\u0131racak. Turizmden sanata, finanstan e\u011fitime kadar, yaln\u0131zca T\u00fcrkiye\u2019nin de\u011fil bulundu\u011fu co\u011frafyan\u0131n da bir \u00e7ekim merkezi olan \u0130stanbul\u2019u teknolojinin de \u00e7ekim merkezi haline getirece\u011fiz. Tabi bunun i\u00e7in \u0130stanbul\u2019da yerel y\u00f6netimle tam bir uyum yakalamam\u0131z gerekiyor. Bu nedenle ayn\u0131 vizyonu payla\u015ft\u0131\u011f\u0131m\u0131z, \u0130stanbul B\u00fcy\u00fck\u015fehir Belediye Ba\u015fkan Aday\u0131m\u0131z Binali Y\u0131ld\u0131r\u0131m beyle, \u0130stanbul\u2019u teknolojinin merkezi yapma hedefimize \u00e7ok k\u0131sa s\u00fcrede ula\u015faca\u011f\u0131m\u0131za ben y\u00fcrekten inan\u0131yorum. Tabi bizim hedefimiz \u0130stanbul\u2019u bir teknoloji merkezi yapman\u0131n yan\u0131nda onu bir tekno-\u015fehir, ak\u0131ll\u0131 \u015fehir haline getirmektir. Buradan hareketle, ula\u015ft\u0131rmadan trafi\u011fe, g\u00fcvenlikten sa\u011fl\u0131k hizmetlerine uzanan ak\u0131ll\u0131 \u015fehir uygulamalar\u0131yla \u0130stanbullular\u0131n ya\u015fam\u0131n\u0131 kolayla\u015ft\u0131racak, \u015fehrimizi bu alanda \u00f6rnek g\u00f6sterilen bir metropol haline getirece\u011fiz. \u0130stanbul\u2019a ve \u0130stanbullulara yak\u0131\u015fan da budur\u201d \u015feklinde konu\u015ftu.<\/p>\n","protected":false},"excerpt":{"rendered":"<p>SANAY\u0130 VE TEKNOLOJ\u0130 BAKANI MUSTAFA VARANK, M\u0130CROSOFT TEKNOLOJ\u0130 MERKEZ\u0130\u2019N\u0130N A\u00c7ILI\u015eINA KATILDI<\/p>\n","protected":false},"author":1,"featured_media":168823,"comment_status":"closed","ping_status":"open","sticky":false,"template":"","format":"standard","meta":{"jetpack_post_was_ever_published":false,"_jetpack_newsletter_access":"","_jetpack_dont_email_post_to_subs":false,"_jetpack_newsletter_tier_id":0,"_jetpack_memberships_contains_paywalled_content":false,"_jetpack_memberships_contains_paid_content":false,"footnotes":"","jetpack_publicize_message":"","jetpack_publicize_feature_enabled":true,"jetpack_social_post_already_shared":true,"jetpack_social_options":{"image_generator_settings":{"template":"highway","default_image_id":0,"font":"","enabled":false},"version":2}},"categories":[1],"tags":[2755,933,1757,8472,24856,1167,341,2985],"class_list":["post-168822","post","type-post","status-publish","format-standard","has-post-thumbnail","hentry","category-genel","tag-acilisina","tag-bakani","tag-katildi","tag-merkezinin","tag-microsoft","tag-sanayi","tag-teknoloji","tag-varank"],"jetpack_publicize_connections":[],"jetpack_featured_media_url":"https:\/\/i0.wp.com\/www.tvturk.com\/wp-content\/uploads\/2019\/06\/sanayi-ve-teknoloji-bakani-varank-microsoft-teknoloji-merkezinin-acilisina-katildi_227532d.jpg?fit=1000%2C750","jetpack_sharing_enabled":true,"jetpack_shortlink":"https:\/\/wp.me\/paKIfm-HUW","_links":{"self":[{"href":"http:\/\/www.tvturk.com\/index.php\/wp-json\/wp\/v2\/posts\/168822","targetHints":{"allow":["GET"]}}],"collection":[{"href":"http:\/\/www.tvturk.com\/index.php\/wp-json\/wp\/v2\/posts"}],"about":[{"href":"http:\/\/www.tvturk.com\/index.php\/wp-json\/wp\/v2\/types\/post"}],"author":[{"embeddable":true,"href":"http:\/\/www.tvturk.com\/index.php\/wp-json\/wp\/v2\/users\/1"}],"replies":[{"embeddable":true,"href":"http:\/\/www.tvturk.com\/index.php\/wp-json\/wp\/v2\/comments?post=168822"}],"version-history":[{"count":0,"href":"http:\/\/www.tvturk.com\/index.php\/wp-json\/wp\/v2\/posts\/168822\/revisions"}],"wp:featuredmedia":[{"embeddable":true,"href":"http:\/\/www.tvturk.com\/index.php\/wp-json\/wp\/v2\/media\/168823"}],"wp:attachment":[{"href":"http:\/\/www.tvturk.com\/index.php\/wp-json\/wp\/v2\/media?parent=168822"}],"wp:term":[{"taxonomy":"category","embeddable":true,"href":"http:\/\/www.tvturk.com\/index.php\/wp-json\/wp\/v2\/categories?post=168822"},{"taxonomy":"post_tag","embeddable":true,"href":"http:\/\/www.tvturk.com\/index.php\/wp-json\/wp\/v2\/tags?post=168822"}],"curies":[{"name":"wp","href":"https:\/\/api.w.org\/{rel}","templated":true}]}}