{"id":168838,"date":"2019-06-13T14:09:04","date_gmt":"2019-06-13T11:09:04","guid":{"rendered":"http:\/\/www.tvturk.com\/index.php\/ozel-haber-hasan-hilmi-oksuz-kemal-ozdes-ile-anlasmaya-vardik\/"},"modified":"2019-06-13T14:09:04","modified_gmt":"2019-06-13T11:09:04","slug":"ozel-haber-hasan-hilmi-oksuz-kemal-ozdes-ile-anlasmaya-vardik","status":"publish","type":"post","link":"http:\/\/www.tvturk.com\/index.php\/ozel-haber-hasan-hilmi-oksuz-kemal-ozdes-ile-anlasmaya-vardik\/","title":{"rendered":"(\u00d6zel haber) Hasan Hilmi \u00d6ks\u00fcz: &#8220;Kemal \u00d6zde\u015f ile anla\u015fmaya vard\u0131k&#8221;"},"content":{"rendered":"<p>Kas\u0131mpa\u015fa Ba\u015fkan Vekili Hasan Hilmi \u00d6ks\u00fcz, Teknik Direkt\u00f6r Kemal \u00d6zde\u015f ile anla\u015fmaya var\u0131ld\u0131\u011f\u0131n\u0131 a\u00e7\u0131klad\u0131.<\/p>\n<p>Yeni sezon \u00f6ncesinde Kas\u0131mpa\u015fa, teknik direkt\u00f6r\u00fcn\u00fc buldu. Lacivert-beyazl\u0131lar, daha \u00f6nce de \u00e7al\u0131\u015ft\u0131\u011f\u0131 deneyimli teknik direkt\u00f6r Kemal \u00d6zde\u015f ile yeniden anla\u015fmaya vard\u0131\u011f\u0131n\u0131 a\u00e7\u0131klad\u0131. Kas\u0131mpa\u015fa Ba\u015fkan Vekili Hasan Hilmi \u00d6ks\u00fcz, konuyla ilgili \u0130hlas Haber Ajans\u0131 muhabirine a\u00e7\u0131klamalarda bulundu. \u00d6ks\u00fcz, s\u00f6zle\u015fmenin detay\u0131na ili\u015fkin bilgi vermeyerek, \u201cKemal \u00d6zde\u015f ile anla\u015fmaya var\u0131ld\u0131. S\u00f6zle\u015fmenin detaylar\u0131yla ilgili bilgi yok ama anla\u015fma do\u011frudur. Ba\u015fkan\u0131m\u0131z Turgay Ciner, Kemal Hoca ile anla\u015f\u0131ld\u0131\u011f\u0131n\u0131 s\u00f6yledi&#8221; \u015feklinde konu\u015ftu.<\/p>\n<p>Kas\u0131mpa\u015fa, Kemal \u00d6zde\u015f ile geride kalan sezonun 8. haftas\u0131nda yollar\u0131n\u0131 ay\u0131rm\u0131\u015ft\u0131. Ya\u015fanan ayr\u0131l\u0131\u011f\u0131n  ard\u0131ndan Pa\u015fa yola Mustafa Denizli ile devam ederken \u00d6zde\u015f de, ligin devre aras\u0131nda G\u00f6ztepe ile el s\u0131k\u0131\u015ft\u0131. Sar\u0131-k\u0131rm\u0131z\u0131l\u0131 ekipte 9 hafta g\u00f6revde kalan \u00d6zde\u015f, yeni sezon i\u00e7in Kas\u0131mpa\u015fa ile yeniden anla\u015fma sa\u011flad\u0131.<\/p>\n","protected":false},"excerpt":{"rendered":"<p>KASIMPA\u015eA BA\u015eKAN VEK\u0130L\u0130 HASAN H\u0130LM\u0130 \u00d6KS\u00dcZ, TEKN\u0130K D\u0130REKT\u00d6R KEMAL \u00d6ZDE\u015e \u0130LE ANLA\u015eMAYA VARILDI\u011eINI A\u00c7IKLADI.<\/p>\n","protected":false},"author":1,"featured_media":168839,"comment_status":"closed","ping_status":"open","sticky":false,"template":"","format":"standard","meta":{"jetpack_post_was_ever_published":false,"_jetpack_newsletter_access":"","_jetpack_dont_email_post_to_subs":false,"_jetpack_newsletter_tier_id":0,"_jetpack_memberships_contains_paywalled_content":false,"_jetpack_memberships_contains_paid_content":false,"footnotes":"","jetpack_publicize_message":"","jetpack_publicize_feature_enabled":true,"jetpack_social_post_already_shared":true,"jetpack_social_options":{"image_generator_settings":{"template":"highway","default_image_id":0,"font":"","enabled":false},"version":2}},"categories":[657],"tags":[1073,17030,1545,5846,4959,192,640,31305,14975,40531],"class_list":["post-168838","post","type-post","status-publish","format-standard","has-post-thumbnail","hentry","category-spor","tag-ozel","tag-anlasmaya","tag-haber","tag-hasan","tag-hilmi","tag-ile","tag-kemal","tag-oksuz","tag-ozdes","tag-vardik"],"jetpack_publicize_connections":[],"jetpack_featured_media_url":"https:\/\/i0.wp.com\/www.tvturk.com\/wp-content\/uploads\/2019\/06\/ozel-haber-hasan-hilmi-oksuz-kemal-ozdes-ile-anlasmaya-vardik_58ac2e4.jpg?fit=1000%2C666","jetpack_sharing_enabled":true,"jetpack_shortlink":"https:\/\/wp.me\/paKIfm-HVc","_links":{"self":[{"href":"http:\/\/www.tvturk.com\/index.php\/wp-json\/wp\/v2\/posts\/168838","targetHints":{"allow":["GET"]}}],"collection":[{"href":"http:\/\/www.tvturk.com\/index.php\/wp-json\/wp\/v2\/posts"}],"about":[{"href":"http:\/\/www.tvturk.com\/index.php\/wp-json\/wp\/v2\/types\/post"}],"author":[{"embeddable":true,"href":"http:\/\/www.tvturk.com\/index.php\/wp-json\/wp\/v2\/users\/1"}],"replies":[{"embeddable":true,"href":"http:\/\/www.tvturk.com\/index.php\/wp-json\/wp\/v2\/comments?post=168838"}],"version-history":[{"count":0,"href":"http:\/\/www.tvturk.com\/index.php\/wp-json\/wp\/v2\/posts\/168838\/revisions"}],"wp:featuredmedia":[{"embeddable":true,"href":"http:\/\/www.tvturk.com\/index.php\/wp-json\/wp\/v2\/media\/168839"}],"wp:attachment":[{"href":"http:\/\/www.tvturk.com\/index.php\/wp-json\/wp\/v2\/media?parent=168838"}],"wp:term":[{"taxonomy":"category","embeddable":true,"href":"http:\/\/www.tvturk.com\/index.php\/wp-json\/wp\/v2\/categories?post=168838"},{"taxonomy":"post_tag","embeddable":true,"href":"http:\/\/www.tvturk.com\/index.php\/wp-json\/wp\/v2\/tags?post=168838"}],"curies":[{"name":"wp","href":"https:\/\/api.w.org\/{rel}","templated":true}]}}