{"id":168842,"date":"2019-06-13T14:11:46","date_gmt":"2019-06-13T11:11:46","guid":{"rendered":"http:\/\/www.tvturk.com\/index.php\/yumurta-birakirken-yolunu-kaybeden-dev-caretta-caretta-kopeklerin-saldirisina-ugradi\/"},"modified":"2019-06-13T14:11:46","modified_gmt":"2019-06-13T11:11:46","slug":"yumurta-birakirken-yolunu-kaybeden-dev-caretta-caretta-kopeklerin-saldirisina-ugradi","status":"publish","type":"post","link":"http:\/\/www.tvturk.com\/index.php\/yumurta-birakirken-yolunu-kaybeden-dev-caretta-caretta-kopeklerin-saldirisina-ugradi\/","title":{"rendered":"Yumurta b\u0131rak\u0131rken yolunu kaybeden dev Caretta Caretta k\u00f6peklerin sald\u0131r\u0131s\u0131na u\u011frad\u0131"},"content":{"rendered":"<p>Antalya\u2019n\u0131n Manavgat il\u00e7esinde yolunu kaybeden caretta caretta, yolunu kaybedip sahilden uzakla\u015f\u0131nca sokak k\u00f6peklerinin sald\u0131r\u0131s\u0131na u\u011frad\u0131. Olduk\u00e7a b\u00fcy\u00fck olan caretta carettaya sald\u0131ran k\u00f6pekleri g\u00f6r\u00fcp uzakla\u015ft\u0131ran iki vatanda\u015f\u0131n  ihbar\u0131 \u00fczerine  olay yerine gelen itfaiye ekipleri, caretta carettay\u0131 araca  al\u0131p sahile g\u00f6t\u00fcrd\u00fc ve denizle bulu\u015fturdu.<\/p>\n<p>Yumurta b\u0131rakmak i\u00e7in geldi\u011fi Manavgat kum mevkii olarak bilinen b\u00f6lgede  yolunu kaybeden Manavgat Su Temin Projesi terfi istasyonu yak\u0131nlar\u0131nda k\u00f6peklerin sald\u0131r\u0131s\u0131na u\u011frayan caretta caretta, itfaiye ekiplerinin operasyonuyla denize b\u0131rak\u0131ld\u0131.<\/p>\n<p>Terfi istasyonu yak\u0131nlar\u0131nda bal\u0131k avlayan 2 duyarl\u0131 vatanda\u015f, k\u00f6peklerin s\u00fcrekli havlamalar\u0131 \u00fczerine geldiklerinde k\u00f6peklerin sahilden yakla\u015f\u0131k 100 metre mesafede kum tepesinin dibinde bir caretta carettaya sald\u0131rd\u0131\u011f\u0131n\u0131 g\u00f6rd\u00fc. K\u00f6pekleri uzakla\u015ft\u0131ran duyarl\u0131 vatanda\u015flar, caretta carettay\u0131 denize ula\u015ft\u0131rmak istese de a\u011f\u0131rl\u0131\u011f\u0131 sebebiyle ba\u015faramay\u0131nca 112\u2019yi arayarak durumu bildirdi.<\/p>\n<p>112\u2019ye gelen ihbar\u0131n ard\u0131ndan b\u00f6lgeye giden Antalya B\u00fcy\u00fck\u015fehir Belediyesi \u0130tfaiyesi kurtarma ekibi dev caretta carettay\u0131 battaniyeye sarmak suretiyle g\u00fc\u00e7l\u00fckle arac\u0131n kasas\u0131na ald\u0131. Ara\u00e7 ile dalgalar\u0131n yak\u0131n\u0131na kadar getirilen caretta caretta itfaiyeciler taraf\u0131ndan dalgalara kadar getirildikten sonra dalgalar aras\u0131nda g\u00f6zden kayboldu.<\/p>\n","protected":false},"excerpt":{"rendered":"<p>ANTALYA&#8217;NIN MANAVGAT \u0130L\u00c7ES\u0130NDE YOLUNU KAYBEDEN  CARETTA CARETTA YOLUNU KAYBED\u0130P SAH\u0130LDEN UZAKLA\u015eINCA SOKAK K\u00d6PEKLER\u0130N\u0130N SALDIRISINA U\u011eRADI. OLDUK\u00c7A B\u00dcY\u00dcK OLAN CARETTA CARETTAYA SALDIRAN K\u00d6PEKLER\u0130 G\u00d6R\u00dcP UZAKLA\u015eTIRAN \u0130K\u0130 VATANDA\u015eIN  \u0130HBARI \u00dcZER\u0130NE  OLAY YER\u0130NE GELEN \u0130TFA\u0130YE EK\u0130PLER\u0130, CARETTA CARETTAYI ARACA  ALIP SAH\u0130LE G\u00d6T\u00dcRD\u00dc VE DEN\u0130ZLE BULU\u015eTURDU.<\/p>\n","protected":false},"author":1,"featured_media":168843,"comment_status":"closed","ping_status":"open","sticky":false,"template":"","format":"standard","meta":{"jetpack_post_was_ever_published":false,"_jetpack_newsletter_access":"","_jetpack_dont_email_post_to_subs":false,"_jetpack_newsletter_tier_id":0,"_jetpack_memberships_contains_paywalled_content":false,"_jetpack_memberships_contains_paid_content":false,"footnotes":"","jetpack_publicize_message":"","jetpack_publicize_feature_enabled":true,"jetpack_social_post_already_shared":true,"jetpack_social_options":{"image_generator_settings":{"template":"highway","default_image_id":0,"font":"","enabled":false},"version":2}},"categories":[1],"tags":[40533,26539,3017,1211,4626,18157,23186,3767,16631],"class_list":["post-168842","post","type-post","status-publish","format-standard","has-post-thumbnail","hentry","category-genel","tag-birakirken","tag-caretta","tag-dev","tag-kaybeden","tag-kopeklerin","tag-saldirisina","tag-ugradi","tag-yolunu","tag-yumurta"],"jetpack_publicize_connections":[],"jetpack_featured_media_url":"https:\/\/i0.wp.com\/www.tvturk.com\/wp-content\/uploads\/2019\/06\/yumurta-birakirken-yolunu-kaybeden-dev-caretta-caretta-kopeklerin-saldirisina-ugradi_32849d2.jpg?fit=1000%2C666","jetpack_sharing_enabled":true,"jetpack_shortlink":"https:\/\/wp.me\/paKIfm-HVg","_links":{"self":[{"href":"http:\/\/www.tvturk.com\/index.php\/wp-json\/wp\/v2\/posts\/168842","targetHints":{"allow":["GET"]}}],"collection":[{"href":"http:\/\/www.tvturk.com\/index.php\/wp-json\/wp\/v2\/posts"}],"about":[{"href":"http:\/\/www.tvturk.com\/index.php\/wp-json\/wp\/v2\/types\/post"}],"author":[{"embeddable":true,"href":"http:\/\/www.tvturk.com\/index.php\/wp-json\/wp\/v2\/users\/1"}],"replies":[{"embeddable":true,"href":"http:\/\/www.tvturk.com\/index.php\/wp-json\/wp\/v2\/comments?post=168842"}],"version-history":[{"count":0,"href":"http:\/\/www.tvturk.com\/index.php\/wp-json\/wp\/v2\/posts\/168842\/revisions"}],"wp:featuredmedia":[{"embeddable":true,"href":"http:\/\/www.tvturk.com\/index.php\/wp-json\/wp\/v2\/media\/168843"}],"wp:attachment":[{"href":"http:\/\/www.tvturk.com\/index.php\/wp-json\/wp\/v2\/media?parent=168842"}],"wp:term":[{"taxonomy":"category","embeddable":true,"href":"http:\/\/www.tvturk.com\/index.php\/wp-json\/wp\/v2\/categories?post=168842"},{"taxonomy":"post_tag","embeddable":true,"href":"http:\/\/www.tvturk.com\/index.php\/wp-json\/wp\/v2\/tags?post=168842"}],"curies":[{"name":"wp","href":"https:\/\/api.w.org\/{rel}","templated":true}]}}