{"id":168868,"date":"2019-06-13T14:54:02","date_gmt":"2019-06-13T11:54:02","guid":{"rendered":"http:\/\/www.tvturk.com\/index.php\/seref-has-hayatini-kaybetti\/"},"modified":"2019-06-13T14:54:02","modified_gmt":"2019-06-13T11:54:02","slug":"seref-has-hayatini-kaybetti","status":"publish","type":"post","link":"http:\/\/www.tvturk.com\/index.php\/seref-has-hayatini-kaybetti\/","title":{"rendered":"\u015eeref Has hayat\u0131n\u0131 kaybetti"},"content":{"rendered":"<p>Fenerbah\u00e7e ve Milli Tak\u0131m\u2019\u0131n eski futbolcular\u0131ndan \u015eeref Has, 82 ya\u015f\u0131nda hayat\u0131n\u0131 kaybetti.<\/p>\n<p>Sar\u0131-lacivertli kul\u00fcpte 14 y\u0131l forma giyen eski milli futbolcu \u015eeref Has hayat\u0131n\u0131 kaybetti. Fenerbah\u00e7e Kul\u00fcb\u00fc\u2019nden yap\u0131lan a\u00e7\u0131klamada, &#8220;14 y\u0131l boyunca formam\u0131z\u0131 giyen ve kul\u00fcb\u00fcm\u00fczde y\u00f6neticilik g\u00f6revi de yapan 2996 numaral\u0131 Y\u00fcksek Divan Kurulu \u00fcyemiz eski milli futbolcu \u015eeref Has\u2019\u0131 kaybetmi\u015f olman\u0131n derin ac\u0131s\u0131n\u0131 ve \u00fcz\u00fcnt\u00fcs\u00fcn\u00fc ya\u015f\u0131yoruz. Fenerbah\u00e7emizin ve T\u00fcrk sporunun efsane ismi \u015eeref Has\u2019a Allah\u2019tan rahmet; de\u011ferli ailesi, sevenleri ve t\u00fcm camiam\u0131za ba\u015fsa\u011fl\u0131\u011f\u0131 dileriz&#8221; ifadelerine yer verildi.<\/p>\n<p>1955-69 y\u0131llar\u0131 aras\u0131nda Fenerbah\u00e7e formas\u0131yla \u00e7\u0131kt\u0131\u011f\u0131 605 ma\u00e7ta 168 gol kaydeden \u015eeref Has, 39 kez de A Milli Tak\u0131m formas\u0131n\u0131 giymi\u015fti. 5 defa T\u00fcrkiye Ligi, 2 defa \u0130stanbul Ligi \u015fampiyonlu\u011fu ya\u015fayan eski futbolcu; T\u00fcrkiye Kupas\u0131, Spor Toto Kupas\u0131, Cumhurba\u015fkanl\u0131\u011f\u0131 Kupas\u0131 ve Balkan Kupas\u0131 zaferlerinde de sar\u0131-lacivertli tak\u0131mda yer alm\u0131\u015ft\u0131.<\/p>\n","protected":false},"excerpt":{"rendered":"<p>FENERBAH\u00c7E VE M\u0130LL\u0130 TAKIM&#8217;IN ESK\u0130 FUTBOLCULARINDAN \u015eEREF HAS, 82 YA\u015eINDA HAYATINI KAYBETT\u0130.<\/p>\n","protected":false},"author":1,"featured_media":168869,"comment_status":"closed","ping_status":"open","sticky":false,"template":"","format":"standard","meta":{"jetpack_post_was_ever_published":false,"_jetpack_newsletter_access":"","_jetpack_dont_email_post_to_subs":false,"_jetpack_newsletter_tier_id":0,"_jetpack_memberships_contains_paywalled_content":false,"_jetpack_memberships_contains_paid_content":false,"footnotes":"","jetpack_publicize_message":"","jetpack_publicize_feature_enabled":true,"jetpack_social_post_already_shared":true,"jetpack_social_options":{"image_generator_settings":{"template":"highway","default_image_id":0,"font":"","enabled":false},"version":2}},"categories":[657],"tags":[24817,848,849,4554],"class_list":["post-168868","post","type-post","status-publish","format-standard","has-post-thumbnail","hentry","category-spor","tag-has","tag-hayatini","tag-kaybetti","tag-seref"],"jetpack_publicize_connections":[],"jetpack_featured_media_url":"https:\/\/i0.wp.com\/www.tvturk.com\/wp-content\/uploads\/2019\/06\/seref-has-hayatini-kaybetti_f66ddb7.jpg?fit=740%2C418","jetpack_sharing_enabled":true,"jetpack_shortlink":"https:\/\/wp.me\/paKIfm-HVG","_links":{"self":[{"href":"http:\/\/www.tvturk.com\/index.php\/wp-json\/wp\/v2\/posts\/168868","targetHints":{"allow":["GET"]}}],"collection":[{"href":"http:\/\/www.tvturk.com\/index.php\/wp-json\/wp\/v2\/posts"}],"about":[{"href":"http:\/\/www.tvturk.com\/index.php\/wp-json\/wp\/v2\/types\/post"}],"author":[{"embeddable":true,"href":"http:\/\/www.tvturk.com\/index.php\/wp-json\/wp\/v2\/users\/1"}],"replies":[{"embeddable":true,"href":"http:\/\/www.tvturk.com\/index.php\/wp-json\/wp\/v2\/comments?post=168868"}],"version-history":[{"count":0,"href":"http:\/\/www.tvturk.com\/index.php\/wp-json\/wp\/v2\/posts\/168868\/revisions"}],"wp:featuredmedia":[{"embeddable":true,"href":"http:\/\/www.tvturk.com\/index.php\/wp-json\/wp\/v2\/media\/168869"}],"wp:attachment":[{"href":"http:\/\/www.tvturk.com\/index.php\/wp-json\/wp\/v2\/media?parent=168868"}],"wp:term":[{"taxonomy":"category","embeddable":true,"href":"http:\/\/www.tvturk.com\/index.php\/wp-json\/wp\/v2\/categories?post=168868"},{"taxonomy":"post_tag","embeddable":true,"href":"http:\/\/www.tvturk.com\/index.php\/wp-json\/wp\/v2\/tags?post=168868"}],"curies":[{"name":"wp","href":"https:\/\/api.w.org\/{rel}","templated":true}]}}