{"id":168872,"date":"2019-06-13T15:01:07","date_gmt":"2019-06-13T12:01:07","guid":{"rendered":"http:\/\/www.tvturk.com\/index.php\/emir-kumbet-ve-6-bin-sehit-anildi\/"},"modified":"2019-06-13T15:01:07","modified_gmt":"2019-06-13T12:01:07","slug":"emir-kumbet-ve-6-bin-sehit-anildi","status":"publish","type":"post","link":"http:\/\/www.tvturk.com\/index.php\/emir-kumbet-ve-6-bin-sehit-anildi\/","title":{"rendered":"Emir K\u00fcmbet ve 6 bin \u015fehit an\u0131ld\u0131"},"content":{"rendered":"<p>T\u00fcrklerin Karadeniz\u2019e ilk giri\u015f kap\u0131s\u0131 olan Ordu\u2019nun Per\u015fembe Yaylas\u0131\u2019nda, 1105 y\u0131l\u0131nda Trabzon Rum Devleti\u2019ne kar\u015f\u0131 sava\u015f\u0131rken \u015fehit d\u00fc\u015fen Dani\u015fment Gazi\u2019nin komutan\u0131 Emir K\u00fcmbet ve 6 bin \u015fehit an\u0131ld\u0131.<\/p>\n<p>Ordu Gen\u00e7lik Hizmetleri ve Spor \u0130l M\u00fcd\u00fcrl\u00fc\u011f\u00fcnce Gen\u00e7lik ve Spor Bakanl\u0131\u011f\u0131 E\u011fitim, K\u00fclt\u00fcr ve Ara\u015ft\u0131rma Genel M\u00fcd\u00fcrl\u00fc\u011f\u00fcn\u00fcn deste\u011fi ile Ordu\u2019nun Aybast\u0131 il\u00e7esinde bin 500 rak\u0131ml\u0131 Per\u015fembe Yaylas\u0131\u2019nda, bin 105 y\u0131l\u0131nda Trabzon Rum Devleti\u2019ne kar\u015f\u0131 sava\u015f\u0131rken \u015fehit d\u00fc\u015fen Dani\u015fment Gazi\u2019nin komutan\u0131 Emir K\u00fcmbet ve 6 bin \u015fehidi anma program\u0131 d\u00fczenlendi. Sayg\u0131 duru\u015funda bulunulmas\u0131 ve \u0130stiklal Mar\u015f\u0131\u2019yla ba\u015flayan programda Kur\u2019an-\u0131 Kerim okundu.<\/p>\n<p>\u201cAtalar\u0131m\u0131z\u0131n en b\u00fcy\u00fck miras\u0131 bu topraklar\u201d<\/p>\n<p>Program\u0131n a\u00e7\u0131l\u0131\u015f konu\u015fmas\u0131n\u0131 yapan Ordu Gen\u00e7lik Hizmetleri ve Spor \u0130l M\u00fcd\u00fcr\u00fc Mustafa Gen\u00e7, \u201cBin y\u0131l \u00f6nce atalar\u0131m\u0131z bu topraklar\u0131 bize \u015fehit olarak b\u0131rakt\u0131. Bug\u00fcn de yine memleketin her taraf\u0131nda bir kar\u0131\u015f topra\u011f\u0131 dahi kimseye vermemek i\u00e7in gen\u00e7lerimiz memleketin her k\u00f6\u015fesinde n\u00f6bet tutuyor. Bu devletimizin ilelebet ya\u015fayaca\u011f\u0131n\u0131n m\u00fcjdesini veriyor. Bug\u00fcn de gen\u00e7lerimiz bu programa g\u00f6sterdikleri ilgi ile bunu bir kez daha g\u00f6stermi\u015f oldu. Bu vatan ilelebet bizimdir, bizim kalacak. Atalar\u0131m\u0131zdan bizlere en b\u00fcy\u00fck miras bu topraklar. Bu miras\u0131 ebediyetten ya\u015fataca\u011f\u0131z\u201d dedi.<\/p>\n<p>T\u00fcrklerin Karadeniz\u2019e giri\u015f kap\u0131s\u0131 olan Per\u015fembe Yaylas\u0131\u2019nda, bu program\u0131n 3\u2019\u00fcnc\u00fcs\u00fcn\u00fcn ger\u00e7ekle\u015ftirildi\u011fini belirten Gen\u00e7, \u201cB\u00fcy\u00fck komutan Dani\u015fment Gazi, Malazgirt Zaferi\u2019nde de Alparslan\u2019\u0131n askerlerinden ve komutanlar\u0131ndan en \u00f6nemli ki\u015fi. Burada T\u00fcrklerin Karadeniz\u2019e giri\u015f kap\u0131s\u0131nda yaralanarak \u015fehit d\u00fc\u015f\u00fcyor. Dolay\u0131s\u0131 ile bu miras\u0131 ya\u015fataca\u011f\u0131z\u201d diyerek, programa destek verenlere te\u015fekk\u00fcr etti.<\/p>\n<p>Programda konu\u015fan Vali Yard\u0131mc\u0131s\u0131 Adem \u00d6zt\u00fcrk, \u00fczerinde ya\u015fanan vatan\u0131n, \u015fehitlerin emaneti oldu\u011funu belirtti. Canlar\u0131n\u0131 bu vatan i\u00e7in feda edenlerin kutsal emanetine sahip \u00e7\u0131kacaklar\u0131n\u0131 belirten \u00d6zt\u00fcrk, \u015fehit olanlar\u0131 rahmetle and\u0131.<\/p>\n<p>At \u00fczerindeki akrobasi hareketleri ve \u015fovlar nefesleri kesti<\/p>\n<p>Yakla\u015f\u0131k 3 bin ki\u015finin kat\u0131l\u0131m sa\u011flad\u0131\u011f\u0131 g\u00f6steride, konu\u015fmalar\u0131n ard\u0131ndan, atl\u0131 ok\u00e7uluk ve geleneksel ok\u00e7uluk g\u00f6sterileri d\u00fczenlendi. D\u00fcnya \u015fampiyonu ve ayn\u0131 zamanda Bal\u0131kesir Ak\u0131nc\u0131lar\u0131 Atl\u0131 Ok\u00e7uluk ve Sava\u015f Sanatlar\u0131 Kul\u00fcb\u00fc Ba\u015fkan\u0131 M. Enis Yurdak\u00f6k\u2019\u00fcn de g\u00f6steri yapt\u0131\u011f\u0131 etkinlikte heyecan dolu dakikalar ya\u015fand\u0131. Kat\u0131l\u0131mc\u0131lar\u0131n b\u00fcy\u00fck be\u011fenisi toplayan etkinlikte at \u00fczerinde akrobasi, at \u00fczerinde ok atma ve at \u00fczerinde karpuz kesme g\u00f6sterileri de heyecan\u0131 artt\u0131rd\u0131.<\/p>\n","protected":false},"excerpt":{"rendered":"<p>T\u00dcRKLER\u0130N KARADEN\u0130Z\u2019E \u0130LK G\u0130R\u0130\u015e KAPISI OLAN ORDU\u2019NUN PER\u015eEMBE YAYLASI\u2019NDA, B\u0130N 105 YILINDA TRABZON RUM DEVLET\u0130\u2019NE KAR\u015eI SAVA\u015eIRKEN \u015eEH\u0130T D\u00dc\u015eEN DAN\u0130\u015eMENT GAZ\u0130\u2019N\u0130N KOMUTANI EM\u0130R K\u00dcMBET VE ALTI B\u0130N \u015eEH\u0130T ANILDI.<\/p>\n","protected":false},"author":1,"featured_media":168873,"comment_status":"closed","ping_status":"open","sticky":false,"template":"","format":"standard","meta":{"jetpack_post_was_ever_published":false,"_jetpack_newsletter_access":"","_jetpack_dont_email_post_to_subs":false,"_jetpack_newsletter_tier_id":0,"_jetpack_memberships_contains_paywalled_content":false,"_jetpack_memberships_contains_paid_content":false,"footnotes":"","jetpack_publicize_message":"","jetpack_publicize_feature_enabled":true,"jetpack_social_post_already_shared":true,"jetpack_social_options":{"image_generator_settings":{"template":"highway","default_image_id":0,"font":"","enabled":false},"version":2}},"categories":[656],"tags":[241,213,40540,12225,237],"class_list":["post-168872","post","type-post","status-publish","format-standard","has-post-thumbnail","hentry","category-kultur-sanat","tag-anildi","tag-bin","tag-emir","tag-kumbet","tag-sehit"],"jetpack_publicize_connections":[],"jetpack_featured_media_url":"https:\/\/i0.wp.com\/www.tvturk.com\/wp-content\/uploads\/2019\/06\/emir-kumbet-ve-6-bin-sehit-anildi_8cce2e2.jpg?fit=1000%2C730","jetpack_sharing_enabled":true,"jetpack_shortlink":"https:\/\/wp.me\/paKIfm-HVK","_links":{"self":[{"href":"http:\/\/www.tvturk.com\/index.php\/wp-json\/wp\/v2\/posts\/168872","targetHints":{"allow":["GET"]}}],"collection":[{"href":"http:\/\/www.tvturk.com\/index.php\/wp-json\/wp\/v2\/posts"}],"about":[{"href":"http:\/\/www.tvturk.com\/index.php\/wp-json\/wp\/v2\/types\/post"}],"author":[{"embeddable":true,"href":"http:\/\/www.tvturk.com\/index.php\/wp-json\/wp\/v2\/users\/1"}],"replies":[{"embeddable":true,"href":"http:\/\/www.tvturk.com\/index.php\/wp-json\/wp\/v2\/comments?post=168872"}],"version-history":[{"count":0,"href":"http:\/\/www.tvturk.com\/index.php\/wp-json\/wp\/v2\/posts\/168872\/revisions"}],"wp:featuredmedia":[{"embeddable":true,"href":"http:\/\/www.tvturk.com\/index.php\/wp-json\/wp\/v2\/media\/168873"}],"wp:attachment":[{"href":"http:\/\/www.tvturk.com\/index.php\/wp-json\/wp\/v2\/media?parent=168872"}],"wp:term":[{"taxonomy":"category","embeddable":true,"href":"http:\/\/www.tvturk.com\/index.php\/wp-json\/wp\/v2\/categories?post=168872"},{"taxonomy":"post_tag","embeddable":true,"href":"http:\/\/www.tvturk.com\/index.php\/wp-json\/wp\/v2\/tags?post=168872"}],"curies":[{"name":"wp","href":"https:\/\/api.w.org\/{rel}","templated":true}]}}