{"id":168890,"date":"2019-06-13T15:21:35","date_gmt":"2019-06-13T12:21:35","guid":{"rendered":"http:\/\/www.tvturk.com\/index.php\/vodafone-park-saldirisinin-failinin-yakalanmasi\/"},"modified":"2019-06-13T15:21:35","modified_gmt":"2019-06-13T12:21:35","slug":"vodafone-park-saldirisinin-failinin-yakalanmasi","status":"publish","type":"post","link":"http:\/\/www.tvturk.com\/index.php\/vodafone-park-saldirisinin-failinin-yakalanmasi\/","title":{"rendered":"Vodafone Park sald\u0131r\u0131s\u0131n\u0131n failinin yakalanmas\u0131"},"content":{"rendered":"<p>\u0130stanbul Vodafone Park \u00e7evresinde 2016 y\u0131l\u0131nda 39\u2019u polis 46 ki\u015finin \u015fehit edildi\u011fi bombal\u0131 sald\u0131r\u0131y\u0131 d\u00fczenleyen ter\u00f6ristlerden biri Hakkari\u2019de yakalanmas\u0131 sonras\u0131 ayn\u0131 sald\u0131r\u0131da o\u011flunu \u015fehit veren Erdal Karakurdu, sald\u0131rganlar\u0131 g\u00f6rmenin kendisine ac\u0131 vermekten ba\u015fka bir \u015fey ifade etmedi\u011fini s\u00f6yledi.<\/p>\n<p>\u0130stanbul\u2019da 2016 y\u0131l\u0131nda Vodafone Park \u00e7evresinde ya\u015fanan bombal\u0131 sald\u0131r\u0131da 39\u2019u polis toplam 46 ki\u015fi hayat\u0131n\u0131 kaybetmi\u015fti. Ayn\u0131 sald\u0131r\u0131da Karadeniz Ere\u011flili Emniyet M\u00fcd\u00fcr\u00fc Vefa Karakurdu da \u015fehit olmu\u015ftu. Bombal\u0131 sald\u0131r\u0131n\u0131n faillerinden Mesut Bakar d\u00fcn g\u00fcvenlik g\u00fc\u00e7leri taraf\u0131ndan yap\u0131lan operasyonla Hakkari\u2019de yakalanm\u0131\u015ft\u0131.<\/p>\n<p>Sald\u0131rgan\u0131n yakalanmas\u0131 ile ilgili olarak konu\u015fan \u015eehit Emniyet M\u00fcd\u00fcr\u00fc Vefa Karakurdu\u2019nun babas\u0131 emekli emniyet m\u00fcd\u00fcr\u00fc Erdal Karakurdu, sald\u0131rganlar\u0131 g\u00f6rmenin kendisine ac\u0131 verdi\u011fini dile getirdi. Karakurdu, &#8220;Bu bana 4 ki\u015fi Silivri haricinde ikinci olarak bende d\u00fcn gazetelerden okudum, \u00f6\u011frendim. Benim i\u00e7in bir \u00f6nemi yok. Bu da\u011fda yeti\u015fmi\u015f vicdans\u0131z insanlar\u0131 ne g\u00f6rmek isterim nede takip ederim. Ne yapacaklar, m\u00fcebbet hapis verecekler, devlet \u00f6l\u00fcnceye kadar bakacak. Ne suratlar\u0131n\u0131 g\u00f6rmek isterim, ne giderim. Benim ac\u0131m zaten kendime yetiyor. Onlar\u0131 g\u00f6rmek bana tekrar ac\u0131 vermekten ba\u015fka bir \u015fey de\u011fil. Baz\u0131 \u015feyler var unutulmaz kalbimizdedir. \u0130ki tane evlat kaybettim. Kolay bir \u015fey de\u011fil. Her zaman an\u0131s\u0131 i\u00e7imizde. Kabristan ziyaretinizi yap\u0131yoruz. Her Cuma ak\u015fam\u0131 okuyoruz. Ruhu \u015fad olsun. Sevindi\u011fim ve iftihar etti\u011fim bir \u015fey varsa oda \u015fehit babas\u0131 olarak bulunmam ve onu y\u00e2d etmem. \u0130ki evlad\u0131m\u0131z\u0131 da bu \u015fekilde an\u0131yoruz e\u015fimle ben. Yapacak bir \u015fey yok, hayat devam ediyor\u201d dedi.<\/p>\n","protected":false},"excerpt":{"rendered":"<p>\u015eEH\u0130T EMN\u0130YET M\u00dcD\u00dcR\u00dc VEFA KARAKURDU\u2019NUN BABASI EMEKL\u0130 EMN\u0130YET M\u00dcD\u00dcR\u00dc ERDAL KARAKURDU, SALDIRGANLARI G\u00d6RMEN\u0130N KEND\u0130S\u0130NE ACI VERD\u0130\u011e\u0130N\u0130 D\u0130LE GET\u0130RD\u0130.<\/p>\n","protected":false},"author":1,"featured_media":168891,"comment_status":"closed","ping_status":"open","sticky":false,"template":"","format":"standard","meta":{"jetpack_post_was_ever_published":false,"_jetpack_newsletter_access":"","_jetpack_dont_email_post_to_subs":false,"_jetpack_newsletter_tier_id":0,"_jetpack_memberships_contains_paywalled_content":false,"_jetpack_memberships_contains_paid_content":false,"footnotes":"","jetpack_publicize_message":"","jetpack_publicize_feature_enabled":true,"jetpack_social_post_already_shared":true,"jetpack_social_options":{"image_generator_settings":{"template":"highway","default_image_id":0,"font":"","enabled":false},"version":2}},"categories":[1],"tags":[40510,673,14914,10751,40511],"class_list":["post-168890","post","type-post","status-publish","format-standard","has-post-thumbnail","hentry","category-genel","tag-failinin","tag-park","tag-saldirisinin","tag-vodafone","tag-yakalanmasi"],"jetpack_publicize_connections":[],"jetpack_featured_media_url":"https:\/\/i0.wp.com\/www.tvturk.com\/wp-content\/uploads\/2019\/06\/vodafone-park-saldirisinin-failinin-yakalanmasi_8638c6f.jpg?fit=1000%2C666","jetpack_sharing_enabled":true,"jetpack_shortlink":"https:\/\/wp.me\/paKIfm-HW2","_links":{"self":[{"href":"http:\/\/www.tvturk.com\/index.php\/wp-json\/wp\/v2\/posts\/168890","targetHints":{"allow":["GET"]}}],"collection":[{"href":"http:\/\/www.tvturk.com\/index.php\/wp-json\/wp\/v2\/posts"}],"about":[{"href":"http:\/\/www.tvturk.com\/index.php\/wp-json\/wp\/v2\/types\/post"}],"author":[{"embeddable":true,"href":"http:\/\/www.tvturk.com\/index.php\/wp-json\/wp\/v2\/users\/1"}],"replies":[{"embeddable":true,"href":"http:\/\/www.tvturk.com\/index.php\/wp-json\/wp\/v2\/comments?post=168890"}],"version-history":[{"count":0,"href":"http:\/\/www.tvturk.com\/index.php\/wp-json\/wp\/v2\/posts\/168890\/revisions"}],"wp:featuredmedia":[{"embeddable":true,"href":"http:\/\/www.tvturk.com\/index.php\/wp-json\/wp\/v2\/media\/168891"}],"wp:attachment":[{"href":"http:\/\/www.tvturk.com\/index.php\/wp-json\/wp\/v2\/media?parent=168890"}],"wp:term":[{"taxonomy":"category","embeddable":true,"href":"http:\/\/www.tvturk.com\/index.php\/wp-json\/wp\/v2\/categories?post=168890"},{"taxonomy":"post_tag","embeddable":true,"href":"http:\/\/www.tvturk.com\/index.php\/wp-json\/wp\/v2\/tags?post=168890"}],"curies":[{"name":"wp","href":"https:\/\/api.w.org\/{rel}","templated":true}]}}