{"id":168908,"date":"2019-06-13T15:42:20","date_gmt":"2019-06-13T12:42:20","guid":{"rendered":"http:\/\/www.tvturk.com\/index.php\/osmanli-harasina-osmanli-padisahinin-ismi\/"},"modified":"2019-06-13T15:42:20","modified_gmt":"2019-06-13T12:42:20","slug":"osmanli-harasina-osmanli-padisahinin-ismi","status":"publish","type":"post","link":"http:\/\/www.tvturk.com\/index.php\/osmanli-harasina-osmanli-padisahinin-ismi\/","title":{"rendered":"Osmanl\u0131 haras\u0131na Osmanl\u0131 padi\u015fah\u0131n\u0131n ismi"},"content":{"rendered":"<p>Sivas\u2019ta dev projeye Osmanl\u0131 Devletinin son padi\u015fahlar\u0131ndan Sultan Abd\u00fclhamit Han\u2019\u0131n isminin verilmesi d\u00fc\u015f\u00fcn\u00fcl\u00fcyor.<\/p>\n<p>Sivas\u2019ta Osmanl\u0131 d\u00f6neminde hara olarak kullan\u0131lan ve saraya at yeti\u015ftiren tarihi hara, 244 bin metrekarelik arazisi i\u00e7erisinde kalan tescilli binalar\u0131n restorasyonunun ard\u0131ndan geli\u015ftirilen proje ile asl\u0131na uygun olarak modernize edilip \u00e7ok ama\u00e7l\u0131 olarak hizmete al\u0131nacak.<\/p>\n<p>\u0130\u00e7inde G\u00f6k Bilim Evi olacak<\/p>\n<p>Sivas Valisi Salip Ayhan bug\u00fcn kalabal\u0131k bir heyetle hara b\u00f6lgesinde devam eden Sivas Geleneksel Ata Sporlar\u0131 Eko Turizm Vadisi proje \u00e7al\u0131\u015fmalar\u0131 yerinde inceledi.  Ayhan burada yapt\u0131\u011f\u0131 a\u00e7\u0131klamada, projenin i\u00e7erisinde birde G\u00f6k Bilim Evi yer alaca\u011f\u0131n\u0131n alt\u0131n\u0131 \u00e7izip, \u201cBuras\u0131 \u015fehrimize \u00e7ok imaj katacak. \u00d6rnek olacak bir proje ve uzun soluklu bir y\u00fcr\u00fcy\u00fc\u015f. Buras\u0131 ya\u015fanm\u0131\u015fl\u0131\u011f\u0131yla, hikayesi ile ge\u00e7mi\u015fiyle \u00e7ok anlaml\u0131 bir yer.  Osmanl\u0131 d\u00f6neminde at yeti\u015ftirilmi\u015f haralar b\u00f6lgesi olarak bilinen ve \u00f6rne\u011fi olarak da az kalm\u0131\u015f yerlerden birisi. Dolay\u0131s\u0131yla buray\u0131 hem ge\u00e7mi\u015fiyle hem ya\u015fanm\u0131\u015fl\u0131\u011f\u0131yla g\u00fcn y\u00fcz\u00fcne \u00e7\u0131karmak hem de \u015fehrimizin gerek ekonomisiyle gerek ticaretiyle gerek k\u00fclt\u00fcr\u00fc ile gerek sosyal hizmetleriyle sosyal y\u00f6n\u00fcyle g\u00fc\u00e7l\u00fc olacak. Gerekse geleneksel ata sporlar\u0131n\u0131 ya\u015fatmak ad\u0131na bir \u00e7ok fonksiyonu bir arada tercih etmi\u015f olaca\u011f\u0131z. 244 bin metre kare bir alan b\u00f6yle bir bakir alan illerimizde yok denilecek kadar az. Belki de ge\u00e7 kalm\u0131\u015f olmas\u0131 \u00fcz\u00fcnt\u00fc vericidir ama bana g\u00f6re ge\u00e7 kalm\u0131\u015f olmas\u0131 bir \u015fans. Ni\u00e7in, yeni d\u00f6nemin ruhuna ve konseptine uygun bir \u015fekilde buray\u0131 tanzim edece\u011fiz. Her gelen tarihi g\u00f6recek. Buna ilaveten de zaman\u0131n ruhuna uygun bir \u015fekilde gerek organik pazar\u0131yla gerek kamp alanlar\u0131yla gerek minya Sivass\u0131yla g\u00f6ze ho\u015f gelen g\u00f6rseli \u00e7ok g\u00fczel bir yer olacak ve birde buraya g\u00f6k bilim evi yani bir e\u011fitim yuvas\u0131 olsun. Yaz\u0131n ve k\u0131\u015f\u0131nda \u00e7ok etkin ve aktif bir \u015fekilde kullan\u0131lan bir yer olsun\u201d dedi.<\/p>\n<p>Sultan Abd\u00fclhamit Han\u2019in isminin verilmesi d\u00fc\u015f\u00fcn\u00fcl\u00fcyor<\/p>\n<p>Ayhan, projenin isminin Sultan Abd\u00fclhamit Han olarak de\u011fi\u015ftirilmesinin d\u00fc\u015f\u00fcn\u00fcld\u00fc\u011f\u00fcn\u00fc belirterek, \u201c\u015eu an projenin ad\u0131 Sivas Geleneksel Ata Sporlar\u0131 Eko Turizm Vadisi. Ancak ilerleyen d\u00f6nemlerde buraya k\u0131sa ve \u00f6z bir isim d\u00fc\u015f\u00fcn\u00fcyoruz. Yapt\u0131\u011f\u0131m\u0131z isti\u015farelerde \u00f6ne \u00e7\u0131kan bir isim var. Sultan Abd\u00fclhamit Han  Osmanl\u0131n\u0131n son d\u00f6nemlerinde \u00fclkemizin birlik ve b\u00fct\u00fcnl\u00fc\u011f\u00fcn\u00fc korumak i\u00e7in \u00e7al\u0131\u015fan t\u00fcm \u00f6mr\u00fcn\u00fc bu gayede feda eden birisi. Sivas\u2019ta da bir \u00e7ok eseri var. Ya\u015fanm\u0131\u015fl\u0131\u011f\u0131 ve ge\u00e7mi\u015fle olan ba\u011f\u0131 g\u00fc\u00e7l\u00fc tutma ad\u0131na isim konusunda; Sultan Abd\u00fclhamit Han K\u00fclt\u00fcr Park\u0131 olarak bir d\u00fc\u015f\u00fcncemiz var. \u0130lerleyen g\u00fcnlerde bunun alt\u0131n\u0131 biraz daha dolduraca\u011f\u0131z. \u0130lerleyen d\u00f6nemlerde b\u00f6yle bir isim de\u011fi\u015fikli\u011fi d\u00fc\u015f\u00fcncemiz var. Bizim i\u00e7inde Sivas i\u00e7in de anlaml\u0131 olan Sultan Abd\u00fclhamit Han K\u00fclt\u00fcr Park\u0131. Haran\u0131n birinde de Sultan Abd\u00fclhamit Han\u2019\u0131n Sivas\u2019ta yapt\u0131\u011f\u0131 \u00e7al\u0131\u015fmalar\u0131 g\u00f6sterebilece\u011fimiz \u015fekilde kullanmay\u0131 d\u00fc\u015f\u00fcn\u00fcyoruz\u201d diye konu\u015ftu.<\/p>\n","protected":false},"excerpt":{"rendered":"<p>S\u0130VAS\u2019TA DEV PROJEYE OSMANLI DEVLET\u0130N\u0130N SON PAD\u0130\u015eAHLARINDAN SULTAN ABD\u00dcLHAM\u0130T HAN\u2019IN \u0130SM\u0130N\u0130N VER\u0130LMES\u0130 D\u00dc\u015e\u00dcN\u00dcL\u00dcYOR.<\/p>\n","protected":false},"author":1,"featured_media":168909,"comment_status":"closed","ping_status":"open","sticky":false,"template":"","format":"standard","meta":{"jetpack_post_was_ever_published":false,"_jetpack_newsletter_access":"","_jetpack_dont_email_post_to_subs":false,"_jetpack_newsletter_tier_id":0,"_jetpack_memberships_contains_paywalled_content":false,"_jetpack_memberships_contains_paid_content":false,"footnotes":"","jetpack_publicize_message":"","jetpack_publicize_feature_enabled":true,"jetpack_social_post_already_shared":true,"jetpack_social_options":{"image_generator_settings":{"template":"highway","default_image_id":0,"font":"","enabled":false},"version":2}},"categories":[1],"tags":[5410,40557,633,40558],"class_list":["post-168908","post","type-post","status-publish","format-standard","has-post-thumbnail","hentry","category-genel","tag-osmanli","tag-harasina","tag-ismi","tag-padisahinin"],"jetpack_publicize_connections":[],"jetpack_featured_media_url":"https:\/\/i0.wp.com\/www.tvturk.com\/wp-content\/uploads\/2019\/06\/osmanli-harasina-osmanli-padisahinin-ismi_0a250ab.jpg?fit=1000%2C666","jetpack_sharing_enabled":true,"jetpack_shortlink":"https:\/\/wp.me\/paKIfm-HWk","_links":{"self":[{"href":"http:\/\/www.tvturk.com\/index.php\/wp-json\/wp\/v2\/posts\/168908","targetHints":{"allow":["GET"]}}],"collection":[{"href":"http:\/\/www.tvturk.com\/index.php\/wp-json\/wp\/v2\/posts"}],"about":[{"href":"http:\/\/www.tvturk.com\/index.php\/wp-json\/wp\/v2\/types\/post"}],"author":[{"embeddable":true,"href":"http:\/\/www.tvturk.com\/index.php\/wp-json\/wp\/v2\/users\/1"}],"replies":[{"embeddable":true,"href":"http:\/\/www.tvturk.com\/index.php\/wp-json\/wp\/v2\/comments?post=168908"}],"version-history":[{"count":0,"href":"http:\/\/www.tvturk.com\/index.php\/wp-json\/wp\/v2\/posts\/168908\/revisions"}],"wp:featuredmedia":[{"embeddable":true,"href":"http:\/\/www.tvturk.com\/index.php\/wp-json\/wp\/v2\/media\/168909"}],"wp:attachment":[{"href":"http:\/\/www.tvturk.com\/index.php\/wp-json\/wp\/v2\/media?parent=168908"}],"wp:term":[{"taxonomy":"category","embeddable":true,"href":"http:\/\/www.tvturk.com\/index.php\/wp-json\/wp\/v2\/categories?post=168908"},{"taxonomy":"post_tag","embeddable":true,"href":"http:\/\/www.tvturk.com\/index.php\/wp-json\/wp\/v2\/tags?post=168908"}],"curies":[{"name":"wp","href":"https:\/\/api.w.org\/{rel}","templated":true}]}}