{"id":168914,"date":"2019-06-13T15:57:25","date_gmt":"2019-06-13T12:57:25","guid":{"rendered":"http:\/\/www.tvturk.com\/index.php\/duzce-yozgat-ve-sinoplular-7-bolge-7-renk-festivalinde-birlik-beraberlik-mesaji-verdi\/"},"modified":"2019-06-13T15:57:25","modified_gmt":"2019-06-13T12:57:25","slug":"duzce-yozgat-ve-sinoplular-7-bolge-7-renk-festivalinde-birlik-beraberlik-mesaji-verdi","status":"publish","type":"post","link":"http:\/\/www.tvturk.com\/index.php\/duzce-yozgat-ve-sinoplular-7-bolge-7-renk-festivalinde-birlik-beraberlik-mesaji-verdi\/","title":{"rendered":"D\u00fczce, Yozgat ve Sinoplular 7 B\u00f6lge 7 Renk festivalinde birlik, beraberlik mesaj\u0131 verdi"},"content":{"rendered":"<p>7 B\u00f6lge 7 Renk Festivali\u2019nin \u00fc\u00e7\u00fcnc\u00fc g\u00fcn\u00fcnde D\u00fczce, Yozgat ve Sinoplular\u0131n d\u00fczenledi\u011fi programda birlik ve beraberlik vurgusu yap\u0131ld\u0131. Programa konuk olan \u0130\u00e7i\u015fleri Bakan\u0131 Yard\u0131mc\u0131s\u0131 Mehmet Ersoy, \u201cBizim huzurumuzu, birli\u011fimizi, beraberli\u011fimizi bozmak isteyenler neredeyse ve nerede v\u00fccut bulmaya \u00e7al\u0131\u015f\u0131yorsa orada m\u00fccadelemizi yap\u0131yoruz\u201d dedi.<\/p>\n<p>Ba\u011fc\u0131lar Belediyesinin geleneksel hale getirdi\u011fi 7 B\u00f6lge 7 Renk K\u00fclt\u00fcr Sanat Festivali\u2019nin \u00fc\u00e7\u00fcnc\u00fc g\u00fcn\u00fcnde D\u00fczce, Yozgat ve Sinoplular \u00f6zel bir program organize etti. Yozgat ve \u0130l\u00e7eleri K\u00fclt\u00fcr ve Yard\u0131mla\u015fma Derne\u011fi, D\u00fczce Merkez ve \u00c7evre K\u00f6yleri Yard\u0131mla\u015fma Dayan\u0131\u015fma Derne\u011fi ile Ba\u011fc\u0131lar Sinoplular Derne\u011fi taraf\u0131ndan d\u00fczenlenen geceye \u0130\u00e7i\u015fleri Bakan\u0131 Yard\u0131mc\u0131s\u0131 Mehmet Ersoy da konuk oldu.<\/p>\n<p>A\u00e7\u0131l\u0131\u015f konu\u015fmas\u0131n\u0131 yapan Mehmet Ersoy, i\u00e7eriden ve d\u0131\u015far\u0131dan yap\u0131lan sald\u0131r\u0131lara kar\u015f\u0131 m\u00fccadelenin devam etti\u011fini belirterek \u015funlar\u0131 s\u00f6yledi:<\/p>\n<p>\u201cBizim huzurumuzu, birli\u011fimizi, beraberli\u011fimizi bozmak isteyenler neredeyse ve nerede v\u00fccut bulmaya \u00e7al\u0131\u015f\u0131yorsa orada m\u00fccadelemizi yap\u0131yoruz. Se\u00e7imler yakla\u015f\u0131rken ve iptal edilip yenilenmesine karar verildi\u011finde g\u00f6rd\u00fck ki huzurumuzu bozmak isteyenler \u0130stanbul se\u00e7imlerini f\u0131rsat bilerek buraya s\u0131zmak istiyor. Biz de geldik bunlar\u0131 size anlat\u0131yoruz. Derdimizi sizle payla\u015f\u0131yoruz. Cenab\u0131 Allah huzurumuzu bozmas\u0131n.&#8221;<\/p>\n<p>Ba\u011fc\u0131lar Kaymakam\u0131 Mustafa Eldivan, \u201cBa\u011fc\u0131lar\u2019\u0131n en g\u00fczel taraf\u0131 birli\u011fin, beraberli\u011fin ve \u00fclkemizin bekas\u0131 a\u00e7\u0131s\u0131ndan her co\u011frafyadan, b\u00f6lgeden ve etnik yap\u0131dan bir v\u00fccuda gelmi\u015f Ba\u011fc\u0131lar olarak huzur i\u00e7erisinde ya\u015f\u0131yoruz. Ba\u011fc\u0131lar \u0130stanbul\u2019un ortas\u0131nda huzur adas\u0131 olarak yer al\u0131yor\u201d dedi.<\/p>\n<p>Ba\u011fc\u0131lar Belediye Ba\u015fkan\u0131 Lokman \u00c7a\u011f\u0131r\u0131c\u0131 ise \u201cBa\u011fc\u0131lar\u2019da T\u00fcrkiye\u2019nin mozai\u011fi olarak birlikte ya\u015f\u0131yoruz. Bug\u00fcne kadar burada bir\u00e7ok dostluklar kuruldu, muhabbetler olu\u015ftu\u201d \u015feklinde konu\u015ftu. 31 Mart\u2019ta kendisine verilen destekten dolay\u0131 te\u015fekk\u00fcr eden \u00c7a\u011f\u0131r\u0131c\u0131, bu deste\u011fin 23 Haziran se\u00e7imlerinde de devam etmesini diledi.<\/p>\n<p>Protokol konu\u015fmalar\u0131n\u0131n ard\u0131ndan T\u00fcrk Halk M\u00fczi\u011finin sevilen seslerinden Onur \u015ean, s\u00f6yledi\u011fi t\u00fcrk\u00fclerle alan\u0131 dolduranlar\u0131 kimi zaman duyguland\u0131rd\u0131 kimi zaman e\u011flendirdi. D\u00fczce, Yozgat ve Sinoplular, hem keyifli hem de dayan\u0131\u015fma i\u00e7inde bir gece ge\u00e7irdi.<\/p>\n<p>Festivale, MHP Yozgat Milletvekili \u0130brahim Ethem Sedef, AK Parti Ba\u011fc\u0131lar \u0130l\u00e7e Ba\u015fkan\u0131 \u0130smet \u00d6zt\u00fcrk, MHP Ba\u011fc\u0131lar \u0130l\u00e7e Ba\u015fkan\u0131 Onur Ye\u015fil, Yozgat Bozok Dernekler Federasyonu Ba\u015fkan\u0131 Hamdi Kurto\u011flu, D\u00fczce Merkez ve \u00c7evre K\u00f6yleri Yard\u0131mla\u015fma Derne\u011fi Ba\u015fkan Yard\u0131mc\u0131s\u0131 Settar Kalkan, Ba\u011fc\u0131lar Sinoplular Derne\u011fi Ba\u015fkan\u0131 R\u00fcstem T\u00fcys\u00fcz ve vatanda\u015flar kat\u0131ld\u0131.<\/p>\n","protected":false},"excerpt":{"rendered":"<p>BA\u011eCILAR BELED\u0130YES\u0130N\u0130N GELENEKSEL HALE GET\u0130RD\u0130\u011e\u0130 7 B\u00d6LGE 7 RENK K\u00dcLT\u00dcR SANAT FEST\u0130VAL\u0130\u2019N\u0130N \u00dc\u00c7\u00dcNC\u00dc G\u00dcN\u00dcNDE D\u00dcZCE, YOZGAT VE S\u0130NOPLULAR \u00d6ZEL B\u0130R PROGRAM ORGAN\u0130ZE ETT\u0130.<\/p>\n","protected":false},"author":1,"featured_media":168915,"comment_status":"closed","ping_status":"open","sticky":false,"template":"","format":"standard","meta":{"jetpack_post_was_ever_published":false,"_jetpack_newsletter_access":"","_jetpack_dont_email_post_to_subs":false,"_jetpack_newsletter_tier_id":0,"_jetpack_memberships_contains_paywalled_content":false,"_jetpack_memberships_contains_paid_content":false,"footnotes":"","jetpack_publicize_message":"","jetpack_publicize_feature_enabled":true,"jetpack_social_post_already_shared":true,"jetpack_social_options":{"image_generator_settings":{"template":"highway","default_image_id":0,"font":"","enabled":false},"version":2}},"categories":[1],"tags":[6497,6496,1172,1459,7453,3121,16430,40563,386,17781],"class_list":["post-168914","post","type-post","status-publish","format-standard","has-post-thumbnail","hentry","category-genel","tag-beraberlik","tag-birlik","tag-bolge","tag-duzce","tag-festivalinde","tag-mesaji","tag-renk","tag-sinoplular","tag-verdi","tag-yozgat"],"jetpack_publicize_connections":[],"jetpack_featured_media_url":"https:\/\/i0.wp.com\/www.tvturk.com\/wp-content\/uploads\/2019\/06\/duzce-yozgat-ve-sinoplular-7-bolge-7-renk-festivalinde-birlik-beraberlik-mesaji-verdi_3d99628.jpg?fit=1000%2C666","jetpack_sharing_enabled":true,"jetpack_shortlink":"https:\/\/wp.me\/paKIfm-HWq","_links":{"self":[{"href":"http:\/\/www.tvturk.com\/index.php\/wp-json\/wp\/v2\/posts\/168914","targetHints":{"allow":["GET"]}}],"collection":[{"href":"http:\/\/www.tvturk.com\/index.php\/wp-json\/wp\/v2\/posts"}],"about":[{"href":"http:\/\/www.tvturk.com\/index.php\/wp-json\/wp\/v2\/types\/post"}],"author":[{"embeddable":true,"href":"http:\/\/www.tvturk.com\/index.php\/wp-json\/wp\/v2\/users\/1"}],"replies":[{"embeddable":true,"href":"http:\/\/www.tvturk.com\/index.php\/wp-json\/wp\/v2\/comments?post=168914"}],"version-history":[{"count":0,"href":"http:\/\/www.tvturk.com\/index.php\/wp-json\/wp\/v2\/posts\/168914\/revisions"}],"wp:featuredmedia":[{"embeddable":true,"href":"http:\/\/www.tvturk.com\/index.php\/wp-json\/wp\/v2\/media\/168915"}],"wp:attachment":[{"href":"http:\/\/www.tvturk.com\/index.php\/wp-json\/wp\/v2\/media?parent=168914"}],"wp:term":[{"taxonomy":"category","embeddable":true,"href":"http:\/\/www.tvturk.com\/index.php\/wp-json\/wp\/v2\/categories?post=168914"},{"taxonomy":"post_tag","embeddable":true,"href":"http:\/\/www.tvturk.com\/index.php\/wp-json\/wp\/v2\/tags?post=168914"}],"curies":[{"name":"wp","href":"https:\/\/api.w.org\/{rel}","templated":true}]}}