{"id":168920,"date":"2019-06-13T16:10:18","date_gmt":"2019-06-13T13:10:18","guid":{"rendered":"http:\/\/www.tvturk.com\/index.php\/eski-belediye-baskani-kocaelispora-baskan-adayi-oldu\/"},"modified":"2019-06-13T16:10:18","modified_gmt":"2019-06-13T13:10:18","slug":"eski-belediye-baskani-kocaelispora-baskan-adayi-oldu","status":"publish","type":"post","link":"http:\/\/www.tvturk.com\/index.php\/eski-belediye-baskani-kocaelispora-baskan-adayi-oldu\/","title":{"rendered":"Eski belediye ba\u015fkan\u0131 Kocaelispor\u2019a ba\u015fkan aday\u0131 oldu"},"content":{"rendered":"<p>Off yar\u0131 final ma\u00e7\u0131nda Yeni \u00c7orumspor\u2019a 3-0 ma\u011flup olmas\u0131 sonras\u0131 ola\u011fan\u00fcst\u00fc se\u00e7imli kongre karar\u0131 alan TFF 3. Lig temsilcisi Kocaelispor\u2019a ba\u015fkan aday\u0131 oldu\u011funu a\u00e7\u0131klad\u0131.<\/p>\n<p>TFF 3. Lig Play-Off ma\u00e7\u0131nda rakibi Yeni \u00c7orumspor\u2019a kendi sahas\u0131nda 3-0 yenilerek \u00fcst lige \u00e7\u0131kma \u015fans\u0131n\u0131 yitiren Kocaelispor\u2019un yar\u0131n yap\u0131lacak ola\u011fan\u00fcst\u00fc se\u00e7imli genel kurulunda yeni bir isim daha ba\u015fkanl\u0131\u011fa aday oldu. Kartepe Belediyesi eski Ba\u015fkan\u0131 olan H\u00fcseyin \u00dcz\u00fclmez, yapt\u0131\u011f\u0131 yaz\u0131l\u0131 a\u00e7\u0131klama ile ba\u015fkan adayl\u0131\u011f\u0131n\u0131 duyurdu. \u00dcz\u00fclmez a\u00e7\u0131klamas\u0131nda, \u201c\u00c7ocuklu\u011fumdan beri taraftar\u0131 oldu\u011fum, \u00fcniversite y\u0131ll\u0131\u011f\u0131mda dahi \u201cK\u00f6rfez H\u00fcseyin\u201d lakab\u0131yla an\u0131ld\u0131\u011f\u0131m ve bununla gurur duydu\u011fum, sevincine kederine y\u0131llarca ortak oldu\u011fum, her d\u00f6nemde bir Kocaelispor g\u00f6n\u00fcll\u00fcs\u00fc ve sevdal\u0131s\u0131 olarak maddi-manevi katk\u0131 sa\u011flamaya \u00e7al\u0131\u015ft\u0131\u011f\u0131m, kentimizin sars\u0131lmaz ve vazge\u00e7ilmez de\u011feri olan Kocaelispor\u2019umuz i\u00e7in bug\u00fcn ben ve arkada\u015flar\u0131m, elimizi ta\u015f\u0131n alt\u0131na koyarak, kul\u00fcb\u00fcm\u00fcz\u00fc hak etti\u011fi yerlere ta\u015f\u0131mak, marka \u00fcst\u00fcnl\u00fc\u011f\u00fcn\u00fc ve kal\u0131c\u0131l\u0131\u011f\u0131n\u0131 sa\u011flamak i\u00e7in bu sorumlulu\u011fa talip olmaya karar verdik\u201d dedi.<\/p>\n<p>Kocaelispor i\u00e7in hedefleri oldu\u011funu belirten \u00dcz\u00fclmez, \u201c\u015eahs\u0131m ve bu yola benimle birlikte ba\u015f koyacak de\u011ferli yol arkada\u015flar\u0131m; taraftar\u0131m\u0131zla, sporcular\u0131m\u0131zla etle t\u0131rnak gibi b\u00fct\u00fcnle\u015ferek Kocaelispor markam\u0131z\u0131 hayallerimizden de \u00f6teye ta\u015f\u0131mak i\u00e7in m\u00fccadele edece\u011fiz. Sporun siyaset \u00fcst\u00fc birle\u015ftirici, motive edici g\u00fcc\u00fcn\u00fc geli\u015ftirerek, tak\u0131m\u0131m\u0131z\u0131 sadece ba\u015far\u0131lar\u0131yla ad\u0131 an\u0131lan, \u00f6rnek g\u00f6sterilen bir tak\u0131m haline getirmeyi, Kocaelimize \u00f6zledi\u011fi ve haketti\u011fi mutlulu\u011fu ya\u015fatmay\u0131 arzu ediyoruz. Ba\u015fta tak\u0131m\u0131m\u0131za olan sevdam\u0131z ve inanc\u0131m\u0131z sonras\u0131nda b\u00fct\u00fcn tecr\u00fcbemiz, birikimimiz, imkanlar\u0131m\u0131z ve en de\u011ferlisi de y\u00fcre\u011fi Kocaelispor a\u015fk\u0131 ile atan, tak\u0131m\u0131 i\u00e7in kilometreler kat etmi\u015f, bir damla g\u00f6zya\u015f\u0131 d\u00f6km\u00fc\u015f taraftarlar\u0131m\u0131z\u0131n deste\u011fi, sinerjisi ve t\u00fcm samimiyetimizle varl\u0131\u011f\u0131m\u0131z\u0131 ortaya koyaca\u011f\u0131z. Duam\u0131z odur ki, Kocaelisporumuz i\u00e7in en hay\u0131rl\u0131 olan ne ise onun olmas\u0131d\u0131r. Yeter ki, hayallerine inanan ve engel tan\u0131madan pe\u015finden ko\u015fan taraftarlar\u0131m\u0131z ba\u015f\u0131m\u0131zdan eksik olmas\u0131n. Bu duygu ve d\u00fc\u015f\u00fcnceler ile Kocaelispor Ba\u015fkanl\u0131\u011f\u0131 Adayl\u0131\u011f\u0131m\u0131 ilan eder, sayg\u0131 ve sevgilerimi sunar\u0131m\u201d ifadelerini kulland\u0131.<\/p>\n","protected":false},"excerpt":{"rendered":"<p>AR\u015e\u0130V FOTO) KARTEPE BELED\u0130YES\u0130 ESK\u0130 BA\u015eKANI H\u00dcSEY\u0130N \u00dcZ\u00dcLMEZ PLAY-OFF YARI F\u0130NAL MA\u00c7INDA YEN\u0130 \u00c7ORUMSPOR&#8217;A 3-0 MA\u011eLUP OLMASI SONRASI OLA\u011eAN\u00dcST\u00dc SE\u00c7\u0130ML\u0130 KONGRE KARARI ALAN TFF 3. L\u0130G TEMS\u0130LC\u0130S\u0130 KOCAEL\u0130SPOR\u2019A BA\u015eKAN ADAYI OLDU\u011eUNU A\u00c7IKLADI.<\/p>\n","protected":false},"author":1,"featured_media":168921,"comment_status":"closed","ping_status":"open","sticky":false,"template":"","format":"standard","meta":{"jetpack_post_was_ever_published":false,"_jetpack_newsletter_access":"","_jetpack_dont_email_post_to_subs":false,"_jetpack_newsletter_tier_id":0,"_jetpack_memberships_contains_paywalled_content":false,"_jetpack_memberships_contains_paid_content":false,"footnotes":"","jetpack_publicize_message":"","jetpack_publicize_feature_enabled":true,"jetpack_social_post_already_shared":true,"jetpack_social_options":{"image_generator_settings":{"template":"highway","default_image_id":0,"font":"","enabled":false},"version":2}},"categories":[657],"tags":[135,100,216,134,1123,40565,77],"class_list":["post-168920","post","type-post","status-publish","format-standard","has-post-thumbnail","hentry","category-spor","tag-adayi","tag-baskan","tag-baskani","tag-belediye","tag-eski","tag-kocaelispora","tag-oldu"],"jetpack_publicize_connections":[],"jetpack_featured_media_url":"https:\/\/i0.wp.com\/www.tvturk.com\/wp-content\/uploads\/2019\/06\/eski-belediye-baskani-kocaelispora-baskan-adayi-oldu_22549d1.jpg?fit=1000%2C666","jetpack_sharing_enabled":true,"jetpack_shortlink":"https:\/\/wp.me\/paKIfm-HWw","_links":{"self":[{"href":"http:\/\/www.tvturk.com\/index.php\/wp-json\/wp\/v2\/posts\/168920","targetHints":{"allow":["GET"]}}],"collection":[{"href":"http:\/\/www.tvturk.com\/index.php\/wp-json\/wp\/v2\/posts"}],"about":[{"href":"http:\/\/www.tvturk.com\/index.php\/wp-json\/wp\/v2\/types\/post"}],"author":[{"embeddable":true,"href":"http:\/\/www.tvturk.com\/index.php\/wp-json\/wp\/v2\/users\/1"}],"replies":[{"embeddable":true,"href":"http:\/\/www.tvturk.com\/index.php\/wp-json\/wp\/v2\/comments?post=168920"}],"version-history":[{"count":0,"href":"http:\/\/www.tvturk.com\/index.php\/wp-json\/wp\/v2\/posts\/168920\/revisions"}],"wp:featuredmedia":[{"embeddable":true,"href":"http:\/\/www.tvturk.com\/index.php\/wp-json\/wp\/v2\/media\/168921"}],"wp:attachment":[{"href":"http:\/\/www.tvturk.com\/index.php\/wp-json\/wp\/v2\/media?parent=168920"}],"wp:term":[{"taxonomy":"category","embeddable":true,"href":"http:\/\/www.tvturk.com\/index.php\/wp-json\/wp\/v2\/categories?post=168920"},{"taxonomy":"post_tag","embeddable":true,"href":"http:\/\/www.tvturk.com\/index.php\/wp-json\/wp\/v2\/tags?post=168920"}],"curies":[{"name":"wp","href":"https:\/\/api.w.org\/{rel}","templated":true}]}}