{"id":168956,"date":"2019-06-13T16:55:33","date_gmt":"2019-06-13T13:55:33","guid":{"rendered":"http:\/\/www.tvturk.com\/index.php\/akude-bin-200-fidan-toprakla-bulustu\/"},"modified":"2019-06-13T16:55:33","modified_gmt":"2019-06-13T13:55:33","slug":"akude-bin-200-fidan-toprakla-bulustu","status":"publish","type":"post","link":"http:\/\/www.tvturk.com\/index.php\/akude-bin-200-fidan-toprakla-bulustu\/","title":{"rendered":"AK\u00dc\u2019de bin 200 fidan toprakla bulu\u015ftu"},"content":{"rendered":"<p>Afyon Kocatepe \u00dcniversitesi (AK\u00dc) taraf\u0131ndan Afyonkarahisar Belediyesi ve Afyonkarahisar Orman \u0130\u015fletme M\u00fcd\u00fcrl\u00fc\u011f\u00fc i\u015fbirli\u011finde fidan dikim etkinli\u011fi ger\u00e7ekle\u015ftirildi.<\/p>\n<p>Ahmet Necdet Sezer Kamp\u00fcs\u00fc E\u011fitim Fak\u00fcltesi ile Kredi ve Yurtlar Kurumu T\u0131naztepe \u00d6\u011frenci Yurdu aras\u0131nda yer alan arazide ger\u00e7ekle\u015ftirilen fidan dikim etkinli\u011fine AK\u00dc Rekt\u00f6r Yard\u0131mc\u0131s\u0131 Prof. Dr. Y\u0131lmaz Yal\u00e7\u0131n ile birlikte Afyonkarahisar Belediye Ba\u015fkan Yard\u0131mc\u0131s\u0131 S\u00fcleyman Karaku\u015f, Park ve Bah\u00e7eler M\u00fcd\u00fcr\u00fc Kas\u0131m Baydar, Afyonkarahisar Kocatepe A\u011fa\u00e7land\u0131rma ve Toprak Muhafaza \u015eefi Mehmet Yi\u011fit \u015eim\u015fek ile birlikte \u00fcniversite akademik ve idari personeli kat\u0131ld\u0131.<\/p>\n<p>Etkinlik \u00f6ncesi konu\u015fma yapan AK\u00dc Rekt\u00f6r Yard\u0131mc\u0131s\u0131 Prof. Dr. Y\u0131lmaz Yal\u00e7\u0131n, yakla\u015f\u0131k olarak bin 200 fidan\u0131 toprakla bulu\u015fturacaklar\u0131n\u0131 ifade ederek \u00fcniversitenin sahip oldu\u011fu 3 milyon 708 bin metrekare toplan alan\u0131n 350 bin metrekaresinin a\u011fa\u00e7land\u0131r\u0131lm\u0131\u015f durumda oldu\u011funu belirtti. Yal\u00e7\u0131n, \u201cGeri kalan arazinin a\u011fa\u00e7land\u0131r\u0131lmas\u0131n\u0131 sa\u011flamak i\u00e7in bu tip etkinlikler \u00fcniversitenin kurulu\u015fundan beri yap\u0131l\u0131yor. 2000 y\u0131l\u0131nda Afyonkarahisar\u2019a geldi\u011fim zamanlar\u0131 hat\u0131rl\u0131yorum. Buralarda hi\u00e7bir \u015fey yoktu. Hatta \u00e7amurun i\u00e7inde y\u00fcr\u00fcd\u00fc\u011f\u00fcm\u00fc hat\u0131rl\u0131yorum. \u015eu an \u00e7ok g\u00fczel bir hale geldi ama var olan eksiklikleri de giderece\u011fiz. Orman Genel M\u00fcd\u00fcrl\u00fc\u011f\u00fcn\u00fcn sayfas\u0131ndan g\u00f6r\u00fclece\u011fi \u00fczere Afyonkarahisar \u00e7ok a\u011fa\u00e7l\u0131k bir b\u00f6lge de\u011fil. 1 milyon 400 bin hektarl\u0131k alan\u0131n yakla\u015f\u0131k 278 bin hektar\u0131 ormanl\u0131k alan olarak ge\u00e7iyor. Bu y\u00fczden bu t\u00fcr etkinlikler son derece \u00f6nemli. \u0130n\u015fallah gelecek nesillere \u00e7ok ye\u015fil bir Afyonkarahisar\u2019\u0131 ve \u00e7ok ye\u015fil bir kamp\u00fcs b\u0131rakmak i\u00e7in a\u011fa\u00e7lar\u0131m\u0131z\u0131 dikece\u011fiz\u201d ifadelerini kulland\u0131.<\/p>\n<p>Konu\u015fma sonras\u0131nda \u00fcniversite personeli taraf\u0131ndan fidanlar toprakla bulu\u015fturuldu.<\/p>\n","protected":false},"excerpt":{"rendered":"<p>AFYONKARAH\u0130SAR BELED\u0130YES\u0130, AFYON KOCATEPE \u00dcN\u0130VERS\u0130TES\u0130 (AK\u00dc) VE ORMAN \u0130\u015eLETME M\u00dcD\u00dcRL\u00dc\u011e\u00dc\u2019N\u00dcN \u0130\u015eB\u0130RL\u0130\u011e\u0130NDE AHMET NECDET SEZER KAMP\u00dcS\u00dc E\u011e\u0130T\u0130M FAK\u00dcLTES\u0130 \u00d6N\u00dcNDE BULUNAN ALANA F\u0130DAN D\u0130K\u0130LD\u0130.<\/p>\n","protected":false},"author":1,"featured_media":168957,"comment_status":"closed","ping_status":"open","sticky":false,"template":"","format":"standard","meta":{"jetpack_post_was_ever_published":false,"_jetpack_newsletter_access":"","_jetpack_dont_email_post_to_subs":false,"_jetpack_newsletter_tier_id":0,"_jetpack_memberships_contains_paywalled_content":false,"_jetpack_memberships_contains_paid_content":false,"footnotes":"","jetpack_publicize_message":"","jetpack_publicize_feature_enabled":true,"jetpack_social_post_already_shared":true,"jetpack_social_options":{"image_generator_settings":{"template":"highway","default_image_id":0,"font":"","enabled":false},"version":2}},"categories":[1],"tags":[4068,32559,213,389,701,6986],"class_list":["post-168956","post","type-post","status-publish","format-standard","has-post-thumbnail","hentry","category-genel","tag-4068","tag-akude","tag-bin","tag-bulustu","tag-fidan","tag-toprakla"],"jetpack_publicize_connections":[],"jetpack_featured_media_url":"https:\/\/i0.wp.com\/www.tvturk.com\/wp-content\/uploads\/2019\/06\/akude-bin-200-fidan-toprakla-bulustu_4c5173c.jpg?fit=1000%2C664","jetpack_sharing_enabled":true,"jetpack_shortlink":"https:\/\/wp.me\/paKIfm-HX6","_links":{"self":[{"href":"http:\/\/www.tvturk.com\/index.php\/wp-json\/wp\/v2\/posts\/168956","targetHints":{"allow":["GET"]}}],"collection":[{"href":"http:\/\/www.tvturk.com\/index.php\/wp-json\/wp\/v2\/posts"}],"about":[{"href":"http:\/\/www.tvturk.com\/index.php\/wp-json\/wp\/v2\/types\/post"}],"author":[{"embeddable":true,"href":"http:\/\/www.tvturk.com\/index.php\/wp-json\/wp\/v2\/users\/1"}],"replies":[{"embeddable":true,"href":"http:\/\/www.tvturk.com\/index.php\/wp-json\/wp\/v2\/comments?post=168956"}],"version-history":[{"count":0,"href":"http:\/\/www.tvturk.com\/index.php\/wp-json\/wp\/v2\/posts\/168956\/revisions"}],"wp:featuredmedia":[{"embeddable":true,"href":"http:\/\/www.tvturk.com\/index.php\/wp-json\/wp\/v2\/media\/168957"}],"wp:attachment":[{"href":"http:\/\/www.tvturk.com\/index.php\/wp-json\/wp\/v2\/media?parent=168956"}],"wp:term":[{"taxonomy":"category","embeddable":true,"href":"http:\/\/www.tvturk.com\/index.php\/wp-json\/wp\/v2\/categories?post=168956"},{"taxonomy":"post_tag","embeddable":true,"href":"http:\/\/www.tvturk.com\/index.php\/wp-json\/wp\/v2\/tags?post=168956"}],"curies":[{"name":"wp","href":"https:\/\/api.w.org\/{rel}","templated":true}]}}