{"id":168974,"date":"2019-06-13T17:14:43","date_gmt":"2019-06-13T14:14:43","guid":{"rendered":"http:\/\/www.tvturk.com\/index.php\/emre-kaya-ortacaya-damga-vurdu\/"},"modified":"2019-06-13T17:14:43","modified_gmt":"2019-06-13T14:14:43","slug":"emre-kaya-ortacaya-damga-vurdu","status":"publish","type":"post","link":"http:\/\/www.tvturk.com\/index.php\/emre-kaya-ortacaya-damga-vurdu\/","title":{"rendered":"Emre Kaya Ortaca\u2019ya damga vurdu"},"content":{"rendered":"<p>Emre Kaya, 10 binlerce m\u00fczikseverin kat\u0131l\u0131m\u0131yla ger\u00e7ekle\u015ftirilen Mu\u011fla Ortaca Tar\u0131m, Turizm ve \u00c7evre Festivali\u2019nde sahne performans\u0131 sergiledi.<\/p>\n<p>Emre Kaya, 10 binlerce m\u00fczikseverin kat\u0131l\u0131m\u0131yla ger\u00e7ekle\u015ftirilen Mu\u011fla Ortaca Tar\u0131m, Turizm ve \u00c7evre Festivali\u2019nde sahne performans\u0131 sergiledi. Konsere \u2018nefes\u2019 isimli \u015fark\u0131s\u0131yla ba\u015flayan Kaya, \u015fark\u0131n\u0131n k\u0131sa s\u00fcrede m\u00fczikseverler taraf\u0131ndan ezberlenmesi ve s\u00f6ylenmesi konusunda mutlulu\u011funu dile getirdi.<\/p>\n<p>En \u00e7ok dinlenenler listesinde uzun s\u00fcredir zirvede yer alan \u015fark\u0131s\u0131 \u2018nas\u0131l diye sorma\u2019y\u0131 seslendiren Emre Kaya kat\u0131l\u0131mc\u0131lardan tam not ald\u0131.<\/p>\n<p>\u015eark\u0131lar\u0131n\u0131n yan\u0131 s\u0131ra sahne performans\u0131yla da kat\u0131l\u0131mc\u0131lar\u0131 \u00e7o\u015fturan Emre Kaya\u2019ya seyircilerden b\u00fcy\u00fck bir sevgi seli yans\u0131d\u0131. Sevenleri, konserinin bitmesinin ard\u0131ndan oteline gitmek i\u00e7in yola \u00e7\u0131kan \u015fark\u0131c\u0131n\u0131n arac\u0131n\u0131n \u00f6n\u00fcn\u00fc kesti. Emre Kaya da hayranlar\u0131n\u0131 k\u0131rmayarak birebir foto\u011fraf \u00e7ektirdi.<\/p>\n","protected":false},"excerpt":{"rendered":"<p>EMRE KAYA, 10 B\u0130NLERCE M\u00dcZ\u0130KSEVER\u0130N KATILIMIYLA GER\u00c7EKLE\u015eT\u0130R\u0130LEN MU\u011eLA ORTACA TARIM, TUR\u0130ZM VE \u00c7EVRE FEST\u0130VAL\u0130\u2019NDE SAHNE PERFORMANSI SERG\u0130LED\u0130.<\/p>\n","protected":false},"author":1,"featured_media":168975,"comment_status":"closed","ping_status":"open","sticky":false,"template":"","format":"standard","meta":{"jetpack_post_was_ever_published":false,"_jetpack_newsletter_access":"","_jetpack_dont_email_post_to_subs":false,"_jetpack_newsletter_tier_id":0,"_jetpack_memberships_contains_paywalled_content":false,"_jetpack_memberships_contains_paid_content":false,"footnotes":"","jetpack_publicize_message":"","jetpack_publicize_feature_enabled":true,"jetpack_social_post_already_shared":true,"jetpack_social_options":{"image_generator_settings":{"template":"highway","default_image_id":0,"font":"","enabled":false},"version":2}},"categories":[1],"tags":[2179,6360,4064,40588,2180],"class_list":["post-168974","post","type-post","status-publish","format-standard","has-post-thumbnail","hentry","category-genel","tag-damga","tag-emre","tag-kaya","tag-ortacaya","tag-vurdu"],"jetpack_publicize_connections":[],"jetpack_featured_media_url":"https:\/\/i0.wp.com\/www.tvturk.com\/wp-content\/uploads\/2019\/06\/emre-kaya-ortacaya-damga-vurdu_fb40a68.jpg?fit=1000%2C562","jetpack_sharing_enabled":true,"jetpack_shortlink":"https:\/\/wp.me\/paKIfm-HXo","_links":{"self":[{"href":"http:\/\/www.tvturk.com\/index.php\/wp-json\/wp\/v2\/posts\/168974","targetHints":{"allow":["GET"]}}],"collection":[{"href":"http:\/\/www.tvturk.com\/index.php\/wp-json\/wp\/v2\/posts"}],"about":[{"href":"http:\/\/www.tvturk.com\/index.php\/wp-json\/wp\/v2\/types\/post"}],"author":[{"embeddable":true,"href":"http:\/\/www.tvturk.com\/index.php\/wp-json\/wp\/v2\/users\/1"}],"replies":[{"embeddable":true,"href":"http:\/\/www.tvturk.com\/index.php\/wp-json\/wp\/v2\/comments?post=168974"}],"version-history":[{"count":0,"href":"http:\/\/www.tvturk.com\/index.php\/wp-json\/wp\/v2\/posts\/168974\/revisions"}],"wp:featuredmedia":[{"embeddable":true,"href":"http:\/\/www.tvturk.com\/index.php\/wp-json\/wp\/v2\/media\/168975"}],"wp:attachment":[{"href":"http:\/\/www.tvturk.com\/index.php\/wp-json\/wp\/v2\/media?parent=168974"}],"wp:term":[{"taxonomy":"category","embeddable":true,"href":"http:\/\/www.tvturk.com\/index.php\/wp-json\/wp\/v2\/categories?post=168974"},{"taxonomy":"post_tag","embeddable":true,"href":"http:\/\/www.tvturk.com\/index.php\/wp-json\/wp\/v2\/tags?post=168974"}],"curies":[{"name":"wp","href":"https:\/\/api.w.org\/{rel}","templated":true}]}}