{"id":168976,"date":"2019-06-13T17:16:11","date_gmt":"2019-06-13T14:16:11","guid":{"rendered":"http:\/\/www.tvturk.com\/index.php\/almanya-disisleri-bakani-maas-umman-korfezindeki-saldirilar-endise-verici\/"},"modified":"2019-06-13T17:16:11","modified_gmt":"2019-06-13T14:16:11","slug":"almanya-disisleri-bakani-maas-umman-korfezindeki-saldirilar-endise-verici","status":"publish","type":"post","link":"http:\/\/www.tvturk.com\/index.php\/almanya-disisleri-bakani-maas-umman-korfezindeki-saldirilar-endise-verici\/","title":{"rendered":"Almanya D\u0131\u015fi\u015fleri Bakan\u0131 Maas: \u201cUmman K\u00f6rfezi\u2019ndeki sald\u0131r\u0131lar endi\u015fe verici\u201d"},"content":{"rendered":"<p>Almanya D\u0131\u015fi\u015fleri Bakan\u0131 Heiko Maas, Umman K\u00f6rfezi\u2019nde Panama band\u0131ral\u0131 ve Mar\u015fal Adalar\u0131 band\u0131ral\u0131 Front Altair adl\u0131 iki tankere d\u00fczenlenen sald\u0131r\u0131ya ili\u015fkin \u201cUmman K\u00f6rfezi\u2019ndeki sald\u0131r\u0131lar endi\u015fe verici\u201d dedi.<\/p>\n<p>Sald\u0131r\u0131ya ili\u015fkin b\u00f6lgedeki gerginli\u011fin artmas\u0131 y\u00f6n\u00fcnde tehdit olu\u015fturdu\u011funu belirten Almanya D\u0131\u015fi\u015fleri Bakan\u0131 Heiko Maas, \u201cAld\u0131\u011f\u0131m\u0131z haberler son derece endi\u015fe verici\u201d ifadelerini kulland\u0131.<\/p>\n<p>Gerginli\u011fin t\u0131rmand\u0131r\u0131lmamas\u0131 gerekti\u011fini a\u00e7\u0131klayan Maas, \u201cB\u00f6lgedeki durum tehlikeyi t\u0131rmand\u0131rabilecek olaylard\u0131r. Uzakla\u015fmaya ihtiyac\u0131m\u0131z var. Her iki tarafta buna katk\u0131da bulunmal\u0131\u201d dedi.<\/p>\n<p>\u0130ran\u2019da deniz ve limanlar\u0131n g\u00fcvenli\u011finden sorumlu Limanlar Kurumu Genel M\u00fcd\u00fcr\u00fc Ali R\u0131za Haceste, Katar\u2019\u0131n el Rus liman\u0131ndan Tayvan\u2019a do\u011fru yola \u00e7\u0131kan Norve\u00e7li Frontline \u015firketine ait Mar\u015fal Adalar\u0131 band\u0131ral\u0131 Front Altair adl\u0131 tankere sabah yerel saatle 08.50 civar\u0131nda bir sald\u0131r\u0131 ger\u00e7ekle\u015fti\u011fini ifade etmi\u015fti. Panama bayrakl\u0131 Kokuka Courageous petrol tankerine d\u00fczenlenen ikinci sald\u0131r\u0131n\u0131n yerel saatle 09.50\u2019de meydana geldi\u011fini belirten Haceste, Bender Abbas Liman\u0131\u2019ndan Singapur\u2019a giden tankerin Cask Liman\u0131\u2019na 28 mil uzakl\u0131kta sald\u0131r\u0131ya u\u011frad\u0131\u011f\u0131n\u0131 kaydetmi\u015fti.<\/p>\n<p>Her iki petrol tankerindeki 44 m\u00fcrettebat\u0131n \u0130ran deniz birliklerince kurtar\u0131ld\u0131\u011f\u0131n\u0131 belirten Limanlar Genel M\u00fcd\u00fcr\u00fc Haceste, i\u015f\u00e7ilerin Cask Liman\u0131\u2019na nakledildiklerini ve durumlar\u0131n\u0131n iyi oldu\u011funu dile getirmi\u015fti.<\/p>\n","protected":false},"excerpt":{"rendered":"<p>ALMANYA DI\u015e\u0130\u015eLER\u0130 BAKANI HE\u0130KO MAAS, UMMAN K\u00d6RFEZ\u0130&#8217;NDE PANAMA BANDIRALI VE MAR\u015eAL ADALARI BANDIRALI FRONT ALTA\u0130R ADLI \u0130K\u0130 TANKERE D\u00dcZENLENEN SALDIRIYA \u0130L\u0130\u015eK\u0130N \u201cUMMAN K\u00d6RFEZ\u0130\u2019NDEK\u0130 SALDIRILAR END\u0130\u015eE VER\u0130C\u0130\u201d DED\u0130.<\/p>\n","protected":false},"author":1,"featured_media":168977,"comment_status":"closed","ping_status":"open","sticky":false,"template":"","format":"standard","meta":{"jetpack_post_was_ever_published":false,"_jetpack_newsletter_access":"","_jetpack_dont_email_post_to_subs":false,"_jetpack_newsletter_tier_id":0,"_jetpack_memberships_contains_paywalled_content":false,"_jetpack_memberships_contains_paid_content":false,"footnotes":"","jetpack_publicize_message":"","jetpack_publicize_feature_enabled":true,"jetpack_social_post_already_shared":true,"jetpack_social_options":{"image_generator_settings":{"template":"highway","default_image_id":0,"font":"","enabled":false},"version":2}},"categories":[10],"tags":[42,933,1498,15294,35991,2914,24917,40519,6078],"class_list":["post-168976","post","type-post","status-publish","format-standard","has-post-thumbnail","hentry","category-dunya","tag-almanya","tag-bakani","tag-disisleri","tag-endise","tag-korfezindeki","tag-maas","tag-saldirilar","tag-umman","tag-verici"],"jetpack_publicize_connections":[],"jetpack_featured_media_url":"https:\/\/i0.wp.com\/www.tvturk.com\/wp-content\/uploads\/2019\/06\/almanya-disisleri-bakani-maas-umman-korfezindeki-saldirilar-endise-verici_8659cfc.jpg?fit=1000%2C666","jetpack_sharing_enabled":true,"jetpack_shortlink":"https:\/\/wp.me\/paKIfm-HXq","_links":{"self":[{"href":"http:\/\/www.tvturk.com\/index.php\/wp-json\/wp\/v2\/posts\/168976","targetHints":{"allow":["GET"]}}],"collection":[{"href":"http:\/\/www.tvturk.com\/index.php\/wp-json\/wp\/v2\/posts"}],"about":[{"href":"http:\/\/www.tvturk.com\/index.php\/wp-json\/wp\/v2\/types\/post"}],"author":[{"embeddable":true,"href":"http:\/\/www.tvturk.com\/index.php\/wp-json\/wp\/v2\/users\/1"}],"replies":[{"embeddable":true,"href":"http:\/\/www.tvturk.com\/index.php\/wp-json\/wp\/v2\/comments?post=168976"}],"version-history":[{"count":0,"href":"http:\/\/www.tvturk.com\/index.php\/wp-json\/wp\/v2\/posts\/168976\/revisions"}],"wp:featuredmedia":[{"embeddable":true,"href":"http:\/\/www.tvturk.com\/index.php\/wp-json\/wp\/v2\/media\/168977"}],"wp:attachment":[{"href":"http:\/\/www.tvturk.com\/index.php\/wp-json\/wp\/v2\/media?parent=168976"}],"wp:term":[{"taxonomy":"category","embeddable":true,"href":"http:\/\/www.tvturk.com\/index.php\/wp-json\/wp\/v2\/categories?post=168976"},{"taxonomy":"post_tag","embeddable":true,"href":"http:\/\/www.tvturk.com\/index.php\/wp-json\/wp\/v2\/tags?post=168976"}],"curies":[{"name":"wp","href":"https:\/\/api.w.org\/{rel}","templated":true}]}}