{"id":168980,"date":"2019-06-13T17:22:20","date_gmt":"2019-06-13T14:22:20","guid":{"rendered":"http:\/\/www.tvturk.com\/index.php\/vali-yerlikayadan-nihat-ozdemire-ziyaret\/"},"modified":"2019-06-13T17:22:20","modified_gmt":"2019-06-13T14:22:20","slug":"vali-yerlikayadan-nihat-ozdemire-ziyaret","status":"publish","type":"post","link":"http:\/\/www.tvturk.com\/index.php\/vali-yerlikayadan-nihat-ozdemire-ziyaret\/","title":{"rendered":"Vali Yerlikaya\u2019dan Nihat \u00d6zdemir\u2019e ziyaret"},"content":{"rendered":"<p>\u0130stanbul Valisi ve \u0130stanbul B\u00fcy\u00fck\u015fehir Belediye Ba\u015fkan Vekili Ali Yerlikaya, T\u00fcrkiye Futbol Federasyonu Ba\u015fkan\u0131 Nihat \u00d6zdemir\u2019e nezaket ziyaretinde bulundu.<\/p>\n<p>T\u00fcrkiye Futbol Federasyonu\u2019nun resmi internet sitesinden konuyla ilgili yap\u0131lan a\u00e7\u0131klamaya g\u00f6re, TFF Hasan Do\u011fan Milli Tak\u0131mlar Kamp ve E\u011fitim Tesisleri\u2019nde ger\u00e7ekle\u015fen ziyarette TFF Ba\u015fkanvekili Servet Yard\u0131mc\u0131 ile Genel Sekreter Kadir Karda\u015f da yer ald\u0131.<\/p>\n<p>Ziyarette Ali Yerlikaya, Nihat \u00d6zdemir ve Y\u00f6netim Kurulu\u2019na ba\u015far\u0131 dilerken, Ba\u015fkan \u00d6zdemir, Vali Yerlikaya\u2019ya ismi yaz\u0131l\u0131 A Milli Tak\u0131m formas\u0131 ve hediye takdim etti.<\/p>\n","protected":false},"excerpt":{"rendered":"<p>\u0130STANBUL VAL\u0130S\u0130 VE \u0130STANBUL B\u00dcY\u00dcK\u015eEH\u0130R BELED\u0130YE BA\u015eKAN VEK\u0130L\u0130 AL\u0130 YERL\u0130KAYA, T\u00dcRK\u0130YE FUTBOL FEDERASYONU BA\u015eKANI N\u0130HAT \u00d6ZDEM\u0130R&#8217;E NEZAKET Z\u0130YARET\u0130NDE BULUNDU.<\/p>\n","protected":false},"author":1,"featured_media":168981,"comment_status":"closed","ping_status":"open","sticky":false,"template":"","format":"standard","meta":{"jetpack_post_was_ever_published":false,"_jetpack_newsletter_access":"","_jetpack_dont_email_post_to_subs":false,"_jetpack_newsletter_tier_id":0,"_jetpack_memberships_contains_paywalled_content":false,"_jetpack_memberships_contains_paid_content":false,"footnotes":"","jetpack_publicize_message":"","jetpack_publicize_feature_enabled":true,"jetpack_social_post_already_shared":true,"jetpack_social_options":{"image_generator_settings":{"template":"highway","default_image_id":0,"font":"","enabled":false},"version":2}},"categories":[657],"tags":[4609,16756,148,3287,150],"class_list":["post-168980","post","type-post","status-publish","format-standard","has-post-thumbnail","hentry","category-spor","tag-nihat","tag-ozdemire","tag-vali","tag-yerlikayadan","tag-ziyaret"],"jetpack_publicize_connections":[],"jetpack_featured_media_url":"https:\/\/i0.wp.com\/www.tvturk.com\/wp-content\/uploads\/2019\/06\/vali-yerlikayadan-nihat-ozdemire-ziyaret_55a5d42.jpg?fit=1000%2C876","jetpack_sharing_enabled":true,"jetpack_shortlink":"https:\/\/wp.me\/paKIfm-HXu","_links":{"self":[{"href":"http:\/\/www.tvturk.com\/index.php\/wp-json\/wp\/v2\/posts\/168980","targetHints":{"allow":["GET"]}}],"collection":[{"href":"http:\/\/www.tvturk.com\/index.php\/wp-json\/wp\/v2\/posts"}],"about":[{"href":"http:\/\/www.tvturk.com\/index.php\/wp-json\/wp\/v2\/types\/post"}],"author":[{"embeddable":true,"href":"http:\/\/www.tvturk.com\/index.php\/wp-json\/wp\/v2\/users\/1"}],"replies":[{"embeddable":true,"href":"http:\/\/www.tvturk.com\/index.php\/wp-json\/wp\/v2\/comments?post=168980"}],"version-history":[{"count":0,"href":"http:\/\/www.tvturk.com\/index.php\/wp-json\/wp\/v2\/posts\/168980\/revisions"}],"wp:featuredmedia":[{"embeddable":true,"href":"http:\/\/www.tvturk.com\/index.php\/wp-json\/wp\/v2\/media\/168981"}],"wp:attachment":[{"href":"http:\/\/www.tvturk.com\/index.php\/wp-json\/wp\/v2\/media?parent=168980"}],"wp:term":[{"taxonomy":"category","embeddable":true,"href":"http:\/\/www.tvturk.com\/index.php\/wp-json\/wp\/v2\/categories?post=168980"},{"taxonomy":"post_tag","embeddable":true,"href":"http:\/\/www.tvturk.com\/index.php\/wp-json\/wp\/v2\/tags?post=168980"}],"curies":[{"name":"wp","href":"https:\/\/api.w.org\/{rel}","templated":true}]}}