{"id":168996,"date":"2019-06-13T18:00:22","date_gmt":"2019-06-13T15:00:22","guid":{"rendered":"http:\/\/www.tvturk.com\/index.php\/trabzonda-20-gunde-34-buluntu-yeri-saptandi\/"},"modified":"2019-06-13T18:00:22","modified_gmt":"2019-06-13T15:00:22","slug":"trabzonda-20-gunde-34-buluntu-yeri-saptandi","status":"publish","type":"post","link":"http:\/\/www.tvturk.com\/index.php\/trabzonda-20-gunde-34-buluntu-yeri-saptandi\/","title":{"rendered":"Trabzon\u2019da 20 g\u00fcnde 34 buluntu yeri saptand\u0131"},"content":{"rendered":"<p>Trabzon\u2019da akademisyenler taraf\u0131ndan ger\u00e7ekle\u015ftirilen arkeolojik y\u00fczey ara\u015ft\u0131rmalar\u0131yla b\u00f6lgede \u00e7al\u0131\u015f\u0131lan 20 g\u00fcnde 34 buluntu yeri tespit edildi.<\/p>\n<p>Karadeniz Teknik \u00dcniversitesi (KT\u00dc) Edebiyat Fak\u00fcltesi Arkeoloji B\u00f6l\u00fcm\u00fc akademisyenlerinden Yrd. Do\u00e7. Dr. H\u00fclya \u00c7al\u0131\u015fkan Akg\u00fcl\u2019\u00fcn ba\u015fkanl\u0131\u011f\u0131nda y\u00fcr\u00fct\u00fclen arazi \u00e7al\u0131\u015fmalar\u0131, KT\u00dc Harita M\u00fchendisli\u011fi, Jeofizik M\u00fchendisli\u011fi b\u00f6l\u00fcmleri, Van Y\u00fcz\u00fcnc\u00fc Y\u0131l \u00dcniversitesi, Ankara \u00dcniversitesi ve Sinop \u00dcniversitesi\u2019nden ara\u015ft\u0131rmac\u0131lar\u0131n kat\u0131l\u0131m\u0131yla ger\u00e7ekle\u015ftirildi. 3 &#8211; 22 Eyl\u00fcl 2018 tarihleri aras\u0131nda Trabzon\u2019da y\u00fcr\u00fct\u00fclen y\u00fczey ara\u015ft\u0131rmas\u0131 sonucu 34 buluntu yeri tespit edildi. Trabzon\u2019un bilinmeyen tarihi ge\u00e7mi\u015finin ara\u015ft\u0131r\u0131ld\u0131\u011f\u0131 20 g\u00fcnde \u00e7\u0131kan bulgular Trabzon Ticaret ve Sanayi Odas\u0131\u2019nda d\u00fczenlenen konferanslar anlat\u0131ld\u0131. Yap\u0131lan sunumda ara\u015ft\u0131rma hakk\u0131nda bilgiler veren KT\u00dc Edebiyat Fak\u00fcltesi Arkeoloji B\u00f6l\u00fcm\u00fc akademisyenlerinden Yrd. Do\u00e7. Dr. H\u00fclya \u00c7al\u0131\u015fkan Akg\u00fcl, \u201cKaz\u0131lar neden \u00f6nemlidir diye bakt\u0131\u011f\u0131m\u0131zda bu kaz\u0131lar geni\u015f ekiplere sahiptir. Bu t\u00fcr kaz\u0131 gruplar\u0131 farkl\u0131 bilim dallar\u0131ndan ki\u015filerin mensup oldu\u011fu \u00e7al\u0131\u015fmalard\u0131r. Pek \u00e7ok konu pek \u00e7ok a\u00e7\u0131dan ele al\u0131n\u0131r. Uzun soluklu \u00e7al\u0131\u015fmalard\u0131r. Trabzon\u2019un bu t\u00fcr \u00e7al\u0131\u015fmalara ihtiyac\u0131 var\u201d dedi.<\/p>\n<p>Karadeniz b\u00f6lgesinin kronolojisinin tamamlanabilmesi i\u00e7in b\u00f6yle bir \u00e7al\u0131\u015fman\u0131n gerekli oldu\u011funa karar verdiklerini vurgulayan \u00c7al\u0131\u015fkan, \u201cYap\u0131lan y\u00fczey ara\u015ft\u0131rmalar\u0131nda bir tak\u0131m ma\u011fara, kaya s\u0131\u011f\u0131naklar\u0131 ve ta\u015f aletler var. \u00dcz\u00fclerek s\u00f6yl\u00fcyorum ki, yay\u0131nlarda s\u00f6z edilen ta\u015f aletlere biz \u015fimdiye kadar ula\u015famad\u0131k. Nerede oldu\u011funu bilmiyoruz. Dolay\u0131s\u0131yla s\u00f6z edilen ta\u015f aletlerin ne oldu\u011funu anlayam\u0131yoruz. Ancak ta\u015f aletlerin varl\u0131\u011f\u0131 bize paleolitik d\u00f6nem olabilece\u011fini g\u00f6steriyor. Paleolitik d\u00f6nemden sonra Trabzon kentinin kuruldu\u011fu iddia edilen M.\u00d6. 756 y\u0131l\u0131na kadar olan ara s\u00fcre\u00e7te Trabzon hi\u00e7bir yerle\u015fime sahne olmam\u0131\u015f gibi g\u00f6r\u00fcl\u00fcyor. Yani topraklar sessiz kalm\u0131\u015f, sanki hi\u00e7 kimse buradan ge\u00e7memi\u015f, hi\u00e7 kimse burada ya\u015famam\u0131\u015f gibi g\u00f6r\u00fcl\u00fcyor. Dolay\u0131s\u0131yla biz bu kadar erken d\u00f6nemlerin ayd\u0131nlat\u0131lmas\u0131 ve Karadeniz b\u00f6lgesinin kronolojisinin tamamlanabilmesi i\u00e7in b\u00f6yle bir \u00e7al\u0131\u015fman\u0131n gerekli oldu\u011funa karar verdik. Yola \u00e7\u0131karken bildi\u011fimiz, b\u00f6lgede hi\u00e7bir \u015feyi bilmedi\u011fimizdi. Ama neyi bilmedi\u011fimizi bilerek yola \u00e7\u0131kt\u0131k. Bu nedenle \u00f6ncelikle Trabzon\u2019u ve Do\u011fu Karadeniz b\u00f6lgesini ilgilendirebilecek uzak b\u00f6lgelerdeki veri gruplar\u0131n\u0131 derledik\u201d ifadelerini kulland\u0131.<\/p>\n<p>Sunumun ard\u0131ndan Yrd. Do\u00e7. Dr. H\u00fclya \u00c7al\u0131\u015fkan Akg\u00fcl\u2019e \u00e7i\u00e7ek takdim edildi.<\/p>\n","protected":false},"excerpt":{"rendered":"<p>KT\u00dc EDEB\u0130YAT FAK\u00dcLTES\u0130 ARKEOLOJ\u0130 B\u00d6L\u00dcM\u00dc AKADEM\u0130SYENLER\u0130NDEN YRD. DO\u00c7. DR. H\u00dcLYA \u00c7ALI\u015eKAN AKG\u00dcL, \u201cKAZILAR NEDEN \u00d6NEML\u0130D\u0130R D\u0130YE BAKTI\u011eIMIZDA BU KAZILAR GEN\u0130\u015e EK\u0130PLERE SAH\u0130PT\u0130R. BU T\u00dcR KAZI GRUPLARI FARKLI B\u0130L\u0130M DALLARINDAN K\u0130\u015e\u0130LER\u0130N MENSUP OLDU\u011eU \u00c7ALI\u015eMALARDIR. PEK \u00c7OK KONU PEK \u00c7OK A\u00c7IDAN ELE ALINIR. UZUN SOLUKLU \u00c7ALI\u015eMALARDIR. TRABZON\u2019UN BU T\u00dcR \u00c7ALI\u015eMALARA \u0130HT\u0130YACI VAR\u201d DED\u0130.<\/p>\n","protected":false},"author":1,"featured_media":168997,"comment_status":"closed","ping_status":"open","sticky":false,"template":"","format":"standard","meta":{"jetpack_post_was_ever_published":false,"_jetpack_newsletter_access":"","_jetpack_dont_email_post_to_subs":false,"_jetpack_newsletter_tier_id":0,"_jetpack_memberships_contains_paywalled_content":false,"_jetpack_memberships_contains_paid_content":false,"footnotes":"","jetpack_publicize_message":"","jetpack_publicize_feature_enabled":true,"jetpack_social_post_already_shared":true,"jetpack_social_options":{"image_generator_settings":{"template":"highway","default_image_id":0,"font":"","enabled":false},"version":2}},"categories":[1],"tags":[40593,6040,40594,248,488],"class_list":["post-168996","post","type-post","status-publish","format-standard","has-post-thumbnail","hentry","category-genel","tag-buluntu","tag-gunde","tag-saptandi","tag-trabzonda","tag-yeri"],"jetpack_publicize_connections":[],"jetpack_featured_media_url":"https:\/\/i0.wp.com\/www.tvturk.com\/wp-content\/uploads\/2019\/06\/trabzonda-20-gunde-34-buluntu-yeri-saptandi_60fb512.jpg?fit=1000%2C666","jetpack_sharing_enabled":true,"jetpack_shortlink":"https:\/\/wp.me\/paKIfm-HXK","_links":{"self":[{"href":"http:\/\/www.tvturk.com\/index.php\/wp-json\/wp\/v2\/posts\/168996","targetHints":{"allow":["GET"]}}],"collection":[{"href":"http:\/\/www.tvturk.com\/index.php\/wp-json\/wp\/v2\/posts"}],"about":[{"href":"http:\/\/www.tvturk.com\/index.php\/wp-json\/wp\/v2\/types\/post"}],"author":[{"embeddable":true,"href":"http:\/\/www.tvturk.com\/index.php\/wp-json\/wp\/v2\/users\/1"}],"replies":[{"embeddable":true,"href":"http:\/\/www.tvturk.com\/index.php\/wp-json\/wp\/v2\/comments?post=168996"}],"version-history":[{"count":0,"href":"http:\/\/www.tvturk.com\/index.php\/wp-json\/wp\/v2\/posts\/168996\/revisions"}],"wp:featuredmedia":[{"embeddable":true,"href":"http:\/\/www.tvturk.com\/index.php\/wp-json\/wp\/v2\/media\/168997"}],"wp:attachment":[{"href":"http:\/\/www.tvturk.com\/index.php\/wp-json\/wp\/v2\/media?parent=168996"}],"wp:term":[{"taxonomy":"category","embeddable":true,"href":"http:\/\/www.tvturk.com\/index.php\/wp-json\/wp\/v2\/categories?post=168996"},{"taxonomy":"post_tag","embeddable":true,"href":"http:\/\/www.tvturk.com\/index.php\/wp-json\/wp\/v2\/tags?post=168996"}],"curies":[{"name":"wp","href":"https:\/\/api.w.org\/{rel}","templated":true}]}}