{"id":169018,"date":"2019-06-13T18:46:06","date_gmt":"2019-06-13T15:46:06","guid":{"rendered":"http:\/\/www.tvturk.com\/index.php\/mustafa-denizli-irana-geri-dondu\/"},"modified":"2019-06-13T18:46:06","modified_gmt":"2019-06-13T15:46:06","slug":"mustafa-denizli-irana-geri-dondu","status":"publish","type":"post","link":"http:\/\/www.tvturk.com\/index.php\/mustafa-denizli-irana-geri-dondu\/","title":{"rendered":"Mustafa Denizli, \u0130ran\u2019a geri d\u00f6nd\u00fc"},"content":{"rendered":"<p>Kas\u0131mpa\u015fa ile ligin bitimine iki hafta kala yollar\u0131n\u0131 ay\u0131ran Teknik Direkt\u00f6r Mustafa Denizli, \u0130ran ekiplerinden Trakt\u00f6r Sazi\u2019nin ba\u015f\u0131na ge\u00e7ti.<\/p>\n<p>Teknik Direkt\u00f6r Mustafa Denizli, \u0130ran Pers K\u00f6rfez Pro Ligi ekiplerinden Trakt\u00f6r Sazi ile 5 y\u0131ll\u0131k s\u00f6zle\u015fme imzalad\u0131.<\/p>\n<p>Daha \u00f6nce Proozi FC ve Pas Teheran tak\u0131mlar\u0131n\u0131 \u00e7al\u0131\u015ft\u0131ran 69 ya\u015f\u0131ndaki teknik adam, yeni sezonda yeniden \u0130ran\u2019da g\u00f6rev yapacak.<\/p>\n","protected":false},"excerpt":{"rendered":"<p>(AR\u015e\u0130V) KASIMPA\u015eA \u0130LE L\u0130G\u0130N B\u0130T\u0130M\u0130NE \u0130K\u0130 HAFTA KALA YOLLARINI AYIRAN TEKN\u0130K D\u0130REKT\u00d6R MUSTAFA DEN\u0130ZL\u0130, \u0130RAN EK\u0130PLER\u0130NDEN TRAKT\u00d6R SAZ\u0130&#8217;N\u0130N BA\u015eINA GE\u00c7T\u0130.<\/p>\n","protected":false},"author":1,"featured_media":169019,"comment_status":"closed","ping_status":"open","sticky":false,"template":"","format":"standard","meta":{"jetpack_post_was_ever_published":false,"_jetpack_newsletter_access":"","_jetpack_dont_email_post_to_subs":false,"_jetpack_newsletter_tier_id":0,"_jetpack_memberships_contains_paywalled_content":false,"_jetpack_memberships_contains_paid_content":false,"footnotes":"","jetpack_publicize_message":"","jetpack_publicize_feature_enabled":true,"jetpack_social_post_already_shared":true,"jetpack_social_options":{"image_generator_settings":{"template":"highway","default_image_id":0,"font":"","enabled":false},"version":2}},"categories":[657],"tags":[2553,990,592,12974,159],"class_list":["post-169018","post","type-post","status-publish","format-standard","has-post-thumbnail","hentry","category-spor","tag-denizli","tag-dondu","tag-geri","tag-irana","tag-mustafa"],"jetpack_publicize_connections":[],"jetpack_featured_media_url":"https:\/\/i0.wp.com\/www.tvturk.com\/wp-content\/uploads\/2019\/06\/mustafa-denizli-irana-geri-dondu_b1fa285.jpg?fit=1000%2C666","jetpack_sharing_enabled":true,"jetpack_shortlink":"https:\/\/wp.me\/paKIfm-HY6","_links":{"self":[{"href":"http:\/\/www.tvturk.com\/index.php\/wp-json\/wp\/v2\/posts\/169018","targetHints":{"allow":["GET"]}}],"collection":[{"href":"http:\/\/www.tvturk.com\/index.php\/wp-json\/wp\/v2\/posts"}],"about":[{"href":"http:\/\/www.tvturk.com\/index.php\/wp-json\/wp\/v2\/types\/post"}],"author":[{"embeddable":true,"href":"http:\/\/www.tvturk.com\/index.php\/wp-json\/wp\/v2\/users\/1"}],"replies":[{"embeddable":true,"href":"http:\/\/www.tvturk.com\/index.php\/wp-json\/wp\/v2\/comments?post=169018"}],"version-history":[{"count":0,"href":"http:\/\/www.tvturk.com\/index.php\/wp-json\/wp\/v2\/posts\/169018\/revisions"}],"wp:featuredmedia":[{"embeddable":true,"href":"http:\/\/www.tvturk.com\/index.php\/wp-json\/wp\/v2\/media\/169019"}],"wp:attachment":[{"href":"http:\/\/www.tvturk.com\/index.php\/wp-json\/wp\/v2\/media?parent=169018"}],"wp:term":[{"taxonomy":"category","embeddable":true,"href":"http:\/\/www.tvturk.com\/index.php\/wp-json\/wp\/v2\/categories?post=169018"},{"taxonomy":"post_tag","embeddable":true,"href":"http:\/\/www.tvturk.com\/index.php\/wp-json\/wp\/v2\/tags?post=169018"}],"curies":[{"name":"wp","href":"https:\/\/api.w.org\/{rel}","templated":true}]}}