{"id":169022,"date":"2019-06-13T18:56:25","date_gmt":"2019-06-13T15:56:25","guid":{"rendered":"http:\/\/www.tvturk.com\/index.php\/emekli-tuggeneral-kazim-unal-afyonkarahisarda-topraga-verildi\/"},"modified":"2019-06-13T18:56:25","modified_gmt":"2019-06-13T15:56:25","slug":"emekli-tuggeneral-kazim-unal-afyonkarahisarda-topraga-verildi","status":"publish","type":"post","link":"http:\/\/www.tvturk.com\/index.php\/emekli-tuggeneral-kazim-unal-afyonkarahisarda-topraga-verildi\/","title":{"rendered":"Emekli Tu\u011fgeneral Kaz\u0131m \u00dcnal Afyonkarahisar\u2019da topra\u011fa verildi"},"content":{"rendered":"<p>Tedavi g\u00f6rd\u00fc\u011f\u00fc Hacetepe \u00dcniversitesi T\u0131p Fak\u00fcltesinde Hastanesinde hayat\u0131n\u0131 kaybeden emekli Tu\u011fgeneral Kaz\u0131m \u00dcnal, memleketi Afyonkarahisar\u2019\u0131n Bolvadin il\u00e7esinde topra\u011fa verildi.<\/p>\n<p>Tedavi g\u00f6rd\u00fc\u011f\u00fc Hacetepe \u00dcniversitesi T\u0131p Fak\u00fcltesinde Hastanesinde hayat\u0131n\u0131 kaybeden ve Hacetepe \u00dcniversitesi T\u0131p Fak\u00fcltesi eski Dekan\u0131 Prof. Dr. Serhat \u00dcnal\u2019\u0131n da babas\u0131 olan 92 ya\u015f\u0131ndaki Emekli Tu\u011fgeneral Kaz\u0131m \u00dcnal\u2019\u0131n cenazesi Ankara Ahmet Hamdi Akseki Camii\u2019ne getirildi. Burada k\u0131l\u0131nan \u00f6\u011fle namaz\u0131n\u0131 m\u00fcteakip d\u00fczenlenen askeri t\u00f6renin ard\u0131ndan cenaze nakil arac\u0131 ile memleketi Afyonkarahisar\u2019\u0131n Bolvadin il\u00e7esine getirilen \u00dcnal\u2019\u0131n cenazesi Merkez \u00c7ar\u015f\u0131 camiinde ikindi namaz\u0131n\u0131 m\u00fcteakiben k\u0131l\u0131nan cenaze namaz\u0131ndan sonra aile kabristanl\u0131\u011f\u0131nda topra\u011fa verildi. \u00dcnal\u2019\u0131n cenaze t\u00f6renine Y\u00fcksek \u00d6\u011fretim kurumu (Y\u00d6K) Genel Sekreteri S\u00fcleyman Ak\u00e7e\u015fme, \u0130l\u00e7e Emniyet M\u00fcd\u00fcr\u00fc Ahmet G\u00fclfidan Askeri Erkan, akrabalar\u0131 ve \u00e7ok say\u0131da vatanda\u015f kat\u0131ld\u0131.<\/p>\n","protected":false},"excerpt":{"rendered":"<p>TEDAV\u0130 G\u00d6RD\u00dc\u011e\u00dc HACETEPE \u00dcN\u0130VERS\u0130TES\u0130 TIP FAK\u00dcLTES\u0130NDE HASTANES\u0130NDE HAYATINI KAYBEDEN EMEKL\u0130 TU\u011eGENERAL KAZIM \u00dcNAL, MEMLEKET\u0130 AFYONKARAH\u0130SAR\u2019IN BOLVAD\u0130N \u0130L\u00c7ES\u0130NDE TOPRA\u011eA VER\u0130LD\u0130.<\/p>\n","protected":false},"author":1,"featured_media":169023,"comment_status":"closed","ping_status":"open","sticky":false,"template":"","format":"standard","meta":{"jetpack_post_was_ever_published":false,"_jetpack_newsletter_access":"","_jetpack_dont_email_post_to_subs":false,"_jetpack_newsletter_tier_id":0,"_jetpack_memberships_contains_paywalled_content":false,"_jetpack_memberships_contains_paid_content":false,"footnotes":"","jetpack_publicize_message":"","jetpack_publicize_feature_enabled":true,"jetpack_social_post_already_shared":true,"jetpack_social_options":{"image_generator_settings":{"template":"highway","default_image_id":0,"font":"","enabled":false},"version":2}},"categories":[1],"tags":[894,6907,4990,9494,40600,5877,634],"class_list":["post-169022","post","type-post","status-publish","format-standard","has-post-thumbnail","hentry","category-genel","tag-afyonkarahisarda","tag-emekli","tag-kazim","tag-topraga","tag-tuggeneral","tag-unal","tag-verildi"],"jetpack_publicize_connections":[],"jetpack_featured_media_url":"https:\/\/i0.wp.com\/www.tvturk.com\/wp-content\/uploads\/2019\/06\/emekli-tuggeneral-kazim-unal-afyonkarahisarda-topraga-verildi_e53cf02.jpg?fit=1000%2C750","jetpack_sharing_enabled":true,"jetpack_shortlink":"https:\/\/wp.me\/paKIfm-HYa","_links":{"self":[{"href":"http:\/\/www.tvturk.com\/index.php\/wp-json\/wp\/v2\/posts\/169022","targetHints":{"allow":["GET"]}}],"collection":[{"href":"http:\/\/www.tvturk.com\/index.php\/wp-json\/wp\/v2\/posts"}],"about":[{"href":"http:\/\/www.tvturk.com\/index.php\/wp-json\/wp\/v2\/types\/post"}],"author":[{"embeddable":true,"href":"http:\/\/www.tvturk.com\/index.php\/wp-json\/wp\/v2\/users\/1"}],"replies":[{"embeddable":true,"href":"http:\/\/www.tvturk.com\/index.php\/wp-json\/wp\/v2\/comments?post=169022"}],"version-history":[{"count":0,"href":"http:\/\/www.tvturk.com\/index.php\/wp-json\/wp\/v2\/posts\/169022\/revisions"}],"wp:featuredmedia":[{"embeddable":true,"href":"http:\/\/www.tvturk.com\/index.php\/wp-json\/wp\/v2\/media\/169023"}],"wp:attachment":[{"href":"http:\/\/www.tvturk.com\/index.php\/wp-json\/wp\/v2\/media?parent=169022"}],"wp:term":[{"taxonomy":"category","embeddable":true,"href":"http:\/\/www.tvturk.com\/index.php\/wp-json\/wp\/v2\/categories?post=169022"},{"taxonomy":"post_tag","embeddable":true,"href":"http:\/\/www.tvturk.com\/index.php\/wp-json\/wp\/v2\/tags?post=169022"}],"curies":[{"name":"wp","href":"https:\/\/api.w.org\/{rel}","templated":true}]}}