{"id":169026,"date":"2019-06-13T19:50:34","date_gmt":"2019-06-13T16:50:34","guid":{"rendered":"http:\/\/www.tvturk.com\/index.php\/acikogretim-ogrencileri-mezuniyet-sevinci-yasadi\/"},"modified":"2019-06-13T19:50:34","modified_gmt":"2019-06-13T16:50:34","slug":"acikogretim-ogrencileri-mezuniyet-sevinci-yasadi","status":"publish","type":"post","link":"http:\/\/www.tvturk.com\/index.php\/acikogretim-ogrencileri-mezuniyet-sevinci-yasadi\/","title":{"rendered":"A\u00e7\u0131k\u00f6\u011fretim \u00f6\u011frencileri mezuniyet sevinci ya\u015fad\u0131"},"content":{"rendered":"<p>Anadolu \u00dcniversitesi 2018-2019 Akademik Y\u0131l\u0131 Mezuniyet T\u00f6renleri kapsam\u0131nda A\u00e7\u0131k\u00f6\u011fretim \u0130ktisat ve \u0130\u015fletme Fak\u00fclteleri de mezunlar\u0131n\u0131 verdi. Burada konu\u015fan Anadolu \u00dcniversitesi Rekt\u00f6r\u00fc Prof. Dr. \u015eafak Ertan \u00c7omakl\u0131, \u201cE\u011fitim konusunda T\u00fcrk milletinin i\u015f\u00e7isiyiz, hizmetkar\u0131y\u0131z\u201d dedi.<\/p>\n<p>Anadolu \u00dcniversitesi\u2019nin 2018-2019 Akademik Y\u0131l\u0131 Mezuniyet T\u00f6renleri A\u00e7\u0131k\u00f6\u011fretim, \u0130ktisat ve \u0130\u015fletme Fak\u00fcltesi mezuniyet t\u00f6reni ile sona erdi. Yunus Emre Yerle\u015fkesi\u2019nde bulunan futbol sahas\u0131nda d\u00fczenlenen t\u00f6rene yurdun d\u00f6rt bir yan\u0131ndan gelen 800 a\u00e7\u0131k\u00f6\u011fretim \u00f6\u011frencisi mezuniyet co\u015fkusunu doyas\u0131ya ya\u015fad\u0131. Mezuniyete kimi \u00e7ocuklar\u0131yla kimi torunlar\u0131yla kat\u0131l\u0131rken renkli g\u00f6r\u00fcnt\u00fcler ortaya \u00e7\u0131kt\u0131.<\/p>\n<p>\u201cGelece\u011fimizi in\u015fa edecek \u00e7ocuklar\u0131m\u0131z\u0131 mezun ediyoruz\u201d<\/p>\n<p>T\u00f6ren \u00f6ncesinde bas\u0131n mensuplar\u0131na a\u00e7\u0131klamalarda bulunan Anadolu \u00dcniversitesi Rekt\u00f6r\u00fc Prof. Dr. \u015eafak Ertan \u00c7omakl\u0131, mezuniyet co\u015fkusunun kendileri i\u00e7in \u00e7ok mutluluk verici bir olay oldu\u011funu s\u00f6yledi. \u00c7omakl\u0131, &#8220;Bug\u00fcn 2018-2019 y\u0131l\u0131 mezunlar\u0131m\u0131z\u0131 veriyoruz. Bizim i\u00e7in \u00e7ok mutluluk verici bir olay, \u00e7\u00fcnk\u00fc gelece\u011fimizi in\u015fa edecek \u00e7ocuklar\u0131m\u0131z\u0131 mezun ediyoruz. Bunun yan\u0131 s\u0131ra ben ailelere de \u00e7ok te\u015fekk\u00fcr ediyorum bizleri yaln\u0131z b\u0131rakmad\u0131lar. Onlar\u0131n yeti\u015ftirdi\u011fi \u00e7ocuklar bizim ellerimizdeydi. Biz de \u00f6\u011fretim \u00fcyesi arkada\u015flar\u0131m\u0131zla beraber \u00f6\u011frenci arkada\u015flar\u0131m\u0131z\u0131 e\u011fitmek ve millete yeti\u015ftirmek i\u00e7in \u00e7aba sarf ettik. \u00d6\u011fretim \u00fcyesi arkada\u015flar\u0131m\u0131za da te\u015fekk\u00fcr ediyorum. Vatana millete hay\u0131rl\u0131 olsun diyoruz. Yollar\u0131, bahtlar\u0131 a\u00e7\u0131k olsun, hepsine te\u015fekk\u00fcr ediyoruz. Hepsinden gelecekte mutlu, g\u00fczel, huzurlu haberler duymak istiyoruz. Herkese te\u015fekk\u00fcr ediyoruz\u201d ifadelerini kulland\u0131.<\/p>\n<p>\u201cE\u011fitim konusunda T\u00fcrk milletinin i\u015f\u00e7isiyiz, hizmetkar\u0131y\u0131z\u201d<\/p>\n<p>Ayr\u0131ca Rekt\u00f6r \u00c7omakl\u0131, Anadolu \u00dcniversitesinin d\u00fcnyadaki di\u011fer \u00fcniversitelerden farkl\u0131 k\u0131lan bir yan\u0131 oldu\u011fundan bahsederek, \u201cA\u00e7\u0131k\u00f6\u011fretim Sistemi, Anadolu \u00dcniversitesi\u2019nin d\u00fcnyadaki di\u011fer \u00fcniversitelerden farkl\u0131 k\u0131lan bir yan\u0131. O da tabi bize bir imkan sa\u011fl\u0131yor. \u015e\u00f6yle ki; 18 ya\u015f\u0131ndan 90-100 ya\u015f\u0131na kadar \u00f6\u011frenci profilimiz olu\u015fuyor. Burada bizim bir \u00f6zelli\u011fimiz var, o da global bir \u00fcniversite olmam\u0131z. Bizim d\u00fcnyada 47 noktada s\u0131nav yapabilme kabiliyetimiz var. \u00c7e\u015fitli \u00fclkelerde kamp\u00fcslerimiz var. D\u00fcnyan\u0131n bir\u00e7ok \u00fclkesinde \u00f6\u011frencilerimiz var, onlara s\u0131nav yap\u0131yoruz. Bu yetmiyor, zaten 81 ilde \u00f6\u011frencilerimiz var. Bizim \u00f6\u011frenci profilimiz o nedenle geni\u015f ve T\u00fcrk milletine hizmet ediyoruz. Bizim i\u00e7in en \u00f6nemli husus bu. E\u011fitim konusunda T\u00fcrk milletinin i\u015f\u00e7isiyiz, hizmetkar\u0131y\u0131z. Onlar var oldu\u011fu m\u00fcddet\u00e7e, biz de var olmaya devam edece\u011fiz\u201d dedi.<\/p>\n<p>Konu\u015fman\u0131n ard\u0131ndan t\u00f6renle belgelerini alan \u00f6\u011frenciler, kep atarak mezuniyetlerini kutlad\u0131.<\/p>\n","protected":false},"excerpt":{"rendered":"<p>ANADOLU \u00dcN\u0130VERS\u0130TES\u0130 2018-2019 AKADEM\u0130K YILI MEZUN\u0130YET T\u00d6RENLER\u0130 KAPSAMINDA A\u00c7IK\u00d6\u011eRET\u0130M \u0130KT\u0130SAT VE \u0130\u015eLETME FAK\u00dcLTELER\u0130 DE MEZUNLARINI VERD\u0130.<\/p>\n","protected":false},"author":1,"featured_media":169027,"comment_status":"closed","ping_status":"open","sticky":false,"template":"","format":"standard","meta":{"jetpack_post_was_ever_published":false,"_jetpack_newsletter_access":"","_jetpack_dont_email_post_to_subs":false,"_jetpack_newsletter_tier_id":0,"_jetpack_memberships_contains_paywalled_content":false,"_jetpack_memberships_contains_paid_content":false,"footnotes":"","jetpack_publicize_message":"","jetpack_publicize_feature_enabled":true,"jetpack_social_post_already_shared":true,"jetpack_social_options":{"image_generator_settings":{"template":"highway","default_image_id":0,"font":"","enabled":false},"version":2}},"categories":[1],"tags":[18128,820,1491,821,8303],"class_list":["post-169026","post","type-post","status-publish","format-standard","has-post-thumbnail","hentry","category-genel","tag-acikogretim","tag-mezuniyet","tag-ogrencileri","tag-sevinci","tag-yasadi"],"jetpack_publicize_connections":[],"jetpack_featured_media_url":"https:\/\/i0.wp.com\/www.tvturk.com\/wp-content\/uploads\/2019\/06\/acikogretim-ogrencileri-mezuniyet-sevinci-yasadi_a686b0a.jpg?fit=1000%2C666","jetpack_sharing_enabled":true,"jetpack_shortlink":"https:\/\/wp.me\/paKIfm-HYe","_links":{"self":[{"href":"http:\/\/www.tvturk.com\/index.php\/wp-json\/wp\/v2\/posts\/169026","targetHints":{"allow":["GET"]}}],"collection":[{"href":"http:\/\/www.tvturk.com\/index.php\/wp-json\/wp\/v2\/posts"}],"about":[{"href":"http:\/\/www.tvturk.com\/index.php\/wp-json\/wp\/v2\/types\/post"}],"author":[{"embeddable":true,"href":"http:\/\/www.tvturk.com\/index.php\/wp-json\/wp\/v2\/users\/1"}],"replies":[{"embeddable":true,"href":"http:\/\/www.tvturk.com\/index.php\/wp-json\/wp\/v2\/comments?post=169026"}],"version-history":[{"count":0,"href":"http:\/\/www.tvturk.com\/index.php\/wp-json\/wp\/v2\/posts\/169026\/revisions"}],"wp:featuredmedia":[{"embeddable":true,"href":"http:\/\/www.tvturk.com\/index.php\/wp-json\/wp\/v2\/media\/169027"}],"wp:attachment":[{"href":"http:\/\/www.tvturk.com\/index.php\/wp-json\/wp\/v2\/media?parent=169026"}],"wp:term":[{"taxonomy":"category","embeddable":true,"href":"http:\/\/www.tvturk.com\/index.php\/wp-json\/wp\/v2\/categories?post=169026"},{"taxonomy":"post_tag","embeddable":true,"href":"http:\/\/www.tvturk.com\/index.php\/wp-json\/wp\/v2\/tags?post=169026"}],"curies":[{"name":"wp","href":"https:\/\/api.w.org\/{rel}","templated":true}]}}