{"id":169028,"date":"2019-06-13T19:58:22","date_gmt":"2019-06-13T16:58:22","guid":{"rendered":"http:\/\/www.tvturk.com\/index.php\/diyanet-isleri-baskani-erbas-en-etkili-irsadimiz-yasantimizla-ornek-olmamizdir\/"},"modified":"2019-06-13T19:58:22","modified_gmt":"2019-06-13T16:58:22","slug":"diyanet-isleri-baskani-erbas-en-etkili-irsadimiz-yasantimizla-ornek-olmamizdir","status":"publish","type":"post","link":"http:\/\/www.tvturk.com\/index.php\/diyanet-isleri-baskani-erbas-en-etkili-irsadimiz-yasantimizla-ornek-olmamizdir\/","title":{"rendered":"Diyanet \u0130\u015fleri Ba\u015fkan\u0131 Erba\u015f: \u201cEn etkili ir\u015fad\u0131m\u0131z; ya\u015fant\u0131m\u0131zla \u00f6rnek olmam\u0131zd\u0131r\u201d"},"content":{"rendered":"<p>\u201cYurtd\u0131\u015f\u0131 G\u00f6reve Haz\u0131rl\u0131k E\u011fitim Semineri\u2019ne\u201d kat\u0131lan din g\u00f6revlilerine hitap eden Diyanet \u0130\u015fleri Ba\u015fkan\u0131 Prof. Dr. Ali Erba\u015f, \u201cEn etkili ir\u015fad\u0131m\u0131z, ya\u015fant\u0131m\u0131zla \u00f6rnek olmam\u0131zd\u0131r\u201d dedi.<\/p>\n<p>Diyanet \u0130\u015fleri Ba\u015fkan\u0131 Prof. Dr. Ali Erba\u015f, yurtd\u0131\u015f\u0131nda g\u00f6rev yapacak din g\u00f6revlileri i\u00e7in d\u00fczenlenen \u201cYurtd\u0131\u015f\u0131 G\u00f6reve Haz\u0131rl\u0131k E\u011fitim Semineri\u2019nde konu\u015ftu. Ankara R\u0131fat B\u00f6rek\u00e7i E\u011fitim Merkezi\u2019nde ger\u00e7ekle\u015ftirilen ve 197 din g\u00f6revlisinin kat\u0131ld\u0131\u011f\u0131 seminerde konu\u015fan Diyanet \u0130\u015fleri Ba\u015fkan\u0131 Erba\u015f, din g\u00f6revlilerine tavsiyelerde ve uyar\u0131larda bulundu. Diyanet \u0130\u015fleri Ba\u015fkanl\u0131\u011f\u0131n\u0131n d\u00fcnyan\u0131n her taraf\u0131na hizmet g\u00f6t\u00fcren b\u00fcy\u00fck bir kurum oldu\u011funu ifade eden Ba\u015fkan Erba\u015f, yurtd\u0131\u015f\u0131na giden din g\u00f6revlilerinin, yurt i\u00e7inde oldu\u011fu gibi hakk\u0131n ve hakikatin sesini y\u00fckseltmek, Allah\u2019\u0131n kitab\u0131n\u0131 ve g\u00fczel ahlak\u0131 \u00f6\u011fretmek, milletimizi ve medeniyetimizi en g\u00fczel \u015fekilde temsil etmek \u00fczere yola \u00e7\u0131kt\u0131klar\u0131n\u0131 s\u00f6yledi.<\/p>\n<p>Din g\u00f6revlilerinin birer Peygamber varisi oldu\u011funu belirten Ba\u015fkan Erba\u015f, \u201cBu unvan\u0131 ta\u015f\u0131man\u0131n bahtiyarl\u0131\u011f\u0131n\u0131 ya\u015fad\u0131\u011f\u0131m\u0131z gibi vebalini, mesuliyetini, sorumlulu\u011funu da hi\u00e7bir zaman akl\u0131m\u0131zdan \u00e7\u0131karmayaca\u011f\u0131z\u201d dedi.<\/p>\n<p>Peygamberimize gelen ilk vahiy olan Alak Suresi\u2019nin ilk be\u015f ayetine dikkati \u00e7eken Ba\u015fkan Erba\u015f, \u201cBu medeniyetin mensuplar\u0131n\u0131n elinden kitab\u0131n ve kalemin d\u00fc\u015fmemesi gerekti\u011fi, okuman\u0131n, \u00f6\u011frenmenin hi\u00e7bir zaman ihmal edilmemesi gerekti\u011fi mesaj\u0131n\u0131 veriyor bize. Gitti\u011finiz her yerde bunu anlatacaks\u0131n\u0131z, muhatap oldu\u011funuz herkesle konu\u015furken bunun ne kadar \u00f6nemli oldu\u011funu anlatacaks\u0131n\u0131z\u201d \u015feklinde konu\u015ftu.<\/p>\n<p>\u0130slam\u2019\u0131n bar\u0131\u015f anlam\u0131na geldi\u011fini, M\u00fcsl\u00fcman\u0131n da bar\u0131\u015f, huzur ve denge insan\u0131 oldu\u011funu belirten Erba\u015f, \u0130slamafobi\u2019nin, anti-\u0130slam noktas\u0131na geldi\u011fini kaydetti. Erba\u015f, gen\u00e7lerle \u00f6zellikle ilgilenilmesini dile getirerek,  \u201cAvrupa\u2019da ya\u015fayan milletimizin evinden sonra en \u00e7ok de\u011fer verdi\u011fi yer camidir, o caminin imam\u0131 da, \u00f6nderi de sizlersiniz. \u0130mam, \u00f6nder demek. Orada mahallenin \u00f6nderisiniz, o insanlara \u00f6nderlik yapacaks\u0131n\u0131z\u201d ifadelerini kulland\u0131.<\/p>\n<p>\u201cEn b\u00fcy\u00fck itibar\u0131m\u0131z, Diyanet \u0130\u015fleri Ba\u015fkanl\u0131\u011f\u0131\u2019na mensubiyetimizdir\u201d<\/p>\n<p>Peygamberin, diyanet i\u015flerini Mescid-i Nebevi\u2019den y\u00f6netmesi a\u00e7\u0131s\u0131ndan Diyanet \u0130\u015fleri Ba\u015fkanl\u0131\u011f\u0131n\u0131n Mescid-i Nebevi\u2019nin varisi oldu\u011funu belirten Erba\u015f, \u201cEn b\u00fcy\u00fck itibar\u0131m\u0131z Diyanet \u0130\u015fleri Ba\u015fkanl\u0131\u011f\u0131\u2019na mensubiyetimizdir.  Diyanet \u0130\u015fleri Ba\u015fkanl\u0131\u011f\u0131 olarak do\u011fru dini bilgiyi insanlara nas\u0131l \u00f6\u011fretebiliriz, \u00fcmmet-i vasat nas\u0131l olabiliriz, a\u015f\u0131r\u0131l\u0131klardan uzak nas\u0131l olabiliriz ve insanl\u0131\u011f\u0131  s\u0131rat-\u0131 m\u00fcstakim \u00e7izgisinde nas\u0131l tutabiliriz, bunun gayreti i\u00e7erisindeyiz\u201d diye konu\u015ftu.<\/p>\n<p>\u201cEn t\u00fckenmez hazinemiz, hakikatin bilgisine sahip olmakt\u0131r\u201d<\/p>\n<p>\u201cEn ulvi gayemiz, hayra \u00e7a\u011f\u0131ran bir topluluk olmak, en t\u00fckenmez hazinemiz, hakikatin bilgisine sahip olmakt\u0131r\u201d diyen Erba\u015f, hakikatin bilgisinin kayna\u011f\u0131n\u0131n Kur\u2019an-\u0131 Kerim ve S\u00fcnnet oldu\u011funu kaydetti.<\/p>\n<p>Kur\u2019an ve S\u00fcnnet ayr\u0131mc\u0131l\u0131\u011f\u0131 yapan baz\u0131 topluluklar\u0131n ve gruplar\u0131n oldu\u011funu kaydeden Ba\u015fkan Erba\u015f, \u015f\u00f6yle devam etti:<\/p>\n<p>\u201cSize iki \u015fey b\u0131rakt\u0131m. Onlara sar\u0131ld\u0131\u011f\u0131n\u0131z m\u00fcddet\u00e7e yolunuzu sap\u0131tmas\u0131n\u0131z, Allah\u2019\u0131n Kitab\u0131 ve Rasul\u00fc\u2019n\u00fcn S\u00fcnneti. Bu hadis-i \u015ferif\u2019i, bu Veda Hutbesi emanetini s\u0131k s\u0131k tekrarlayacaks\u0131n\u0131z. S\u00fcnnet olmadan \u0130slam ya\u015fanmaz. Bu anlay\u0131\u015f\u0131 hi\u00e7bir zaman akl\u0131n\u0131zdan \u00e7\u0131karmay\u0131n. S\u00fcnnet olmasa ne namaz\u0131m\u0131z\u0131 k\u0131labiliriz, ne orucumuzu tutabiliriz, ne zekat\u0131m\u0131z\u0131 verebiliriz, ne hacc\u0131m\u0131za gidebiliriz. Bunlar\u0131n hepsini biz S\u00fcnnetten \u00f6\u011freniyoruz.  Sizler de gitti\u011finiz yerlerde hakikatin bilgisinin Kur\u2019an ve s\u00fcnnet oldu\u011fu anlay\u0131\u015f\u0131n\u0131 gen\u00e7lerin, \u00e7ocuklar\u0131n kalplerine yerle\u015ftireceksiniz.\u201d<\/p>\n<p>Din g\u00f6revlilerine, davran\u0131\u015flar\u0131yla \u00f6rnek birer tebli\u011fci olmalar\u0131 gerekti\u011fini belirten Ba\u015fkan Erba\u015f, din g\u00f6revlilerine \u015fu uyar\u0131 ve tavsiyelerde bulundu:<\/p>\n<p>\u201c\u00d6zellikle hizmet etti\u011finiz \u00fclkeyi, b\u00f6lgeyi, mahalleyi, g\u00f6rev yerinizi ve muhatap kitlenizi b\u00fct\u00fcn \u00f6zellikleriyle tan\u0131mak ve ona g\u00f6re rehberlik yapmak durumundas\u0131n\u0131z. Bu meyanda Avrupa\u2019daki vatanda\u015flar\u0131m\u0131z\u0131n maruz kald\u0131\u011f\u0131 k\u00fclt\u00fcrel bask\u0131 ve \u00e7eli\u015fkiler, ku\u015faklar aras\u0131 ya\u015fanan sorunlar kar\u015f\u0131s\u0131nda onlara rehberlik etmek ve sorunlar\u0131n \u00e7\u00f6z\u00fcm\u00fcne katk\u0131 sunmak bizim en \u00f6nemli g\u00f6revlerimizdendir.<\/p>\n<p>Art\u0131k Avrupa\u2019da be\u015finci nesil var. T\u00fcrk\u00e7eyi iyi kullanma, hi\u00e7 \u00f6\u011frenmemi\u015f olma alan\u0131nda s\u0131k\u0131nt\u0131lar\u0131 var. Biliyoruz ki; ba\u015fta inan\u00e7 olmak \u00fczere, dil, k\u00fclt\u00fcr, co\u011frafya, tarih; milleti millet yapan, ayakta tutan, gelece\u011fe ta\u015f\u0131yan asli de\u011ferlerdir. Tarihten de a\u00e7\u0131k\u00e7a g\u00f6r\u00fcyoruz ki; \u0130nanc\u0131n\u0131 kaybedenler varl\u0131\u011f\u0131n\u0131 da kaybediyorlar. Dilini kaybedenler mefk\u00fbresini de kaybediyorlar; tarihini kaybedenler haf\u0131zas\u0131n\u0131 da, co\u011frafyas\u0131n\u0131 da kaybediyorlar. Bunun i\u00e7in ba\u015fta dilimiz, lisan\u0131m\u0131z olmak \u00fczere, k\u00fclt\u00fcr\u00fcm\u00fcz, gelene\u011fimiz ve medeniyetimiz noktas\u0131nda \u00f6zellikle yeni nesiller, gen\u00e7ler ba\u011flam\u0131nda gece-g\u00fcnd\u00fcz \u00e7al\u0131\u015fmak zorunday\u0131z. Sizler se\u00e7ilerek bu vazifeye g\u00f6nderiliyorsunuz. Her birinizin yetenekleri, ba\u015far\u0131lar\u0131 var. Sizden \u00f6zellikle vaktinizi, enerjinizi bu alanlara yo\u011funla\u015ft\u0131rman\u0131z\u0131 istiyorum.<\/p>\n<p>Ya\u015fad\u0131\u011f\u0131m\u0131z d\u00fcnyan\u0131n, \u00fcmmetin ve co\u011frafyam\u0131z\u0131n sorunlar\u0131 ve \u00e7\u00f6z\u00fcm yollar\u0131 konusunda do\u011fru, ger\u00e7ek\u00e7i ve kullan\u0131labilir bilgi \u00fcretmek ve o bilgiyle hayata rehberlik etmek zorunday\u0131z.<\/p>\n<p>G\u00f6rev yapaca\u011f\u0131m\u0131z \u00fclkede te\u015fkilat\u0131m\u0131z\u0131, \u00fclkemizi ve hususiyetle dinimizi en iyi \u015fekilde temsil etmek i\u00e7in gayret edece\u011fiz. \u0130nsanlar sizi ad\u0131n\u0131zla de\u011fil, hoca kimli\u011finizle ve Diyanet mensubu olu\u015funuzla tan\u0131yacak ve konu\u015facaklar. Dolay\u0131s\u0131yla imamet g\u00f6revinin itibar\u0131na, Hocal\u0131k s\u0131fat\u0131n\u0131n izzetine ve M\u00fcsl\u00fcman kimli\u011finin iffetine halel getirecek en ufak bir davran\u0131\u015f\u0131n; tarihin \u00f6n\u00fcnde vebalinin, kurumsal a\u00e7\u0131dan sorumlulu\u011funun ve Allah kat\u0131nda hesab\u0131n\u0131n b\u00fcy\u00fck oldu\u011funu \u00f6nemle ifade etmek istiyorum.<\/p>\n<p>Aktif ve \u00f6zg\u00fcven sahibi olmal\u0131s\u0131n\u0131z. Yerel y\u00f6neticiler, di\u011fer halklar, din ve k\u00fclt\u00fcr mensuplar\u0131 ile m\u00fcmk\u00fcn mertebe iyi ili\u015fkiler kurarak en az\u0131ndan dinimiz ve kimli\u011fimizle ilgili negatif propagandalar\u0131 ve \u00f6nyarg\u0131lar\u0131 \u00f6nlemeye \u00e7al\u0131\u015facaks\u0131n\u0131z.\u201d<\/p>\n<p>\u201cEn b\u00fcy\u00fck imk\u00e2n\u0131m\u0131z;  iman\u0131m\u0131z, samimiyetimiz ve gayretimizdir\u201d<\/p>\n<p>Erba\u015f, din hizmeti de samimiyetin ve ihlas\u0131n \u00f6nemine vurgu yaparak, \u201cYapt\u0131klar\u0131m\u0131z\u0131n Allah kat\u0131nda kar\u015f\u0131l\u0131\u011f\u0131, samimiyetimize g\u00f6re belirlenecektir. Samimiyet i\u00e7in mesle\u011fimizi sevmek olduk\u00e7a \u00f6nemlidir. Samimiyet i\u00e7in, ba\u015fkalar\u0131n\u0131n iyili\u011fi ad\u0131na \u00e7al\u0131\u015fmaktan huzur duymak gerekir.  \u0130hl\u00e2s ve samimiyeti ku\u015fanmak, bizlere bitip t\u00fckenmek bilmeyen bir sermaye verecek ve manevi bereketin kap\u0131lar\u0131n\u0131 a\u00e7acakt\u0131r. Din hizmeti yolunda bizim refik olmak istediklerimiz, Fatiha\u2019da s\u00fcrekli niyaz etti\u011fimiz Nisa 69. ayette tan\u0131t\u0131lan nebiler, s\u0131dd\u00eeklar, \u015fehitler ve salih kimselerin ortak \u00f6zelli\u011fi, insanl\u0131k de\u011ferlerinin ayakta kalmas\u0131 ve ba\u015fkalar\u0131n\u0131n iyili\u011fi i\u00e7in ortaya koyduklar\u0131 \u00fcst\u00fcn gayretleri ve gerekti\u011finde bu u\u011furda kendilerini feda etmeleridir&#8221; diye konu\u015ftu.<\/p>\n<p>Erba\u015f, en etkili ir\u015fad\u0131n \u0130slam\u2019\u0131n hakikatlerini ya\u015fayarak \u00f6rnek olmak oldu\u011funu belirterek, \u015funlar\u0131 s\u00f6yledi:<\/p>\n<p>\u201cEn do\u011fru y\u00f6ntemimiz, hikmet ve g\u00fczel \u00f6\u011f\u00fctt\u00fcr. Sahih bilgi, be\u015feri ili\u015fkilerde nezaket ve zarafet, \u2018muhataba g\u00f6relik\u2019 yani insanlar\u0131n seviyelerine g\u00f6re mesaj\u0131m\u0131z\u0131 iletece\u011fiz. En \u00f6ncelikli i\u015fimiz, \u00f6zellikle gen\u00e7lerle ve b\u00fct\u00fcn toplumla s\u00fcrekli ve iyi ileti\u015fim i\u00e7inde olmakt\u0131r. En \u00e7ok ihtiya\u00e7 duyaca\u011f\u0131m\u0131z \u015fey y\u00fcce bir ideal, adanm\u0131\u015fl\u0131k ruhu ve bitmeyen bir heyecand\u0131r. \u0130dealist olmayan imam olamaz, imaml\u0131k yapamaz, \u00f6nderlik yapamaz. Mefkuremiz olacak. Amac\u0131m\u0131z, Allah r\u0131zas\u0131. Adanm\u0131\u015fl\u0131k ruhu. Kendimizi vazifemize adayaca\u011f\u0131z. Aldanmayaca\u011f\u0131z, adanaca\u011f\u0131z. Bu manada Y\u00fcce Dinimiz \u0130slam\u2019a ve insanl\u0131\u011fa hizmet etmek en b\u00fcy\u00fck idealimiz, bu u\u011furda adanm\u0131\u015fl\u0131k ruhu ile \u00e7al\u0131\u015fmak en b\u00fcy\u00fck bahtiyarlar\u0131m\u0131z ve \u00e7al\u0131\u015fmalar\u0131m\u0131z\u0131n meyvelerini g\u00f6rmek en b\u00fcy\u00fck heyecan kayna\u011f\u0131m\u0131z olacak. Hepinize kolayl\u0131klar diliyorum. Cenab-\u0131 Hak yolunuzu a\u00e7\u0131k eylesin.\u201d<\/p>\n<p>Programa, D\u0131\u015f \u0130li\u015fkiler Genel M\u00fcd\u00fcr\u00fc Erdal Atalay da kat\u0131ld\u0131.<\/p>\n","protected":false},"excerpt":{"rendered":"<p>\u201cYURTDI\u015eI G\u00d6REVE HAZIRLIK E\u011e\u0130T\u0130M SEM\u0130NER\u0130\u2019NE\u201d KATILAN D\u0130N G\u00d6REVL\u0130LER\u0130NE H\u0130TAP EDEN D\u0130YANET \u0130\u015eLER\u0130 BA\u015eKANI PROF. DR. AL\u0130 ERBA\u015e, \u201cEN ETK\u0130L\u0130 \u0130R\u015eADIMIZ, YA\u015eANTIMIZLA \u00d6RNEK OLMAMIZDIR\u201d DED\u0130.<\/p>\n","protected":false},"author":1,"featured_media":169029,"comment_status":"closed","ping_status":"open","sticky":false,"template":"","format":"standard","meta":{"jetpack_post_was_ever_published":false,"_jetpack_newsletter_access":"","_jetpack_dont_email_post_to_subs":false,"_jetpack_newsletter_tier_id":0,"_jetpack_memberships_contains_paywalled_content":false,"_jetpack_memberships_contains_paid_content":false,"footnotes":"","jetpack_publicize_message":"","jetpack_publicize_feature_enabled":true,"jetpack_social_post_already_shared":true,"jetpack_social_options":{"image_generator_settings":{"template":"highway","default_image_id":0,"font":"","enabled":false},"version":2}},"categories":[1],"tags":[2370,216,3150,10687,3102,40601,3151,40603,1996,40602],"class_list":["post-169028","post","type-post","status-publish","format-standard","has-post-thumbnail","hentry","category-genel","tag-en","tag-baskani","tag-diyanet","tag-erbas","tag-etkili","tag-irsadimiz","tag-isleri","tag-olmamizdir","tag-ornek","tag-yasantimizla"],"jetpack_publicize_connections":[],"jetpack_featured_media_url":"https:\/\/i0.wp.com\/www.tvturk.com\/wp-content\/uploads\/2019\/06\/diyanet-isleri-baskani-erbas-en-etkili-irsadimiz-yasantimizla-ornek-olmamizdir_f65e0b2.jpg?fit=1000%2C666","jetpack_sharing_enabled":true,"jetpack_shortlink":"https:\/\/wp.me\/paKIfm-HYg","_links":{"self":[{"href":"http:\/\/www.tvturk.com\/index.php\/wp-json\/wp\/v2\/posts\/169028","targetHints":{"allow":["GET"]}}],"collection":[{"href":"http:\/\/www.tvturk.com\/index.php\/wp-json\/wp\/v2\/posts"}],"about":[{"href":"http:\/\/www.tvturk.com\/index.php\/wp-json\/wp\/v2\/types\/post"}],"author":[{"embeddable":true,"href":"http:\/\/www.tvturk.com\/index.php\/wp-json\/wp\/v2\/users\/1"}],"replies":[{"embeddable":true,"href":"http:\/\/www.tvturk.com\/index.php\/wp-json\/wp\/v2\/comments?post=169028"}],"version-history":[{"count":0,"href":"http:\/\/www.tvturk.com\/index.php\/wp-json\/wp\/v2\/posts\/169028\/revisions"}],"wp:featuredmedia":[{"embeddable":true,"href":"http:\/\/www.tvturk.com\/index.php\/wp-json\/wp\/v2\/media\/169029"}],"wp:attachment":[{"href":"http:\/\/www.tvturk.com\/index.php\/wp-json\/wp\/v2\/media?parent=169028"}],"wp:term":[{"taxonomy":"category","embeddable":true,"href":"http:\/\/www.tvturk.com\/index.php\/wp-json\/wp\/v2\/categories?post=169028"},{"taxonomy":"post_tag","embeddable":true,"href":"http:\/\/www.tvturk.com\/index.php\/wp-json\/wp\/v2\/tags?post=169028"}],"curies":[{"name":"wp","href":"https:\/\/api.w.org\/{rel}","templated":true}]}}