{"id":169044,"date":"2019-06-13T21:15:22","date_gmt":"2019-06-13T18:15:22","guid":{"rendered":"http:\/\/www.tvturk.com\/index.php\/kutadgu-bilig-ve-dede-korkut-kahramanmarasta-anildi\/"},"modified":"2019-06-13T21:15:22","modified_gmt":"2019-06-13T18:15:22","slug":"kutadgu-bilig-ve-dede-korkut-kahramanmarasta-anildi","status":"publish","type":"post","link":"http:\/\/www.tvturk.com\/index.php\/kutadgu-bilig-ve-dede-korkut-kahramanmarasta-anildi\/","title":{"rendered":"Kutadgu Bilig ve Dede Korkut Kahramanmara\u015f\u2019ta an\u0131ld\u0131"},"content":{"rendered":"<p>UNESCO\u2019nun Evrenselle\u015ftirdi\u011fi Kutadgu Bilig ve Dede Korkut \u015eehit \u00d6\u011fretmenler \u0130lkokulunda d\u00fczenlenen \u00e7e\u015fitli etkinliklerle an\u0131ld\u0131<\/p>\n<p>UNESCO taraf\u0131ndan 2019 y\u0131l\u0131nda Somut Olmayan K\u00fclt\u00fcrel Miras listesine al\u0131nan T\u00fcrk edebiyat\u0131n\u0131n iki \u00f6nemli eserlerinden \u2019\u2019Kutadgu Bilig\u2019in Yusuf Has Hacib Taraf\u0131ndan Yaz\u0131l\u0131\u015f\u0131n\u0131n 950. Y\u0131l D\u00f6n\u00fcm\u00fc\u201d ve \u201cDede Korkut Miras\u0131 Destan, Masal ve M\u00fczik\u201d etkinli\u011fi ger\u00e7ekle\u015ftirildi.<\/p>\n<p>Etkinli\u011fe Dulkadiro\u011flu \u0130l\u00e7e Milli E\u011fitim \u015eube M\u00fcd\u00fcr\u00fc Y\u0131lmaz Bozdere, Kahramanmara\u015f S\u00fct\u00e7\u00fc \u0130mam \u00dcniversitesi Doktor \u00d6\u011fretim \u00dcyesi O\u011fuzhan Kuru, \u015eehit \u00d6\u011fretmenler \u0130lkokulu M\u00fcd\u00fcr\u00fc Erol Yorulmaz, Kahramanmara\u015f Olgunla\u015fma Enstit\u00fcs\u00fc M\u00fcd\u00fcr\u00fc Mutlu Aslant\u00fcrk, misafirler ve \u00f6\u011frenciler kat\u0131ld\u0131.<\/p>\n<p>Program, enstit\u00fcn\u00fcn eserlerde yer alan \u00f6zl\u00fc ve hikmetli s\u00f6zleri aktard\u0131\u011f\u0131 \u00fcr\u00fcnlerin sergilenmesiyle son buldu.<\/p>\n","protected":false},"excerpt":{"rendered":"<p>UNESCO\u2019NUN EVRENSELLE\u015eT\u0130RD\u0130\u011e\u0130 KUTADGU B\u0130L\u0130G VE DEDE KORKUT \u015eEH\u0130T \u00d6\u011eRETMENLER \u0130LKOKULUNDA D\u00dcZENLENEN \u00c7E\u015e\u0130TL\u0130 ETK\u0130NL\u0130KLERLE ANILDI.<\/p>\n","protected":false},"author":1,"featured_media":169045,"comment_status":"closed","ping_status":"open","sticky":false,"template":"","format":"standard","meta":{"jetpack_post_was_ever_published":false,"_jetpack_newsletter_access":"","_jetpack_dont_email_post_to_subs":false,"_jetpack_newsletter_tier_id":0,"_jetpack_memberships_contains_paywalled_content":false,"_jetpack_memberships_contains_paid_content":false,"footnotes":"","jetpack_publicize_message":"","jetpack_publicize_feature_enabled":true,"jetpack_social_post_already_shared":true,"jetpack_social_options":{"image_generator_settings":{"template":"highway","default_image_id":0,"font":"","enabled":false},"version":2}},"categories":[656],"tags":[241,16507,15878,4496,15879,16506],"class_list":["post-169044","post","type-post","status-publish","format-standard","has-post-thumbnail","hentry","category-kultur-sanat","tag-anildi","tag-bilig","tag-dede","tag-kahramanmarasta","tag-korkut","tag-kutadgu"],"jetpack_publicize_connections":[],"jetpack_featured_media_url":"https:\/\/i0.wp.com\/www.tvturk.com\/wp-content\/uploads\/2019\/06\/kutadgu-bilig-ve-dede-korkut-kahramanmarasta-anildi_c6e83f0.jpg?fit=1000%2C662","jetpack_sharing_enabled":true,"jetpack_shortlink":"https:\/\/wp.me\/paKIfm-HYw","_links":{"self":[{"href":"http:\/\/www.tvturk.com\/index.php\/wp-json\/wp\/v2\/posts\/169044","targetHints":{"allow":["GET"]}}],"collection":[{"href":"http:\/\/www.tvturk.com\/index.php\/wp-json\/wp\/v2\/posts"}],"about":[{"href":"http:\/\/www.tvturk.com\/index.php\/wp-json\/wp\/v2\/types\/post"}],"author":[{"embeddable":true,"href":"http:\/\/www.tvturk.com\/index.php\/wp-json\/wp\/v2\/users\/1"}],"replies":[{"embeddable":true,"href":"http:\/\/www.tvturk.com\/index.php\/wp-json\/wp\/v2\/comments?post=169044"}],"version-history":[{"count":0,"href":"http:\/\/www.tvturk.com\/index.php\/wp-json\/wp\/v2\/posts\/169044\/revisions"}],"wp:featuredmedia":[{"embeddable":true,"href":"http:\/\/www.tvturk.com\/index.php\/wp-json\/wp\/v2\/media\/169045"}],"wp:attachment":[{"href":"http:\/\/www.tvturk.com\/index.php\/wp-json\/wp\/v2\/media?parent=169044"}],"wp:term":[{"taxonomy":"category","embeddable":true,"href":"http:\/\/www.tvturk.com\/index.php\/wp-json\/wp\/v2\/categories?post=169044"},{"taxonomy":"post_tag","embeddable":true,"href":"http:\/\/www.tvturk.com\/index.php\/wp-json\/wp\/v2\/tags?post=169044"}],"curies":[{"name":"wp","href":"https:\/\/api.w.org\/{rel}","templated":true}]}}