{"id":169046,"date":"2019-06-13T21:17:46","date_gmt":"2019-06-13T18:17:46","guid":{"rendered":"http:\/\/www.tvturk.com\/index.php\/cerkezkoyun-yildizlari-odullendirildi\/"},"modified":"2019-06-13T21:17:46","modified_gmt":"2019-06-13T18:17:46","slug":"cerkezkoyun-yildizlari-odullendirildi","status":"publish","type":"post","link":"http:\/\/www.tvturk.com\/index.php\/cerkezkoyun-yildizlari-odullendirildi\/","title":{"rendered":"\u00c7erkezk\u00f6y\u2019\u00fcn y\u0131ld\u0131zlar\u0131 \u00f6d\u00fcllendirildi"},"content":{"rendered":"<p>Tekirda\u011f\u2019\u0131n \u00c7erkezk\u00f6y il\u00e7esinde \u00c7erkezk\u00f6y \u0130l\u00e7e Milli E\u011fitim M\u00fcd\u00fcrl\u00fc\u011f\u00fc taraf\u0131ndan il\u00e7ede ulusal ve uluslararas\u0131 arenada ba\u015far\u0131 g\u00f6steren \u00f6\u011frencileri \u00f6d\u00fcllendirmek amac\u0131yla \u2018\u00c7erkezk\u00f6y Y\u0131ld\u0131zlar\u0131yla Bulu\u015fuyor\u2019 isimli \u00f6d\u00fcl t\u00f6reni d\u00fczenlendi.   \u00c7erkezk\u00f6y Organize Sanayi B\u00f6lgesi Konferans Salonu\u2019nda d\u00fczenlenen program\u0131n a\u00e7\u0131l\u0131\u015f konu\u015fmas\u0131n\u0131 ger\u00e7ekle\u015ftiren \u0130l\u00e7e Milli E\u011fitim M\u00fcd\u00fcr\u00fc H\u00fcseyin G\u00fcm\u00fc\u015f, cuma g\u00fcn\u00fc 38 bin 196 \u00f6\u011frencinin mezun olaca\u011f\u0131n\u0131 ifade ederek, &#8220;Cumartesi ve Pazar g\u00fcnleri YKS s\u0131nav\u0131na girecek 8 bin 260 \u00f6\u011frencimize ba\u015far\u0131lar diliyorum\u201d dedi.<\/p>\n<p>E\u011fitime yap\u0131lan yat\u0131r\u0131mlardan dolay\u0131 desteklerini esirgemeyen Kaymakam Atilla Selami Abban ve \u0130l Milli E\u011fitim M\u00fcd\u00fcr\u00fc Ersan Ulusan\u2019a te\u015fekk\u00fcr eden G\u00fcm\u00fc\u015f, \u201cBunun d\u0131\u015f\u0131nda bir okul ve bir spor salonu in\u015faat\u0131 devam etmekte K\u0131z\u0131lp\u0131nar mahallemizde 24 derslikli bir okulun ve Ambardere kampus alan\u0131nda 200 \u00f6\u011frencilik pansiyonun yer teslimleri yap\u0131lm\u0131\u015ft\u0131r. Bu bir ekip \u00e7al\u0131\u015fmas\u0131d\u0131r. Bu \u00e7al\u0131\u015fmada il\u00e7ede ekip liderimiz Kaymakam\u0131m\u0131z Atilla Selami Abban, \u0130l Milli E\u011fitim M\u00fcd\u00fcr\u00fcm\u00fcz Ersan Ulusan\u2019d\u0131r. Ben huzurlar\u0131n\u0131zda Kaymakam\u0131m\u0131z, \u0130l Milli E\u011fitim M\u00fcd\u00fcr\u00fcm\u00fcz, Belediye Ba\u015fkan\u0131m\u0131z ve hay\u0131rseverlerimize te\u015fekk\u00fcr ediyorum. Bu anlamda sadece okul in\u015fa etmiyoruz, bir il\u00e7enin, gen\u00e7li\u011fimizin \u00e7ocuklar\u0131m\u0131z\u0131n gelece\u011fini, gelece\u011fimizi in\u015fa ediyoruz. 18 Ocak 2017 tarihinde il\u00e7emizde kurum ve kurulu\u015flarla protokol imzalayarak \u2018S\u0131rada biz var\u0131z\u2019 slogan\u0131 ile \u2018Bir s\u0131n\u0131f donat ad\u0131n\u0131 ya\u015fat\u2019 ad\u0131yla bir proje ba\u015flatt\u0131k. Projemizi Kaymakam\u0131m\u0131z olmak \u00fczere hay\u0131rseverlerimiz \u00e7ok sahiplendiler ve bug\u00fcne kadar Milli E\u011fitim M\u00fcd\u00fcrl\u00fc\u011f\u00fc taraf\u0131ndan 261. Proje kapsam\u0131nda hay\u0131rseverlerimiz taraf\u0131ndan 168 s\u0131n\u0131f, 3 Z k\u00fct\u00fcphane, 5 stem kodlama at\u00f6lyesi, 2 m\u00fczik s\u0131n\u0131f\u0131, 3 laboratuvar ve bir \u00f6zel e\u011fitim s\u0131n\u0131f\u0131 olmak \u00fczere toplamda 443 s\u0131n\u0131f donat\u0131lm\u0131\u015ft\u0131r. Proje \u00f6zg\u00fcnl\u00fc\u011f\u00fc, insan, e\u011fitim ve sonu\u00e7 odakl\u0131 yap\u0131s\u0131yla sekiz farkl\u0131 bakanl\u0131k yetkisinden olu\u015fan j\u00fcri taraf\u0131ndan \u0130\u015f\u00e7ileri Bakanl\u0131\u011f\u0131 taraf\u0131ndan \u2018Projem T\u00fcrkiye\u2019 yar\u0131\u015fmas\u0131nda \u00f6d\u00fcle lay\u0131k g\u00f6r\u00fclm\u00fc\u015f ve T\u00fcrkiye\u2019de ilk \u00fc\u00e7e girmi\u015ftir. Biz bu i\u015fi yaparken, sadece s\u0131n\u0131flar\u0131 donatmad\u0131k, o s\u0131n\u0131flarda okuyan yavrular\u0131m\u0131z\u0131n g\u00f6n\u00fcllerini de donatt\u0131k. Projemiz halen devam etmektedir ve bu projeye deste\u011fini hi\u00e7 esirgemeyen herkese te\u015fekk\u00fcr ediyorum\u201d dedi. G\u00fcm\u00fc\u015f, konu\u015fmas\u0131n\u0131n devam\u0131nda \u00c7erkezk\u00f6y\u2019de \u00f6d\u00fcl alan \u00f6\u011frencileri kutlad\u0131 ve yap\u0131lan \u00e7al\u0131\u015fmalarla ilgili bilgiler verdi.<\/p>\n<p>Emek veren herkese te\u015fekk\u00fcr etti<\/p>\n<p>\u00c7erkezk\u00f6y Belediye Ba\u015fkan\u0131 Vahap Akay, \u201cFilm \u015feridi gibi bir 3 y\u0131l ge\u00e7irdik\u201d diyerek ba\u015flad\u0131\u011f\u0131 s\u00f6zlerine \u015fu \u015fekilde devam etti:<\/p>\n<p>\u201c\u00c7erkezk\u00f6y\u2019de 50-55\u2019leri bulan s\u0131n\u0131f mevcutlar\u0131n\u0131n \u201c\u00c7erkezk\u00f6y\u2019\u00fcn gelece\u011fi bu olmamal\u0131\u201d denilerek bir e\u011fitim hamlesine ba\u015flan\u0131ld\u0131. Bu durumun \u00fcstesinden ancak el birli\u011fi ile gelebiliriz diyerek \u00e7al\u0131\u015fmalara ba\u015flayan Say\u0131n Kaymakam\u0131m\u0131z Atilla Selami Abban\u2019a bir kere daha huzurlar\u0131n\u0131zda te\u015fekk\u00fcr ediyorum. Bu emek bug\u00fcn\u00fcn \u00e7ocuklar\u0131na, \u00c7erkezk\u00f6y\u2019\u00fcn \u00e7ocuklar\u0131na, gelece\u011fimizin teminat\u0131 olan karde\u015flerimize olan bu sorumluluk duygusuyla ve bir ekip \u00e7al\u0131\u015fmas\u0131yla ortaya \u00e7\u0131km\u0131\u015ft\u0131r. Neredeyse \u00fc\u00e7l\u00fc e\u011fitim ger\u00e7e\u011fini ya\u015fayan kentimizde 2019\u2019un Haziran ay\u0131nda gelmi\u015f oldu\u011fumuz noktada tekli e\u011fitime ge\u00e7mek \u00fczere oldu\u011fumuz fiziki \u015fartlar\u0131 iyile\u015ftirmi\u015f ve yeni yap\u0131lm\u0131\u015f bir\u00e7ok okul ile bug\u00fcnlere kadar geldik. E\u011fitime olan katk\u0131lar\u0131 i\u00e7in ba\u015fta Kaymakam\u0131m\u0131z Atilla Selami Abban olmak \u00fczere, \u0130l Milli E\u011fitim M\u00fcd\u00fcr\u00fcm\u00fcze, \u0130l\u00e7e Milli E\u011fitim M\u00fcd\u00fcr\u00fcm\u00fcze, \u00c7erkezk\u00f6y OSB y\u00f6netimine, k\u0131ymetli hay\u0131rseverlerimize, bir ekip \u00e7al\u0131\u015fmas\u0131yla top yek\u00fbn m\u00fccadele ile g\u00f6zlerini her \u015feye kapatarak bu m\u00fccadeleyi ger\u00e7ekle\u015ftiren herkese bir kere daha te\u015fekk\u00fcr ediyorum\u201d.<\/p>\n<p>\u201c\u00c7ok g\u00fczel bir d\u00f6nem, adeta hasat d\u00f6nemi\u201d<\/p>\n<p>&#8220;\u0130\u00e7erisinde bulundu\u011fumuz zamanlar bizler i\u00e7in de adeta bir hasat mevsimi&#8221; diyerek s\u00f6zlerine ba\u015flayan \u0130l Milli e\u011fitim M\u00fcd\u00fcr\u00fc Ersan Ulusan da; &#8220;Okullar\u0131m\u0131zda birbirinden g\u00fczel etkinliklerin sergilendi\u011fi, il\u00e7elerimizde birbirinden g\u00fczel g\u00f6sterilerin sergilendi\u011fi, \u00f6d\u00fcl t\u00f6renleri m\u00fcsamerelerin ger\u00e7ekle\u015ftirildi\u011fi, \u00e7ok g\u00fczel bir d\u00f6nem. \u0130l\u00e7e M\u00fcd\u00fcr\u00fcm\u00fcz ve Belediye Ba\u015fkan\u0131m\u0131z ifade etti, ge\u00e7irdi\u011fimiz s\u00fcre\u00e7te \u00c7erkezk\u00f6y e\u011fitim anlam\u0131nda yo\u011fun bir ihtiyac\u0131 kar\u015f\u0131lam\u0131\u015f oldu. E\u011fitim altyap\u0131m\u0131z\u0131 iyile\u015ftirmek hedefimiz. \u00d6\u011frencilerimizi de gelece\u011fe en iyi \u015fekilde haz\u0131rlamak bizim i\u00e7in olmazsa olmaz.<\/p>\n<p>Yar\u0131n itibariyle de 2018 \u2013 2019 y\u0131l\u0131n\u0131n karne heyecan\u0131 ya\u015fanacak. \u00d6\u011frencilerimiz i\u00e7in mutlu sa\u011fl\u0131kl\u0131, huzurlu tatil d\u00f6nemi diliyorum.  2019 \u2013 2020 y\u0131l\u0131nda da her zamankinden daha enerjik ve y\u00fcksek verimle \u00e7al\u0131\u015faca\u011f\u0131m\u0131z e\u011fitim \u00f6\u011fretime de ba\u015flar\u0131z diye temenni ediyorum. E\u011fitimi bir dava, gelece\u011fimizin teminat\u0131 olarak g\u00f6ren say\u0131n Kaymakam\u0131m\u0131za huzurlar\u0131n\u0131zda te\u015fekk\u00fcr ediyorum. \u0130limiz genelinde Bakanl\u0131\u011f\u0131m\u0131z\u0131n ilimize 500 milyonluk bir e\u011fitim altyap\u0131s\u0131 yat\u0131r\u0131m\u0131 ile beraber yan\u0131nda da hay\u0131rsever deste\u011fi ile bunlar\u0131 ger\u00e7ekle\u015ftiriyoruz. Bu anlamda bizlere destek olan \u00c7erkezk\u00f6y OSB y\u00f6netim kurulu ba\u015fkan\u0131m\u0131za da te\u015fekk\u00fcr ediyoruz. Birazdan \u00f6d\u00fcllerini alacak \u00f6\u011frencilerimiz aras\u0131nda da kaybeden yok, hepsi asl\u0131nda kazanm\u0131\u015flard\u0131r. Bu t\u00fcr etkinliklerin artarak devam edece\u011fi inanc\u0131yla g\u00f6rev alan \u00f6\u011fretmen arkada\u015flar\u0131m\u0131za ve kat\u0131lan \u00f6\u011frencilerimize huzurlar\u0131n\u0131zda te\u015fekk\u00fcr ediyorum\u201d diye konu\u015ftu.<\/p>\n<p>\u201cE\u011fitim kalitesini artt\u0131raca\u011f\u0131z\u201d<\/p>\n<p>E\u011fitime yapt\u0131\u011f\u0131 yat\u0131r\u0131mlardan dolay\u0131 \u00c7erkezk\u00f6y Organize Sanayi B\u00f6lge M\u00fcd\u00fcr\u00fc Ey\u00fcp S\u00f6zdinler\u2019e te\u015fekk\u00fcr ederek ba\u015flad\u0131\u011f\u0131 konu\u015fmas\u0131nda \u00c7erkezk\u00f6y Kaymakam\u0131 Atilla Selami Abban \u015funlar\u0131 ifade etti:<\/p>\n<p>\u201cBug\u00fcn \u00c7erkezk\u00f6y\u2019\u00fcn Y\u0131ld\u0131zlar\u0131 \u00f6d\u00fcl t\u00f6reninde bulu\u015ftuk. Bug\u00fcn burada uluslararas\u0131 ve ulusal arenada dereceye giren \u00f6\u011frencilerimizi \u00f6d\u00fcllendirece\u011fiz. Buradaki amac\u0131m\u0131z \u00f6\u011frencilerimizi motive edebilmek ve onlar\u0131 daha iyi y\u00f6nlendirebilmek. Hepimizin \u00e7ok iyi bildi\u011fi gibi \u00e7a\u011f\u0131m\u0131z\u0131n en b\u00fcy\u00fck sorunlar\u0131ndan biri \u00e7ocuklar\u0131m\u0131z\u0131 uyu\u015fturucu ba\u011f\u0131ml\u0131l\u0131\u011f\u0131ndan uzakla\u015ft\u0131rmak. Bu hedefimizde de bizlere yard\u0131mc\u0131 olan velilerimize, \u00f6\u011fretmenlerimize huzurlar\u0131n\u0131zda te\u015fekk\u00fcr ediyorum. Uyu\u015fturucu ile ilgili m\u00fccadele \u00e7al\u0131\u015fmalar\u0131m\u0131z devam ediyor. E\u011fitimde kalitemizi de g\u00fcn ge\u00e7tik\u00e7e daha iyi hale getirmek amac\u0131yla \u00e7al\u0131\u015fmalar\u0131m\u0131z s\u00fcr\u00fcyor. \u00d6\u011fretmenlerimizin de kalitemizi artt\u0131rmak i\u00e7in gerekli \u00e7abas\u0131n\u0131 g\u00f6rmek istiyorum. \u00c7erkezk\u00f6y\u2019\u00fcn Y\u0131ld\u0131zlar\u0131 program\u0131na 3\u2019\u00fcnc\u00fc kez kat\u0131l\u0131yorum ve bu g\u00fczel t\u00f6rende \u00c7erkezk\u00f6y Organize Sanayi B\u00f6lgesi Y\u00f6netim Kurulu ba\u015fkan\u0131m\u0131z\u0131n okul vaadini de sizlerle payla\u015fmak istiyorum. Okulu bizzat kendisinin yapaca\u011f\u0131n\u0131 da bilmenizi istiyorum. Ayr\u0131ca gerekli ko\u015fullar\u0131n iyile\u015ftirilmesi ad\u0131na b\u00fcy\u00fck bir ekip \u00e7al\u0131\u015fmas\u0131 yap\u0131l\u0131yor. Hay\u0131rseverlerimiz ve Sivil Toplum \u00d6rg\u00fctlerimiz b\u00fcy\u00fck bir \u00e7al\u0131\u015fma g\u00f6steriyor. Ben buradan il\u00e7emizde e\u011fitime katk\u0131da bulunan de\u011ferli milletvekillerimize, il milli e\u011fitim m\u00fcd\u00fcrl\u00fcklerimize te\u015fekk\u00fcr ediyorum. Hepinize sayg\u0131 ve sevgilerimi sunuyorum\u201d diyerek konu\u015fmas\u0131n\u0131 tamamlad\u0131.<\/p>\n<p>\u00d6d\u00fcllerini ald\u0131lar<\/p>\n<p>Sonras\u0131nda \u00c7erkezk\u00f6y\u2019de 2018-2019 e\u011fitim \u00f6\u011fretim y\u0131l\u0131nda ulusal ve uluslararas\u0131 yar\u0131\u015fmalarda derece elde eden \u00f6\u011frencilere \u00f6d\u00fclleri \u00c7erkezk\u00f6y Kaymakam\u0131 Atilla Selami Abban, Belediye Ba\u015fkan\u0131 Vahap Akay, \u0130l Milli E\u011fitim M\u00fcd\u00fcr\u00fc Ersan Ulusan, \u00c7erkezk\u00f6y Organize Sanayi B\u00f6lgesi Y\u00f6netim Kurulu Ba\u015fkan\u0131 Ey\u00fcp S\u00f6zdinler taraf\u0131ndan verildi.<\/p>\n","protected":false},"excerpt":{"rendered":"<p>TEK\u0130RDA\u011e&#8217;IN \u00c7ERKEZK\u00d6Y \u0130L\u00c7ES\u0130NDE \u00c7ERKEZK\u00d6Y \u0130L\u00c7E M\u0130LL\u0130 E\u011e\u0130T\u0130M M\u00dcD\u00dcRL\u00dc\u011e\u00dc TARAFINDAN \u0130L\u00c7EDE ULUSAL VE ULUSLARARASI ARENADA BA\u015eARI G\u00d6STEREN \u00d6\u011eRENC\u0130LER\u0130 \u00d6D\u00dcLLEND\u0130RMEK AMACIYLA \u2018\u00c7ERKEZK\u00d6Y YILDIZLARIYLA BULU\u015eUYOR\u2019 \u0130S\u0130ML\u0130 \u00d6D\u00dcL T\u00d6REN\u0130 D\u00dcZENLEND\u0130.<\/p>\n","protected":false},"author":1,"featured_media":169047,"comment_status":"closed","ping_status":"open","sticky":false,"template":"","format":"standard","meta":{"jetpack_post_was_ever_published":false,"_jetpack_newsletter_access":"","_jetpack_dont_email_post_to_subs":false,"_jetpack_newsletter_tier_id":0,"_jetpack_memberships_contains_paywalled_content":false,"_jetpack_memberships_contains_paid_content":false,"footnotes":"","jetpack_publicize_message":"","jetpack_publicize_feature_enabled":true,"jetpack_social_post_already_shared":true,"jetpack_social_options":{"image_generator_settings":{"template":"highway","default_image_id":0,"font":"","enabled":false},"version":2}},"categories":[1],"tags":[40612,3223,13549],"class_list":["post-169046","post","type-post","status-publish","format-standard","has-post-thumbnail","hentry","category-genel","tag-cerkezkoyun","tag-odullendirildi","tag-yildizlari"],"jetpack_publicize_connections":[],"jetpack_featured_media_url":"https:\/\/i0.wp.com\/www.tvturk.com\/wp-content\/uploads\/2019\/06\/cerkezkoyun-yildizlari-odullendirildi_d632c9f.jpg?fit=1000%2C662","jetpack_sharing_enabled":true,"jetpack_shortlink":"https:\/\/wp.me\/paKIfm-HYy","_links":{"self":[{"href":"http:\/\/www.tvturk.com\/index.php\/wp-json\/wp\/v2\/posts\/169046","targetHints":{"allow":["GET"]}}],"collection":[{"href":"http:\/\/www.tvturk.com\/index.php\/wp-json\/wp\/v2\/posts"}],"about":[{"href":"http:\/\/www.tvturk.com\/index.php\/wp-json\/wp\/v2\/types\/post"}],"author":[{"embeddable":true,"href":"http:\/\/www.tvturk.com\/index.php\/wp-json\/wp\/v2\/users\/1"}],"replies":[{"embeddable":true,"href":"http:\/\/www.tvturk.com\/index.php\/wp-json\/wp\/v2\/comments?post=169046"}],"version-history":[{"count":0,"href":"http:\/\/www.tvturk.com\/index.php\/wp-json\/wp\/v2\/posts\/169046\/revisions"}],"wp:featuredmedia":[{"embeddable":true,"href":"http:\/\/www.tvturk.com\/index.php\/wp-json\/wp\/v2\/media\/169047"}],"wp:attachment":[{"href":"http:\/\/www.tvturk.com\/index.php\/wp-json\/wp\/v2\/media?parent=169046"}],"wp:term":[{"taxonomy":"category","embeddable":true,"href":"http:\/\/www.tvturk.com\/index.php\/wp-json\/wp\/v2\/categories?post=169046"},{"taxonomy":"post_tag","embeddable":true,"href":"http:\/\/www.tvturk.com\/index.php\/wp-json\/wp\/v2\/tags?post=169046"}],"curies":[{"name":"wp","href":"https:\/\/api.w.org\/{rel}","templated":true}]}}