{"id":169064,"date":"2019-06-13T23:05:10","date_gmt":"2019-06-13T20:05:10","guid":{"rendered":"http:\/\/www.tvturk.com\/index.php\/anadolu-efese-guvenlik-onlemi\/"},"modified":"2019-06-13T23:05:10","modified_gmt":"2019-06-13T20:05:10","slug":"anadolu-efese-guvenlik-onlemi","status":"publish","type":"post","link":"http:\/\/www.tvturk.com\/index.php\/anadolu-efese-guvenlik-onlemi\/","title":{"rendered":"Anadolu Efes\u2019e g\u00fcvenlik \u00f6nlemi"},"content":{"rendered":"<p>Anadolu Efes-Fenerbah\u00e7e kar\u015f\u0131la\u015fmas\u0131nda lacivert-beyazl\u0131lar\u0131n benchinin arkas\u0131nda yer alan trib\u00fcn\u00fcnde sar\u0131-lacivertli taraftarlar oturtulmazken, oralarda g\u00fcvenlik g\u00fc\u00e7leri yer ald\u0131.<\/p>\n<p>Tahincio\u011flu Basketbol S\u00fcper Ligi play-off serisi \u00fc\u00e7\u00fcnc\u00fc ma\u00e7\u0131nda Fenerbah\u00e7e, sahas\u0131nda Anadolu Efes\u2019i a\u011f\u0131rlad\u0131. M\u00fcsabakada yo\u011fun g\u00fcvenlik \u00f6nlemleri al\u0131nd\u0131. Efes yedek oyuncular\u0131n\u0131n ve teknik ekibinin oldu\u011fu yerin arkas\u0131na sar\u0131-lacivertli taraftarlar oturtulmad\u0131. Bu yerlerde polis spor \u015fubeden personel yer ald\u0131.<\/p>\n","protected":false},"excerpt":{"rendered":"<p>ANADOLU EFES-FENERBAH\u00c7E KAR\u015eILA\u015eMASINDA LAC\u0130VERT-BEYAZLILARIN BENCH\u0130N\u0130N ARKASINDA YER ALAN TR\u0130B\u00dcN\u00dcNDE SARI-LAC\u0130VERTL\u0130 TARAFTARLAR OTURTULMAZKEN, ORALARDA G\u00dcVENL\u0130K G\u00dc\u00c7LER\u0130 YER ALDI<\/p>\n","protected":false},"author":1,"featured_media":169065,"comment_status":"closed","ping_status":"open","sticky":false,"template":"","format":"standard","meta":{"jetpack_post_was_ever_published":false,"_jetpack_newsletter_access":"","_jetpack_dont_email_post_to_subs":false,"_jetpack_newsletter_tier_id":0,"_jetpack_memberships_contains_paywalled_content":false,"_jetpack_memberships_contains_paid_content":false,"footnotes":"","jetpack_publicize_message":"","jetpack_publicize_feature_enabled":true,"jetpack_social_post_already_shared":true,"jetpack_social_options":{"image_generator_settings":{"template":"highway","default_image_id":0,"font":"","enabled":false},"version":2}},"categories":[657],"tags":[1223,40615,354,19104],"class_list":["post-169064","post","type-post","status-publish","format-standard","has-post-thumbnail","hentry","category-spor","tag-anadolu","tag-efese","tag-guvenlik","tag-onlemi"],"jetpack_publicize_connections":[],"jetpack_featured_media_url":"https:\/\/i0.wp.com\/www.tvturk.com\/wp-content\/uploads\/2019\/06\/anadolu-efese-guvenlik-onlemi_408e3af.jpg?fit=1000%2C703","jetpack_sharing_enabled":true,"jetpack_shortlink":"https:\/\/wp.me\/paKIfm-HYQ","_links":{"self":[{"href":"http:\/\/www.tvturk.com\/index.php\/wp-json\/wp\/v2\/posts\/169064","targetHints":{"allow":["GET"]}}],"collection":[{"href":"http:\/\/www.tvturk.com\/index.php\/wp-json\/wp\/v2\/posts"}],"about":[{"href":"http:\/\/www.tvturk.com\/index.php\/wp-json\/wp\/v2\/types\/post"}],"author":[{"embeddable":true,"href":"http:\/\/www.tvturk.com\/index.php\/wp-json\/wp\/v2\/users\/1"}],"replies":[{"embeddable":true,"href":"http:\/\/www.tvturk.com\/index.php\/wp-json\/wp\/v2\/comments?post=169064"}],"version-history":[{"count":0,"href":"http:\/\/www.tvturk.com\/index.php\/wp-json\/wp\/v2\/posts\/169064\/revisions"}],"wp:featuredmedia":[{"embeddable":true,"href":"http:\/\/www.tvturk.com\/index.php\/wp-json\/wp\/v2\/media\/169065"}],"wp:attachment":[{"href":"http:\/\/www.tvturk.com\/index.php\/wp-json\/wp\/v2\/media?parent=169064"}],"wp:term":[{"taxonomy":"category","embeddable":true,"href":"http:\/\/www.tvturk.com\/index.php\/wp-json\/wp\/v2\/categories?post=169064"},{"taxonomy":"post_tag","embeddable":true,"href":"http:\/\/www.tvturk.com\/index.php\/wp-json\/wp\/v2\/tags?post=169064"}],"curies":[{"name":"wp","href":"https:\/\/api.w.org\/{rel}","templated":true}]}}