{"id":169070,"date":"2019-06-14T00:57:26","date_gmt":"2019-06-13T21:57:26","guid":{"rendered":"http:\/\/www.tvturk.com\/index.php\/serviscilerden-ibb-onunde-tahdit-karari-kutlamasi\/"},"modified":"2019-06-14T00:57:26","modified_gmt":"2019-06-13T21:57:26","slug":"serviscilerden-ibb-onunde-tahdit-karari-kutlamasi","status":"publish","type":"post","link":"http:\/\/www.tvturk.com\/index.php\/serviscilerden-ibb-onunde-tahdit-karari-kutlamasi\/","title":{"rendered":"Servis\u00e7ilerden \u0130BB \u00f6n\u00fcnde &#8220;tahdit karar\u0131&#8221; kutlamas\u0131"},"content":{"rendered":"<p>\u0130stanbul\u2019da taksi ve servis minib\u00fcs\u00e7\u00fcl\u00fc\u011f\u00fc yapan esnaf, \u201ctahdit karar\u0131n\u0131n\u201d ard\u0131ndan ak\u015fam saatlerinde Sara\u00e7hane\u2019deki \u0130BB binas\u0131 \u00f6n\u00fcnde toplanarak kutlama yapt\u0131.<\/p>\n<p>AK Parti \u0130stanbul B\u00fcy\u00fck\u015fehir Belediye Ba\u015fkan Aday\u0131 Binali Y\u0131ld\u0131r\u0131m\u2019\u0131n \u2018tahdit m\u00fcjdesi\u2019ne binaen al\u0131nan karar\u0131n ard\u0131ndan \u0130stanbul\u2019da servis minib\u00fcs\u00e7\u00fcl\u00fc\u011f\u00fc yapan esnaf, Sara\u00e7hane\u2019deki \u0130BB binas\u0131 \u00f6n\u00fcnde toplant\u0131. Ellerinde T\u00fcrk Bayraklar\u0131 ve me\u015falelerle toplanan grup, m\u00fczik e\u015fli\u011finde oynayarak karar\u0131 kutlad\u0131.<\/p>\n<p>Kutlaman\u0131n ard\u0131ndan toplanan esnaf ad\u0131na a\u00e7\u0131klama yapan \u0130stanbul Umum Servis Arac\u0131 \u0130\u015fletmecileri Esnaf Odas\u0131 (\u0130SAROD) Ba\u015fkan\u0131 Hamza \u00d6zt\u00fcrk, kararda eme\u011fi ge\u00e7en ve \u00e7al\u0131\u015fan herkese te\u015fekk\u00fcr etti.<\/p>\n<p>Al\u0131nan karar\u0131n kendileri i\u00e7in bir milat oldu\u011funu ve kendileri i\u00e7in \u00e7ok \u00f6nem arz etti\u011fini belirten \u00d6zt\u00fcrk,  \u2018\u2019Ancak bu i\u015fin bir mazisi var. 25 May\u0131s 2015\u2019te say\u0131n Cumhurba\u015fkan\u0131m\u0131z\u0131n Sinan Erdem\u2019de ba\u015flay\u0131p bug\u00fcn Sancaktepe Necmettin Erbakan K\u00fclt\u00fcr Merkezi\u2019nde say\u0131n Binali Y\u0131ld\u0131r\u0131m\u2019\u0131n m\u00fcjdesi ile son bulan tahdit karar\u0131 hepimize \u015fimdiden hay\u0131rl\u0131 olsun. Bu i\u015fte eme\u011fi olan herkese ayr\u0131 ayr\u0131 te\u015fekk\u00fcr ediyorum\u2019\u2019 diye konu\u015ftu.<\/p>\n<p>Al\u0131nan tahdit karar\u0131n\u0131n de\u011ferinin bilinmesi gerekti\u011fini ve esnaf arkada\u015flar\u0131n\u0131n nank\u00f6rl\u00fck yapmamas\u0131 gerekti\u011fini aktaran \u0130SAROD Ba\u015fkan\u0131 \u00d6zt\u00fcrk, \u2018\u2019Bu i\u015fte \u015f\u00f6yle bir durum da var, \u00fcz\u00fclerek s\u00f6yleyece\u011fim. Hi\u00e7 eme\u011fi olmadan bug\u00fcn \u00f6\u011fleden sonra 30 y\u0131ll\u0131k \u00e7aban\u0131n sonucu ald\u0131k diyen, sosyal medyada payla\u015f\u0131m yapan ars\u0131zlar\u0131 da g\u00f6rd\u00fck. Bizim i\u015fimiz esnafa bir hizmet \u00fcretmek. Geldi\u011fimiz g\u00fcnden beri bir \u015feyler yapmaya \u00e7al\u0131\u015ft\u0131k. Zaman zaman rahats\u0131zland\u0131k, elden ayaktan d\u00fc\u015ft\u00fck, ama hi\u00e7bir zaman pes etmedik. O g\u00fcnden bug\u00fcne geldik art\u0131k meyveyi toplama zaman\u0131nday\u0131z. Eme\u011fi ge\u00e7enden, herkesten Allah raz\u0131 olsun. Hi\u00e7 m\u00fctevazilik g\u00f6stermeye gerek yok. Bizimle birlikte hakaret i\u015fittiler, k\u00fcf\u00fcr yediler, a\u015fa\u011f\u0131land\u0131lar, hatta \u00e7oluk \u00e7ocu\u011funa kadar beddua edildi. Bunlar\u0131n hi\u00e7bir tanesini hak etmedik, fakat derdimizi bug\u00fcn anlatabiliyoruz. \u00c7\u00fcnk\u00fc sonuca vard\u0131k\u2019\u2019 \u015feklinde konu\u015ftu.<\/p>\n<p>Polis ekiplerinin g\u00fcvenlik \u00f6nlemleri ald\u0131\u011f\u0131 kutlamada esnaf, me\u015fale yakt\u0131, m\u00fczik e\u015fli\u011finde oyun oynad\u0131. Kutlaman\u0131n ard\u0131ndan sessiz bir \u015fekilde da\u011f\u0131ld\u0131.<\/p>\n","protected":false},"excerpt":{"rendered":"<p>\u0130STANBUL\u2019DA TAKS\u0130 VE SERV\u0130S M\u0130N\u0130B\u00dcS\u00c7\u00dcL\u00dc\u011e\u00dc YAPAN ESNAF, \u201cTAHD\u0130T KARARININ\u201d ARDINDAN AK\u015eAM SAATLER\u0130NDE SARA\u00c7HANE\u2019DEK\u0130 \u0130BB B\u0130NASI \u00d6N\u00dcNDE TOPLANARAK KUTLAMA YAPTI.<\/p>\n","protected":false},"author":1,"featured_media":169071,"comment_status":"closed","ping_status":"open","sticky":false,"template":"","format":"standard","meta":{"jetpack_post_was_ever_published":false,"_jetpack_newsletter_access":"","_jetpack_dont_email_post_to_subs":false,"_jetpack_newsletter_tier_id":0,"_jetpack_memberships_contains_paywalled_content":false,"_jetpack_memberships_contains_paid_content":false,"footnotes":"","jetpack_publicize_message":"","jetpack_publicize_feature_enabled":true,"jetpack_social_post_already_shared":true,"jetpack_social_options":{"image_generator_settings":{"template":"highway","default_image_id":0,"font":"","enabled":false},"version":2}},"categories":[1],"tags":[40619,21126,2832,3963,3565,40618],"class_list":["post-169070","post","type-post","status-publish","format-standard","has-post-thumbnail","hentry","category-genel","tag-tahdit","tag-ibb","tag-karari","tag-kutlamasi","tag-onunde","tag-serviscilerden"],"jetpack_publicize_connections":[],"jetpack_featured_media_url":"https:\/\/i0.wp.com\/www.tvturk.com\/wp-content\/uploads\/2019\/06\/serviscilerden-ibb-onunde-tahdit-karari-kutlamasi_76c8e72.jpg?fit=1000%2C666","jetpack_sharing_enabled":true,"jetpack_shortlink":"https:\/\/wp.me\/paKIfm-HYW","_links":{"self":[{"href":"http:\/\/www.tvturk.com\/index.php\/wp-json\/wp\/v2\/posts\/169070","targetHints":{"allow":["GET"]}}],"collection":[{"href":"http:\/\/www.tvturk.com\/index.php\/wp-json\/wp\/v2\/posts"}],"about":[{"href":"http:\/\/www.tvturk.com\/index.php\/wp-json\/wp\/v2\/types\/post"}],"author":[{"embeddable":true,"href":"http:\/\/www.tvturk.com\/index.php\/wp-json\/wp\/v2\/users\/1"}],"replies":[{"embeddable":true,"href":"http:\/\/www.tvturk.com\/index.php\/wp-json\/wp\/v2\/comments?post=169070"}],"version-history":[{"count":0,"href":"http:\/\/www.tvturk.com\/index.php\/wp-json\/wp\/v2\/posts\/169070\/revisions"}],"wp:featuredmedia":[{"embeddable":true,"href":"http:\/\/www.tvturk.com\/index.php\/wp-json\/wp\/v2\/media\/169071"}],"wp:attachment":[{"href":"http:\/\/www.tvturk.com\/index.php\/wp-json\/wp\/v2\/media?parent=169070"}],"wp:term":[{"taxonomy":"category","embeddable":true,"href":"http:\/\/www.tvturk.com\/index.php\/wp-json\/wp\/v2\/categories?post=169070"},{"taxonomy":"post_tag","embeddable":true,"href":"http:\/\/www.tvturk.com\/index.php\/wp-json\/wp\/v2\/tags?post=169070"}],"curies":[{"name":"wp","href":"https:\/\/api.w.org\/{rel}","templated":true}]}}