{"id":169075,"date":"2019-06-14T08:49:02","date_gmt":"2019-06-14T05:49:02","guid":{"rendered":"http:\/\/www.tvturk.com\/index.php\/bu-okul-koyu-kente-tasidi\/"},"modified":"2019-06-14T08:49:02","modified_gmt":"2019-06-14T05:49:02","slug":"bu-okul-koyu-kente-tasidi","status":"publish","type":"post","link":"http:\/\/www.tvturk.com\/index.php\/bu-okul-koyu-kente-tasidi\/","title":{"rendered":"Bu okul k\u00f6y\u00fc kente ta\u015f\u0131d\u0131"},"content":{"rendered":"<p>\u00c7orlu\u2019da e\u011fitim \u00f6\u011fretim veren kurumlar aras\u0131nda yer alan Fevzi \u00c7akmak \u0130lkokulu hayata ge\u00e7irdi\u011fi K\u00f6y\u00fcm Okulda Projesi ile hem \u00f6\u011frencilerine hem de kent hayat\u0131 i\u00e7erisinde k\u00f6y ya\u015fam\u0131na \u00f6zlem duyan velilere k\u00f6y havas\u0131 ya\u015fat\u0131yor.<\/p>\n<p>Proje kapsam\u0131nda okul bah\u00e7esine ekmek f\u0131r\u0131n\u0131 yapan okul y\u00f6netimi meye a\u011fa\u00e7lar\u0131 ile bezedi\u011fi okul bah\u00e7esinin bir k\u00f6\u015fesine tavuk k\u00fcmesi di\u011fer k\u00f6\u015fesine ise sera kurarak bir yandan \u00f6\u011frencileri mutlu ediyor di\u011fer yandan da hem de velilere hem de \u00f6\u011frencilere bu imkanlardan yararlanma f\u0131rsat\u0131 sunuyor.<\/p>\n<p>Hayata ge\u00e7irilen K\u00f6y\u00fcm Okulda Projesi ile ilgili olarak bilgiler veren \u00c7orlu Fevzi \u00c7akmak \u0130lkokulu M\u00fcd\u00fcr\u00fc Adem \u00c7amc\u0131, \u201cK\u00f6y\u00fcm Okulda Projesi ile \u00e7al\u0131\u015fmalar\u0131m\u0131za ba\u015flad\u0131k. Bu projenin kayna\u011f\u0131 asl\u0131nda mahallemizdeki kentle\u015fmenin \u00e7ok y\u00fcksek olmas\u0131. \u00c7ocuklar\u0131n do\u011fal hayat\u0131 g\u00f6rebilecekleri ortam yoktu. Bunun \u0131\u015f\u0131\u011f\u0131nda okulumuzda k\u00f6yleri, do\u011fal hayat\u0131 olu\u015fturabilece\u011fimiz bir alan yarat\u0131p \u00e7ocuklar\u0131m\u0131z\u0131 sera, k\u00fcmes ve meyve a\u011fa\u00e7lar\u0131n\u0131n bulundu\u011fu bir ortamda e\u011fitim \u00f6\u011fretime katk\u0131 verecek faaliyette etkinliklerde bulunmakt\u0131. Ve bunun yan\u0131nda tabii f\u0131r\u0131nla birlikte k\u00f6ylerinden g\u00f6\u00e7 edip gelmi\u015f velilerimizin tekrar b\u00f6yle f\u0131r\u0131nda ekmek yapmalar\u0131n\u0131 sa\u011flamak, \u00e7ocuklarla \u00f6\u011frencilerle birlikte pide, ekmek gibi \u00fcr\u00fcnleri yap\u0131p birlikte t\u00fcketmekti. Bu hem velinin okula olan deste\u011fini hem de velinin \u00f6\u011frenciyle birlikte yapt\u0131\u011f\u0131 faaliyetlere e\u011fitime katk\u0131s\u0131n\u0131 g\u00f6zlemlemek a\u00e7\u0131s\u0131ndan bizim i\u00e7inde ba\u015far\u0131l\u0131 bir proje oldu\u201d dedi.<\/p>\n<p>Okul bah\u00e7esinde yer alan f\u0131r\u0131nda pide ve ekmek yaparak \u00f6\u011frencilere ikram eden veliler ve mahalle sakinleri okul bah\u00e7esindeki imkanlardan yararlanarak k\u00f6y \u00f6zlemini giderebiliyor.<\/p>\n","protected":false},"excerpt":{"rendered":"<p>\u00c7ORLU\u2019DA E\u011e\u0130T\u0130M \u00d6\u011eRET\u0130M VEREN KURUMLAR ARASINDA YER ALAN FEVZ\u0130 \u00c7AKMAK \u0130LKOKULU HAYATA GE\u00c7\u0130RD\u0130\u011e\u0130 K\u00d6Y\u00dcM OKULDA PROJES\u0130 \u0130LE HEM \u00d6\u011eRENC\u0130LER\u0130NE HEM DE KENT HAYATI \u0130\u00c7ER\u0130S\u0130NDE K\u00d6Y YA\u015eAMINA \u00d6ZLEM DUYAN VEL\u0130LERE K\u00d6Y HAVASI YA\u015eATIYOR.<\/p>\n","protected":false},"author":1,"featured_media":169076,"comment_status":"closed","ping_status":"open","sticky":false,"template":"","format":"standard","meta":{"jetpack_post_was_ever_published":false,"_jetpack_newsletter_access":"","_jetpack_dont_email_post_to_subs":false,"_jetpack_newsletter_tier_id":0,"_jetpack_memberships_contains_paywalled_content":false,"_jetpack_memberships_contains_paid_content":false,"footnotes":"","jetpack_publicize_message":"","jetpack_publicize_feature_enabled":true,"jetpack_social_post_already_shared":true,"jetpack_social_options":{"image_generator_settings":{"template":"highway","default_image_id":0,"font":"","enabled":false},"version":2}},"categories":[1],"tags":[19193,15786,120,533],"class_list":["post-169075","post","type-post","status-publish","format-standard","has-post-thumbnail","hentry","category-genel","tag-kente","tag-koyu","tag-okul","tag-tasidi"],"jetpack_publicize_connections":[],"jetpack_featured_media_url":"https:\/\/i0.wp.com\/www.tvturk.com\/wp-content\/uploads\/2019\/06\/bu-okul-koyu-kente-tasidi_d47d412.jpg?fit=1000%2C668","jetpack_sharing_enabled":true,"jetpack_shortlink":"https:\/\/wp.me\/paKIfm-HZ1","_links":{"self":[{"href":"http:\/\/www.tvturk.com\/index.php\/wp-json\/wp\/v2\/posts\/169075","targetHints":{"allow":["GET"]}}],"collection":[{"href":"http:\/\/www.tvturk.com\/index.php\/wp-json\/wp\/v2\/posts"}],"about":[{"href":"http:\/\/www.tvturk.com\/index.php\/wp-json\/wp\/v2\/types\/post"}],"author":[{"embeddable":true,"href":"http:\/\/www.tvturk.com\/index.php\/wp-json\/wp\/v2\/users\/1"}],"replies":[{"embeddable":true,"href":"http:\/\/www.tvturk.com\/index.php\/wp-json\/wp\/v2\/comments?post=169075"}],"version-history":[{"count":0,"href":"http:\/\/www.tvturk.com\/index.php\/wp-json\/wp\/v2\/posts\/169075\/revisions"}],"wp:featuredmedia":[{"embeddable":true,"href":"http:\/\/www.tvturk.com\/index.php\/wp-json\/wp\/v2\/media\/169076"}],"wp:attachment":[{"href":"http:\/\/www.tvturk.com\/index.php\/wp-json\/wp\/v2\/media?parent=169075"}],"wp:term":[{"taxonomy":"category","embeddable":true,"href":"http:\/\/www.tvturk.com\/index.php\/wp-json\/wp\/v2\/categories?post=169075"},{"taxonomy":"post_tag","embeddable":true,"href":"http:\/\/www.tvturk.com\/index.php\/wp-json\/wp\/v2\/tags?post=169075"}],"curies":[{"name":"wp","href":"https:\/\/api.w.org\/{rel}","templated":true}]}}