{"id":169103,"date":"2019-06-14T09:46:37","date_gmt":"2019-06-14T06:46:37","guid":{"rendered":"http:\/\/www.tvturk.com\/index.php\/dr-turay-keslerden-karne-uyarisi\/"},"modified":"2019-06-14T09:46:37","modified_gmt":"2019-06-14T06:46:37","slug":"dr-turay-keslerden-karne-uyarisi","status":"publish","type":"post","link":"http:\/\/www.tvturk.com\/index.php\/dr-turay-keslerden-karne-uyarisi\/","title":{"rendered":"Dr. Turay Kesler\u2019den  karne uyar\u0131s\u0131"},"content":{"rendered":"<p>Okullar yaz tatiline girerken Vatan Okullar\u0131 Y\u00f6netim Kurulu Ba\u015fkan\u0131 Dr. Turay Kesler, velilere karne konusunda \u00f6nemli uyar\u0131larda bulundu.<\/p>\n<p>Hem \u00f6\u011frenciler hem de veliler i\u00e7in heyecan verici bir belge olan karnenin \u00f6\u011frencinin mevcut geli\u015fim durumunu g\u00f6sterdi\u011fini belirten Vatan Okullar\u0131 Y\u00f6netim Kurulu Ba\u015fkan\u0131 Dr. Turay Kesler, sonu\u00e7lar\u0131 etkileyen pek \u00e7ok fakt\u00f6r oldu\u011funu ifade etti.<\/p>\n<p>Anne ve babalar\u0131n \u00e7ocuklar\u0131n ba\u015far\u0131s\u0131n\u0131 sadece karnedeki notlar\u0131 \u00fcst\u00fcnden de\u011ferlendirmemesi gerekti\u011fini vurgulayan Kesler, karnenin yaln\u0131zca \u00f6\u011frencinin performans\u0131n\u0131 yans\u0131tmad\u0131\u011f\u0131n\u0131, ayn\u0131 zamanda aile, \u00f6\u011fretmen ve okulun da performans raporu oldu\u011funu s\u00f6yledi.<\/p>\n<p>Ba\u015far\u0131n\u0131n tarifi y\u00fcksek not olmad\u0131\u011f\u0131n\u0131n alt\u0131n\u0131 \u00e7izen Kesler, &#8220;Baz\u0131 \u00f6\u011frenciler b\u00fct\u00fcn y\u0131l \u00e7al\u0131\u015f\u0131p iyi notlar alman\u0131n rahatl\u0131\u011f\u0131yla tatili d\u00f6rt g\u00f6zle beklerken baz\u0131lar\u0131 i\u00e7in d\u00fc\u015f\u00fck notlar\u0131n aileye bildirilmesi s\u0131k\u0131nt\u0131 kayna\u011f\u0131 olabiliyor. \u00c7ocuklar maalesef anne babalar\u0131ndan gelecek tepkileri kestiremeyip, cezalardan \u00fcrk\u00fcp hatal\u0131 ve \u00fcz\u00fcc\u00fc yollara ba\u015fvurabiliyor. Karnesinde oynamalar yapan ya da ailesinden korkup intihara giden \u00f6\u011frencilerin \u00f6yk\u00fclerine tan\u0131k oluyoruz. B\u00fct\u00fcn bu k\u00f6t\u00fc olaylar\u0131n \u00f6n\u00fcne ge\u00e7ebilmek i\u00e7in ebeveynler sadece notlara odaklanmak yerine genel olarak \u00e7ocuklar\u0131n\u0131n geli\u015fimini, \u00f6\u011frenmesini takip edip, onlar\u0131 desteklemeli. Sadece y\u0131lsonunda karneye bak\u0131p \u00f6\u011f\u00fct ya da ceza veren ebeveynlerden ziyade y\u0131l i\u00e7inde \u00e7ocu\u011fuyla ileti\u015fim i\u00e7inde olan ve onun ihtiya\u00e7lar\u0131na yan\u0131t veren ebeveynlerden olmaya \u00f6zen g\u00f6sterilmeli\u201d diye konu\u015ftu.<\/p>\n","protected":false},"excerpt":{"rendered":"<p>OKULLAR YAZ TAT\u0130L\u0130NE G\u0130RERKEN VATAN OKULLARI Y\u00d6NET\u0130M KURULU BA\u015eKANI DR. TURAY KESLER, VEL\u0130LERE KARNE KONUSUNDA \u00d6NEML\u0130 UYARILARDA BULUNDU.<\/p>\n","protected":false},"author":1,"featured_media":169104,"comment_status":"closed","ping_status":"open","sticky":false,"template":"","format":"standard","meta":{"jetpack_post_was_ever_published":false,"_jetpack_newsletter_access":"","_jetpack_dont_email_post_to_subs":false,"_jetpack_newsletter_tier_id":0,"_jetpack_memberships_contains_paywalled_content":false,"_jetpack_memberships_contains_paid_content":false,"footnotes":"","jetpack_publicize_message":"","jetpack_publicize_feature_enabled":true,"jetpack_social_post_already_shared":true,"jetpack_social_options":{"image_generator_settings":{"template":"highway","default_image_id":0,"font":"","enabled":false},"version":2}},"categories":[1],"tags":[279,39150,40632,40631,914],"class_list":["post-169103","post","type-post","status-publish","format-standard","has-post-thumbnail","hentry","category-genel","tag-dr","tag-karne","tag-keslerden","tag-turay","tag-uyarisi"],"jetpack_publicize_connections":[],"jetpack_featured_media_url":"https:\/\/i0.wp.com\/www.tvturk.com\/wp-content\/uploads\/2019\/06\/dr-turay-keslerden-karne-uyarisi_09ace68.jpg?fit=1000%2C667","jetpack_sharing_enabled":true,"jetpack_shortlink":"https:\/\/wp.me\/paKIfm-HZt","_links":{"self":[{"href":"http:\/\/www.tvturk.com\/index.php\/wp-json\/wp\/v2\/posts\/169103","targetHints":{"allow":["GET"]}}],"collection":[{"href":"http:\/\/www.tvturk.com\/index.php\/wp-json\/wp\/v2\/posts"}],"about":[{"href":"http:\/\/www.tvturk.com\/index.php\/wp-json\/wp\/v2\/types\/post"}],"author":[{"embeddable":true,"href":"http:\/\/www.tvturk.com\/index.php\/wp-json\/wp\/v2\/users\/1"}],"replies":[{"embeddable":true,"href":"http:\/\/www.tvturk.com\/index.php\/wp-json\/wp\/v2\/comments?post=169103"}],"version-history":[{"count":0,"href":"http:\/\/www.tvturk.com\/index.php\/wp-json\/wp\/v2\/posts\/169103\/revisions"}],"wp:featuredmedia":[{"embeddable":true,"href":"http:\/\/www.tvturk.com\/index.php\/wp-json\/wp\/v2\/media\/169104"}],"wp:attachment":[{"href":"http:\/\/www.tvturk.com\/index.php\/wp-json\/wp\/v2\/media?parent=169103"}],"wp:term":[{"taxonomy":"category","embeddable":true,"href":"http:\/\/www.tvturk.com\/index.php\/wp-json\/wp\/v2\/categories?post=169103"},{"taxonomy":"post_tag","embeddable":true,"href":"http:\/\/www.tvturk.com\/index.php\/wp-json\/wp\/v2\/tags?post=169103"}],"curies":[{"name":"wp","href":"https:\/\/api.w.org\/{rel}","templated":true}]}}