{"id":169127,"date":"2019-06-14T10:10:13","date_gmt":"2019-06-14T07:10:13","guid":{"rendered":"http:\/\/www.tvturk.com\/index.php\/multeciler-buyuksehir-sayesinde-meslek-sahibi-oluyor\/"},"modified":"2019-06-14T10:10:13","modified_gmt":"2019-06-14T07:10:13","slug":"multeciler-buyuksehir-sayesinde-meslek-sahibi-oluyor","status":"publish","type":"post","link":"http:\/\/www.tvturk.com\/index.php\/multeciler-buyuksehir-sayesinde-meslek-sahibi-oluyor\/","title":{"rendered":"M\u00fclteciler b\u00fcy\u00fck\u015fehir sayesinde meslek sahibi oluyor"},"content":{"rendered":"<p>Ankara B\u00fcy\u00fck\u015fehir Belediyesi ile Birle\u015fmi\u015f Milletler M\u00fclteciler Y\u00fcksek Komiserli\u011fi (UNHCR) i\u015f birli\u011finde kurulan \u201cUluslararas\u0131 Mesleki E\u011fitim Merkezi\u201d \u00f6nemli bir sosyal sorumluluk projesine ev sahipli\u011fi yap\u0131yor.<\/p>\n<p>Merkez sayesinde m\u00fcltecilerin mesleki e\u011fitim olanaklar\u0131na ula\u015farak, meslek sahibi olmalar\u0131n\u0131n yolu a\u00e7\u0131l\u0131yor.<\/p>\n<p>\u00d6nce T\u00fcrk\u00e7e \u00f6\u011freniyorlar<\/p>\n<p>B\u00fcy\u00fck\u015fehir Belediyesi K\u00fclt\u00fcr ve Sosyal \u0130\u015fler Daire Ba\u015fkanl\u0131\u011f\u0131 Projeler \u015eube M\u00fcd\u00fcrl\u00fc\u011f\u00fc\u2019n\u00fcn y\u00fcr\u00fctt\u00fc\u011f\u00fc uyum projesi kapsam\u0131nda hayata ge\u00e7irilen kurslar\u0131n ilki T\u00fcrk\u00e7e Dil E\u011fitimi ile ba\u015fl\u0131yor.<\/p>\n<p>\u201cUluslararas\u0131 Mesleki E\u011fitim Merkezi\u201dnin T\u00fcrk\u00e7e kursu d\u0131\u015f\u0131nda Mart 2019 tarihinden itibaren mesleki e\u011fitim kurslar\u0131 eklendi.<\/p>\n<p>Toplumsal uyumu kolayla\u015ft\u0131racak proje<\/p>\n<p>B\u00fcy\u00fck\u015fehir Belediyesi ve UNHCR ile ortak y\u00fcr\u00fct\u00fclen projenin amac\u0131; Ankara\u2019da ya\u015fayan ge\u00e7ici koruma sahibi olan Suriyeliler ve uluslararas\u0131 koruma sahibi stat\u00fcs\u00fcndeki di\u011fer yabanc\u0131lar\u0131n (Irak, Afganistan, \u0130ran, Filistin, M\u0131s\u0131r vs.) ev sahibi toplum ile uyumunu sa\u011flamak; bununla beraber ucuz i\u015f g\u00fcc\u00fc ve kay\u0131t d\u0131\u015f\u0131 istihdam\u0131 \u00f6nlemek.<\/p>\n<p>T\u00fcrk\u00e7e kursunun ard\u0131ndan Mesleki E\u011fitim almaya hak kazanan m\u00fclteci kursiyerler, 3 ay s\u00fcren meslek kurslar\u0131na kat\u0131l\u0131yor. Bu kurslar\u0131 ba\u015far\u0131yla tamamlayan kursiyerlere, \u201cHalk E\u011fitim Merkezi\u201darac\u0131l\u0131\u011f\u0131yla sertifika veriliyor.<\/p>\n<p>A\u015f\u00e7\u0131l\u0131ktan grafik tasar\u0131ma e\u011fitim<\/p>\n<p>T\u00fcrk\u00e7e Dil E\u011fitimi\u2019nin d\u0131\u015f\u0131nda Uluslararas\u0131 Mesleki E\u011fitim Merkezi\u2019nde yer alan kurslar ise \u015f\u00f6yle:<\/p>\n<p>-A\u015f\u00e7\u0131l\u0131k<\/p>\n<p>-Pastac\u0131l\u0131k<\/p>\n<p>-Tekstil<\/p>\n<p>-Grafik Tasar\u0131m<\/p>\n<p>-Java<\/p>\n<p>-CNC<\/p>\n<p>-Hidrolik Pn\u00f6matik<\/p>\n<p>Y\u0131lsonuna kadar yakla\u015f\u0131k 600 kursiyere e\u011fitim verilecek<\/p>\n<p>\u00d6n\u00fcm\u00fczdeki g\u00fcnlerde resmi a\u00e7\u0131l\u0131\u015f\u0131 yap\u0131lacak olan \u201cUluslararas\u0131 Mesleki E\u011fitim Merkezi\u201dnde 2019 y\u0131l\u0131 sonuna kadar yakla\u015f\u0131k 600 kursiyere e\u011fitim verilmesi planlan\u0131yor.<\/p>\n<p>Proje kapsam\u0131nda uyum s\u00fcrecini daha fazla g\u00fc\u00e7lendirmek i\u00e7in ki\u015filere psiko-sosyal destek de veriliyor. Bireysel g\u00f6r\u00fc\u015fmeler ve grup \u00e7al\u0131\u015fmalar\u0131n\u0131n yan\u0131 s\u0131ra \u00e7e\u015fitli sosyo-k\u00fclt\u00fcrel faaliyetlerle ve kre\u015f imkan\u0131yla da m\u00fcltecilerin uyum s\u00fcreci destekleniyor.<\/p>\n","protected":false},"excerpt":{"rendered":"<p>ANKARA B\u00dcY\u00dcK\u015eEH\u0130R BELED\u0130YES\u0130 \u0130LE B\u0130RLE\u015eM\u0130\u015e M\u0130LLETLER M\u00dcLTEC\u0130LER Y\u00dcKSEK KOM\u0130SERL\u0130\u011e\u0130 (UNHCR) \u0130\u015e B\u0130RL\u0130\u011e\u0130NDE KURULAN \u201cULUSLARARASI MESLEK\u0130 E\u011e\u0130T\u0130M MERKEZ\u0130\u201d \u00d6NEML\u0130 B\u0130R SOSYAL SORUMLULUK PROJES\u0130NE EV SAH\u0130PL\u0130\u011e\u0130 YAPIYOR.<\/p>\n","protected":false},"author":1,"featured_media":169128,"comment_status":"closed","ping_status":"open","sticky":false,"template":"","format":"standard","meta":{"jetpack_post_was_ever_published":false,"_jetpack_newsletter_access":"","_jetpack_dont_email_post_to_subs":false,"_jetpack_newsletter_tier_id":0,"_jetpack_memberships_contains_paywalled_content":false,"_jetpack_memberships_contains_paid_content":false,"footnotes":"","jetpack_publicize_message":"","jetpack_publicize_feature_enabled":true,"jetpack_social_post_already_shared":true,"jetpack_social_options":{"image_generator_settings":{"template":"highway","default_image_id":0,"font":"","enabled":false},"version":2}},"categories":[1],"tags":[191,4030,3737,145,5966,5213],"class_list":["post-169127","post","type-post","status-publish","format-standard","has-post-thumbnail","hentry","category-genel","tag-buyuksehir","tag-meslek","tag-multeciler","tag-oluyor","tag-sahibi","tag-sayesinde"],"jetpack_publicize_connections":[],"jetpack_featured_media_url":"https:\/\/i0.wp.com\/www.tvturk.com\/wp-content\/uploads\/2019\/06\/multeciler-buyuksehir-sayesinde-meslek-sahibi-oluyor_1309746.jpg?fit=1000%2C665","jetpack_sharing_enabled":true,"jetpack_shortlink":"https:\/\/wp.me\/paKIfm-HZR","_links":{"self":[{"href":"http:\/\/www.tvturk.com\/index.php\/wp-json\/wp\/v2\/posts\/169127","targetHints":{"allow":["GET"]}}],"collection":[{"href":"http:\/\/www.tvturk.com\/index.php\/wp-json\/wp\/v2\/posts"}],"about":[{"href":"http:\/\/www.tvturk.com\/index.php\/wp-json\/wp\/v2\/types\/post"}],"author":[{"embeddable":true,"href":"http:\/\/www.tvturk.com\/index.php\/wp-json\/wp\/v2\/users\/1"}],"replies":[{"embeddable":true,"href":"http:\/\/www.tvturk.com\/index.php\/wp-json\/wp\/v2\/comments?post=169127"}],"version-history":[{"count":0,"href":"http:\/\/www.tvturk.com\/index.php\/wp-json\/wp\/v2\/posts\/169127\/revisions"}],"wp:featuredmedia":[{"embeddable":true,"href":"http:\/\/www.tvturk.com\/index.php\/wp-json\/wp\/v2\/media\/169128"}],"wp:attachment":[{"href":"http:\/\/www.tvturk.com\/index.php\/wp-json\/wp\/v2\/media?parent=169127"}],"wp:term":[{"taxonomy":"category","embeddable":true,"href":"http:\/\/www.tvturk.com\/index.php\/wp-json\/wp\/v2\/categories?post=169127"},{"taxonomy":"post_tag","embeddable":true,"href":"http:\/\/www.tvturk.com\/index.php\/wp-json\/wp\/v2\/tags?post=169127"}],"curies":[{"name":"wp","href":"https:\/\/api.w.org\/{rel}","templated":true}]}}