{"id":169129,"date":"2019-06-14T10:13:16","date_gmt":"2019-06-14T07:13:16","guid":{"rendered":"http:\/\/www.tvturk.com\/index.php\/kizilirmakta-tam-2-metre-boyunda-yayin-baligi-tuttular\/"},"modified":"2019-06-14T10:13:16","modified_gmt":"2019-06-14T07:13:16","slug":"kizilirmakta-tam-2-metre-boyunda-yayin-baligi-tuttular","status":"publish","type":"post","link":"http:\/\/www.tvturk.com\/index.php\/kizilirmakta-tam-2-metre-boyunda-yayin-baligi-tuttular\/","title":{"rendered":"K\u0131z\u0131l\u0131rmak\u2019ta tam 2 metre boyunda yay\u0131n bal\u0131\u011f\u0131 tuttular"},"content":{"rendered":"<p>Nev\u015fehir\u2019in G\u00fcl\u015fehir il\u00e7esinde bulanan K\u0131z\u0131l\u0131rmak nehrinde bal\u0131k tutmaya \u00e7\u0131kan bal\u0131k\u00e7\u0131lar tam 2 metre boyunda yay\u0131n bal\u0131\u011f\u0131 tuttu.<\/p>\n<p>Nev\u015fehir\u2019in G\u00fcl\u015fehir il\u00e7esinde K\u0131z\u0131l\u0131rmak\u2019ta avlanan bal\u0131k\u00e7\u0131lar\u0131n oltas\u0131na 2 metre boyunda yakla\u015f\u0131k 65 kilo a\u011f\u0131rl\u0131\u011f\u0131nda yay\u0131n bal\u0131\u011f\u0131 tak\u0131ld\u0131.<\/p>\n<p>Sabah\u0131n erken saatlerinde avlanmaya \u00e7\u0131kan S\u00fcleyman K\u0131l\u0131\u00e7 ve Derya K\u0131l\u0131\u00e7\u2019\u0131n oltas\u0131na yay\u0131n bal\u0131\u011f\u0131 tak\u0131ld\u0131. Bal\u0131\u011f\u0131 \u00e7\u0131kartmakta zorlanan bal\u0131k\u00e7\u0131lar yakla\u015f\u0131k 1 saatlik \u00e7al\u0131\u015fman\u0131n ard\u0131ndan bal\u0131\u011f\u0131 k\u0131y\u0131ya \u00e7ekebildi.  K\u0131z\u0131l\u0131rmak nehrinde 2 metrelik yay\u0131n bal\u0131\u011f\u0131n\u0131 yakalayan S\u00fcleyman K\u0131l\u0131\u00e7 ve Derya K\u0131l\u0131\u00e7 yay\u0131n bal\u0131\u011f\u0131 ile hat\u0131ra foto\u011fraf\u0131 \u00e7ektirmeyi de ihmal etmedi.<\/p>\n","protected":false},"excerpt":{"rendered":"<p>NEV\u015eEH\u0130R\u2019\u0130N G\u00dcL\u015eEH\u0130R \u0130L\u00c7ES\u0130NDE BULANAN KIZILIRMAK NEHR\u0130NDE BALIK TUTMAYA \u00c7IKAN BALIK\u00c7ILAR TAM 2 METRE BOYUNDA YAYIN BALI\u011eI TUTTU.<\/p>\n","protected":false},"author":1,"featured_media":169130,"comment_status":"closed","ping_status":"open","sticky":false,"template":"","format":"standard","meta":{"jetpack_post_was_ever_published":false,"_jetpack_newsletter_access":"","_jetpack_dont_email_post_to_subs":false,"_jetpack_newsletter_tier_id":0,"_jetpack_memberships_contains_paywalled_content":false,"_jetpack_memberships_contains_paid_content":false,"footnotes":"","jetpack_publicize_message":"","jetpack_publicize_feature_enabled":true,"jetpack_social_post_already_shared":true,"jetpack_social_options":{"image_generator_settings":{"template":"highway","default_image_id":0,"font":"","enabled":false},"version":2}},"categories":[1],"tags":[3399,13376,31487,7091,629,31185,6149],"class_list":["post-169129","post","type-post","status-publish","format-standard","has-post-thumbnail","hentry","category-genel","tag-baligi","tag-boyunda","tag-kizilirmakta","tag-metre","tag-tam","tag-tuttular","tag-yayin"],"jetpack_publicize_connections":[],"jetpack_featured_media_url":"https:\/\/i0.wp.com\/www.tvturk.com\/wp-content\/uploads\/2019\/06\/kizilirmakta-tam-2-metre-boyunda-yayin-baligi-tuttular_c409ec9.jpg?fit=720%2C960","jetpack_sharing_enabled":true,"jetpack_shortlink":"https:\/\/wp.me\/paKIfm-HZT","_links":{"self":[{"href":"http:\/\/www.tvturk.com\/index.php\/wp-json\/wp\/v2\/posts\/169129","targetHints":{"allow":["GET"]}}],"collection":[{"href":"http:\/\/www.tvturk.com\/index.php\/wp-json\/wp\/v2\/posts"}],"about":[{"href":"http:\/\/www.tvturk.com\/index.php\/wp-json\/wp\/v2\/types\/post"}],"author":[{"embeddable":true,"href":"http:\/\/www.tvturk.com\/index.php\/wp-json\/wp\/v2\/users\/1"}],"replies":[{"embeddable":true,"href":"http:\/\/www.tvturk.com\/index.php\/wp-json\/wp\/v2\/comments?post=169129"}],"version-history":[{"count":0,"href":"http:\/\/www.tvturk.com\/index.php\/wp-json\/wp\/v2\/posts\/169129\/revisions"}],"wp:featuredmedia":[{"embeddable":true,"href":"http:\/\/www.tvturk.com\/index.php\/wp-json\/wp\/v2\/media\/169130"}],"wp:attachment":[{"href":"http:\/\/www.tvturk.com\/index.php\/wp-json\/wp\/v2\/media?parent=169129"}],"wp:term":[{"taxonomy":"category","embeddable":true,"href":"http:\/\/www.tvturk.com\/index.php\/wp-json\/wp\/v2\/categories?post=169129"},{"taxonomy":"post_tag","embeddable":true,"href":"http:\/\/www.tvturk.com\/index.php\/wp-json\/wp\/v2\/tags?post=169129"}],"curies":[{"name":"wp","href":"https:\/\/api.w.org\/{rel}","templated":true}]}}