{"id":169135,"date":"2019-06-14T10:29:22","date_gmt":"2019-06-14T07:29:22","guid":{"rendered":"http:\/\/www.tvturk.com\/index.php\/antalya-plaji-degil-sirnak-taslari\/"},"modified":"2019-06-14T10:29:22","modified_gmt":"2019-06-14T07:29:22","slug":"antalya-plaji-degil-sirnak-taslari","status":"publish","type":"post","link":"http:\/\/www.tvturk.com\/index.php\/antalya-plaji-degil-sirnak-taslari\/","title":{"rendered":"Antalya plaj\u0131 de\u011fil \u015e\u0131rnak ta\u015flar\u0131"},"content":{"rendered":"<p>\u015eIRNAK (\u0130HA) \u2013 \u015e\u0131rnak\u2019\u0131n Beyt\u00fc\u015f\u015febap il\u00e7esinde \u00e7ocuklar, s\u0131caklar\u0131n ba\u015flamas\u0131 ile birlikte kendilerini buz gibi sulara b\u0131rakt\u0131. B\u00fcy\u00fck bir b\u00f6l\u00fcm\u00fc da\u011fl\u0131k alandan olu\u015fan il\u00e7ede \u00e7ocuklar, kum yerine ta\u015flara uzan\u0131p g\u00fcne\u015flendi.<\/p>\n<p>\u015e\u0131rnak\u2019\u0131n Beyt\u00fc\u015f\u015febap il\u00e7esinde \u00e7ocuklar, havalar\u0131n \u0131s\u0131nmas\u0131yla beraber dere yataklar\u0131nda y\u00fczmenin keyfini \u00e7\u0131kar\u0131yor. Buz gibi sularda k\u00fc\u00e7\u00fck havuzlar yap\u0131p g\u00fcn boyu y\u00fczen \u00e7ocuklar, \u00f6\u011flen saatlerinde derelere ak\u0131n ediyor.<\/p>\n<p>G\u00fcne\u015flenmek i\u00e7in ta\u015flar\u0131 kullanan ya\u015flar\u0131 9 ile 13 aras\u0131nda de\u011fi\u015fen bir grup \u00e7ocuk il\u00e7eye ba\u011fl\u0131 Ba\u015faran k\u00f6y\u00fc yaylas\u0131ndaki alana gelip g\u00fcn boyu y\u00fczmenin tad\u0131n\u0131 \u00e7\u0131kar\u0131yor. Volkan G\u00f6k\u00e7e isimli \u00e7ocuk, buz gibi suda y\u00fczmek isteyenleri k\u00f6ylerine davet etti. Volkan G\u00f6k\u00e7e, \u201c\u00d6\u011flen saatlerinde buraya gelip y\u00fcz\u00fcyoruz. \u00c7ok g\u00fczel, biraz so\u011fuk ama ta\u015flara yaslanarak \u0131s\u0131nd\u0131ktan sonra g\u00fcne\u015fleniyoruz. Her zaman buraday\u0131z. Herkesi buraya davet ediyorum\u201d dedi.<\/p>\n<p>Nesim G\u00f6k\u00e7e isimli \u00e7ocuk ise, havuz yapman\u0131n g\u00fcnlerce s\u00fcrd\u00fc\u011f\u00fcn\u00fc belirtti. Nesim G\u00fck\u00e7e, \u201cBuras\u0131 \u00e7ok temiz bir yer, Antalya sahili gibi de\u011fil ama olsun buras\u0131 da bizim Antalya\u2019m\u0131z\u201d diye konu\u015ftu.<\/p>\n<p>Berrak suda y\u00fczmeye \u00e7al\u0131\u015fan \u00e7ocuklar yetkililere \u00e7a\u011fr\u0131da bulunarak k\u00f6ylerine bir havuz yap\u0131lmas\u0131n\u0131 istedi.<\/p>\n","protected":false},"excerpt":{"rendered":"<p>\u015eIRNAK\u2019IN BEYT\u00dc\u015e\u015eEBAP \u0130L\u00c7ES\u0130NDE \u00c7OCUKLAR, SICAKLARIN BA\u015eLAMASI \u0130LE B\u0130RL\u0130KTE KEND\u0130LER\u0130N\u0130 BUZ G\u0130B\u0130 SULARA BIRAKTI. B\u00dcY\u00dcK B\u0130R B\u00d6L\u00dcM\u00dc DA\u011eLIK ALANDAN OLU\u015eAN \u0130L\u00c7EDE \u00c7OCUKLAR, KUM YER\u0130NE TA\u015eLARA UZANIP G\u00dcNE\u015eLEND\u0130.<\/p>\n","protected":false},"author":1,"featured_media":169136,"comment_status":"closed","ping_status":"open","sticky":false,"template":"","format":"standard","meta":{"jetpack_post_was_ever_published":false,"_jetpack_newsletter_access":"","_jetpack_dont_email_post_to_subs":false,"_jetpack_newsletter_tier_id":0,"_jetpack_memberships_contains_paywalled_content":false,"_jetpack_memberships_contains_paid_content":false,"footnotes":"","jetpack_publicize_message":"","jetpack_publicize_feature_enabled":true,"jetpack_social_post_already_shared":true,"jetpack_social_options":{"image_generator_settings":{"template":"highway","default_image_id":0,"font":"","enabled":false},"version":2}},"categories":[1],"tags":[3881,2039,19194,2207,11472],"class_list":["post-169135","post","type-post","status-publish","format-standard","has-post-thumbnail","hentry","category-genel","tag-antalya","tag-degil","tag-plaji","tag-sirnak","tag-taslari"],"jetpack_publicize_connections":[],"jetpack_featured_media_url":"https:\/\/i0.wp.com\/www.tvturk.com\/wp-content\/uploads\/2019\/06\/antalya-plaji-degil-sirnak-taslari_aeeecd7.jpg?fit=1000%2C662","jetpack_sharing_enabled":true,"jetpack_shortlink":"https:\/\/wp.me\/paKIfm-HZZ","_links":{"self":[{"href":"http:\/\/www.tvturk.com\/index.php\/wp-json\/wp\/v2\/posts\/169135","targetHints":{"allow":["GET"]}}],"collection":[{"href":"http:\/\/www.tvturk.com\/index.php\/wp-json\/wp\/v2\/posts"}],"about":[{"href":"http:\/\/www.tvturk.com\/index.php\/wp-json\/wp\/v2\/types\/post"}],"author":[{"embeddable":true,"href":"http:\/\/www.tvturk.com\/index.php\/wp-json\/wp\/v2\/users\/1"}],"replies":[{"embeddable":true,"href":"http:\/\/www.tvturk.com\/index.php\/wp-json\/wp\/v2\/comments?post=169135"}],"version-history":[{"count":0,"href":"http:\/\/www.tvturk.com\/index.php\/wp-json\/wp\/v2\/posts\/169135\/revisions"}],"wp:featuredmedia":[{"embeddable":true,"href":"http:\/\/www.tvturk.com\/index.php\/wp-json\/wp\/v2\/media\/169136"}],"wp:attachment":[{"href":"http:\/\/www.tvturk.com\/index.php\/wp-json\/wp\/v2\/media?parent=169135"}],"wp:term":[{"taxonomy":"category","embeddable":true,"href":"http:\/\/www.tvturk.com\/index.php\/wp-json\/wp\/v2\/categories?post=169135"},{"taxonomy":"post_tag","embeddable":true,"href":"http:\/\/www.tvturk.com\/index.php\/wp-json\/wp\/v2\/tags?post=169135"}],"curies":[{"name":"wp","href":"https:\/\/api.w.org\/{rel}","templated":true}]}}