{"id":16914,"date":"2019-02-09T21:35:52","date_gmt":"2019-02-09T18:35:52","guid":{"rendered":"http:\/\/www.tvturk.com\/index.php\/esad-rejimi-idlibe-saldirdi-6-olu\/"},"modified":"2019-02-09T21:35:52","modified_gmt":"2019-02-09T18:35:52","slug":"esad-rejimi-idlibe-saldirdi-6-olu","status":"publish","type":"post","link":"http:\/\/www.tvturk.com\/index.php\/esad-rejimi-idlibe-saldirdi-6-olu\/","title":{"rendered":"Esad rejimi \u0130dlib\u2019e sald\u0131rd\u0131: 6 \u00f6l\u00fc"},"content":{"rendered":"<p>Esad rejiminin \u0130dlib\u2019e d\u00fczenledi\u011fi top\u00e7u sald\u0131r\u0131s\u0131nda 6 ki\u015finin hayat\u0131n\u0131 kaybetti\u011fi bildirildi.<\/p>\n<p>Esad rejimi ve \u0130ran destekli gruplar Suriye\u2019nin \u0130dlib k\u0131rsal\u0131ndaki Han \u015eeyhun b\u00f6lgesine top\u00e7u sald\u0131r\u0131s\u0131 d\u00fczenledi. \u0130dlib k\u0131rsal\u0131ndaki Han \u015eeyhun ve farkl\u0131 b\u00f6lgelerine at\u0131lan yakla\u015f\u0131k 30 top mermisi nedeniyle 6 ki\u015fi hayat\u0131n\u0131 kaybetti. Yerel kaynaklardan al\u0131nan bilgilere g\u00f6re, sivil savunma ekiplerinin olay yerine ula\u015ft\u0131\u011f\u0131, cesetleri \u00e7\u0131kard\u0131\u011f\u0131 ve sald\u0131r\u0131 nedeniyle kapat\u0131lan yollar\u0131 a\u00e7t\u0131\u011f\u0131 belirtildi.<\/p>\n","protected":false},"excerpt":{"rendered":"<p>ESAD REJ\u0130M\u0130N\u0130N \u0130DL\u0130B&#8217;E D\u00dcZENLED\u0130\u011e\u0130 TOP\u00c7U SALDIRISINDA 6 K\u0130\u015e\u0130N\u0130N HAYATINI KAYBETT\u0130\u011e\u0130 B\u0130LD\u0130R\u0130LD\u0130.<\/p>\n","protected":false},"author":1,"featured_media":16915,"comment_status":"closed","ping_status":"open","sticky":false,"template":"","format":"standard","meta":{"jetpack_post_was_ever_published":false,"_jetpack_newsletter_access":"","_jetpack_dont_email_post_to_subs":false,"_jetpack_newsletter_tier_id":0,"_jetpack_memberships_contains_paywalled_content":false,"_jetpack_memberships_contains_paid_content":false,"footnotes":"","jetpack_publicize_message":"","jetpack_publicize_feature_enabled":true,"jetpack_social_post_already_shared":false,"jetpack_social_options":{"image_generator_settings":{"template":"highway","default_image_id":0,"font":"","enabled":false},"version":2}},"categories":[655],"tags":[2104,2106,1664,2105,2107],"class_list":["post-16914","post","type-post","status-publish","format-standard","has-post-thumbnail","hentry","category-son-dakika","tag-esad","tag-idlibe","tag-olu","tag-rejimi","tag-saldirdi"],"jetpack_publicize_connections":[],"jetpack_featured_media_url":"https:\/\/i0.wp.com\/www.tvturk.com\/wp-content\/uploads\/2019\/02\/esad-rejimi-idlibe-saldirdi-6-olu_65a721e.jpg?fit=1000%2C666","jetpack_sharing_enabled":true,"jetpack_shortlink":"https:\/\/wp.me\/paKIfm-4oO","_links":{"self":[{"href":"http:\/\/www.tvturk.com\/index.php\/wp-json\/wp\/v2\/posts\/16914","targetHints":{"allow":["GET"]}}],"collection":[{"href":"http:\/\/www.tvturk.com\/index.php\/wp-json\/wp\/v2\/posts"}],"about":[{"href":"http:\/\/www.tvturk.com\/index.php\/wp-json\/wp\/v2\/types\/post"}],"author":[{"embeddable":true,"href":"http:\/\/www.tvturk.com\/index.php\/wp-json\/wp\/v2\/users\/1"}],"replies":[{"embeddable":true,"href":"http:\/\/www.tvturk.com\/index.php\/wp-json\/wp\/v2\/comments?post=16914"}],"version-history":[{"count":0,"href":"http:\/\/www.tvturk.com\/index.php\/wp-json\/wp\/v2\/posts\/16914\/revisions"}],"wp:featuredmedia":[{"embeddable":true,"href":"http:\/\/www.tvturk.com\/index.php\/wp-json\/wp\/v2\/media\/16915"}],"wp:attachment":[{"href":"http:\/\/www.tvturk.com\/index.php\/wp-json\/wp\/v2\/media?parent=16914"}],"wp:term":[{"taxonomy":"category","embeddable":true,"href":"http:\/\/www.tvturk.com\/index.php\/wp-json\/wp\/v2\/categories?post=16914"},{"taxonomy":"post_tag","embeddable":true,"href":"http:\/\/www.tvturk.com\/index.php\/wp-json\/wp\/v2\/tags?post=16914"}],"curies":[{"name":"wp","href":"https:\/\/api.w.org\/{rel}","templated":true}]}}