{"id":169141,"date":"2019-06-14T10:38:18","date_gmt":"2019-06-14T07:38:18","guid":{"rendered":"http:\/\/www.tvturk.com\/index.php\/sultan-2nci-abdulhamid-hanin-bir-hayali-daha-gercek-oldu\/"},"modified":"2019-06-14T10:38:18","modified_gmt":"2019-06-14T07:38:18","slug":"sultan-2nci-abdulhamid-hanin-bir-hayali-daha-gercek-oldu","status":"publish","type":"post","link":"http:\/\/www.tvturk.com\/index.php\/sultan-2nci-abdulhamid-hanin-bir-hayali-daha-gercek-oldu\/","title":{"rendered":"Sultan 2\u2019nci Abd\u00fclhamid Han\u2019\u0131n bir hayali daha ger\u00e7ek oldu"},"content":{"rendered":"<p>Sa\u011fl\u0131k Bilimleri \u00dcniversitesi Somali Mogadi\u015fu Recep Tayyip Erdo\u011fan Sa\u011fl\u0131k Hizmetleri Meslek Y\u00fcksek Okulu\u2019nda mezuniyet program\u0131 d\u00fczenlendi. T\u00f6rende konu\u015fan Sa\u011fl\u0131k Bilimleri \u00dcniversitesi Rekt\u00f6r\u00fc Prof. Dr. Cevdet Erd\u00f6l, \u201cBu mezuniyet t\u00f6renini Sultan Abd\u00fclhamid Han\u2019\u0131n \u0130slam co\u011frafyas\u0131na sa\u011fl\u0131k profesyonelleri yeti\u015ftirme hayalinin ger\u00e7ekle\u015ftirilmesi anlam\u0131nda son derece \u00f6nemli ve anlaml\u0131 buluyorum\u201d dedi.<\/p>\n<p>Y\u00fcksekokul t\u00f6ren alan\u0131nda ger\u00e7ekle\u015ftirilen mezuniyet t\u00f6renine; Somali Sa\u011fl\u0131k Bakan\u0131 Fawziye Nur, T\u00fcrkiye\u2019nin Mogadi\u015fu B\u00fcy\u00fckel\u00e7isi Mehmet Y\u0131lmaz, Sa\u011fl\u0131k Bilimleri \u00dcniversitesi Rekt\u00f6r\u00fc Prof. Dr. Cevdet Erd\u00f6l, Rekt\u00f6r Yard\u0131mc\u0131s\u0131 Prof. Dr. Kadriye Kart Ya\u015far ile \u00fcniversitenin akademik idari personeli ile \u00f6\u011frenci aileleri kat\u0131ld\u0131. Bir dakikal\u0131k sayg\u0131 duru\u015fu ve \u0130stiklal Mar\u015f\u0131\u2019n\u0131n okunmas\u0131 ile ba\u015flayan t\u00f6rende, konu\u015fan Sa\u011fl\u0131k Bilimleri \u00dcniversitesi Rekt\u00f6r\u00fc Prof. Dr. Cevdet Erd\u00f6l, mezuniyet t\u00f6reninin, T\u00fcrkiye merkezli bir \u00fcniversitenin yurt d\u0131\u015f\u0131nda bulunan y\u00fcksekokulunun tarihte ilk kez mezun verecek olmas\u0131 y\u00f6n\u00fcnden b\u00fcy\u00fck \u00f6nem arz etti\u011fine dikkat \u00e7ekti. Erd\u00f6l, t\u00f6renin Sultan 2\u2019nci Abd\u00fclhamid Han\u2019\u0131n \u0130slam co\u011frafyas\u0131na sa\u011fl\u0131k profesyonelleri yeti\u015ftirme hayalinin ger\u00e7ekle\u015ftirilmesi noktas\u0131nda \u00f6nemli oldu\u011funu belirtti.<\/p>\n<p>&#8220;Abd\u00fclhamid Han\u2019\u0131n hayalinin ger\u00e7ekle\u015ftirilmesi anlam\u0131nda son derece \u00f6nemli&#8221;<\/p>\n<p>Mezuniyet t\u00f6reninde konu\u015fan Sa\u011fl\u0131k Bilimleri \u00dcniversitesi Rekt\u00f6r\u00fc Prof. Dr. Cevdet Erd\u00f6l, \u201cSultan Abd\u00fclhamid Han\u2019\u0131n \u0130slam co\u011frafyas\u0131na sa\u011fl\u0131k profesyonelleri yeti\u015ftirmek amac\u0131yla 1903\u2019te kurdu\u011fu Mekteb-i T\u0131bbiyye-i \u015eahane\u2019nin bug\u00fcn sahip oldu\u011fumuz imkanlarla daha ileriye ta\u015f\u0131nmas\u0131na  m\u00fcteveccih bir uygulama olarak \u00fcniversitemiz Say\u0131n Cumhurba\u015fkan\u0131m\u0131z\u0131n bizatihi talimat ve destekleri ile kuruldu.  Kurulu\u015f amac\u0131na uygun olarak g\u00f6n\u00fcl co\u011frafyalar\u0131m\u0131z aras\u0131nda m\u00fcstesna bir yere sahip Somali\u2019de a\u00e7t\u0131\u011f\u0131 Sa\u011fl\u0131k Bilimleri \u00dcniversitesi Somali Mogadi\u015fu Recep Tayyip Erdo\u011fan Sa\u011fl\u0131k Hizmetleri Meslek Y\u00fcksekokulu mezuniyet t\u00f6renine i\u015ftirak etmenin bahtiyarl\u0131\u011f\u0131n\u0131 ya\u015f\u0131yorum. D\u00fczenledi\u011fimiz bu mezuniyet t\u00f6renini Sultan Abd\u00fclhamid Han\u2019\u0131n \u0130slam co\u011frafyas\u0131na sa\u011fl\u0131k profesyonelleri yeti\u015ftirme hayalinin ger\u00e7ekle\u015ftirilmesi anlam\u0131nda son derece \u00f6nemli ve anlaml\u0131 buluyorum. Esasen Bug\u00fcn burada bir mezuniyeti de\u011fil bir Devlet-i Aliyye bakiyesi olan \u00fclkemizin ecdat miras\u0131n\u0131 bayrak bayrak dalgaland\u0131r\u0131\u015f\u0131n\u0131n d\u00fcnya co\u011frafyas\u0131 \u00fczerindeki tezah\u00fcr\u00fcn\u00fc kutlamaktay\u0131z\u201d dedi.<\/p>\n<p>\u201cKutlu ve mukaddes bir ad\u0131md\u0131r\u201d<\/p>\n<p>Farkl\u0131 medeniyetler aras\u0131nda karde\u015flik k\u00f6pr\u00fcleri kurulmas\u0131n\u0131n \u00f6nemine dikkat \u00e7eken Prof. Dr. Cevdet Erd\u00f6l, \u201cK\u00fcresel vampirler taraf\u0131ndan \u00f6tekile\u015ftirilmi\u015f, renklerine mahkum edilmi\u015f, yeralt\u0131 zenginlikleri ile birlikte gelecekleri de s\u00f6m\u00fcr\u00fclm\u00fc\u015f, p\u0131r\u0131l p\u0131r\u0131l zihinlerin, ayn\u0131 medeniyetten beslenen karde\u015fleri ile g\u00f6n\u00fcl k\u00f6pr\u00fcleri kurarak in\u015fa etti\u011fi e\u011fitim ve karde\u015flik birlikteli\u011fini kutluyoruz. Bu t\u00f6ren bir diploma nezdinde yaln\u0131z olmad\u0131\u011f\u0131n\u0131 belgeleyen, kendisine uzanan karde\u015f eli ile g\u00fc\u00e7lenen, kendine a\u00e7\u0131lan yaralarla me\u015fgul iken art\u0131k yaralar sarmaya memur olan sa\u011fl\u0131k ve insanl\u0131k hadimi gen\u00e7 yar\u0131nlar\u0131n geciktirilmi\u015f d\u00fcnlerine at\u0131lan kutlu ve mukaddes bir ad\u0131md\u0131r. Bu vesile ile ecdat miras\u0131n\u0131 Somali\u2019de g\u00f6klere \u00e7\u0131karan Say\u0131n Cumhurba\u015fkan\u0131m\u0131z Recep Tayyip Erdo\u011fan ba\u015fta olmak \u00fczere eme\u011fi ge\u00e7en t\u00fcm g\u00f6n\u00fcl ve gelecek mimarlar\u0131na huzurlar\u0131n\u0131zda te\u015fekk\u00fcr ediyorum\u201d ifadelerini kulland\u0131.<\/p>\n<p>\u201cB\u00fcy\u00fcyerek devam ettirme gayretinde olaca\u011f\u0131m\u0131z\u0131n bilinmesini isterim\u201d<\/p>\n<p>T\u00f6renin \u00f6nemine dikkat \u00e7eken Erd\u00f6l, \u201cS\u0131n\u0131rlar\u0131n\u0131 k\u00fcrre-i arz olarak belirlemi\u015f, hizmet alan\u0131n\u0131 insanl\u0131\u011f\u0131n tamam\u0131 ile ifade etmi\u015f, en zor zamanlarda dahi yard\u0131m elini ve ilime, insana yard\u0131m d\u00fcsturunu asla mazlum ve ihtiya\u00e7 sahibi co\u011frafyalardan eksik etmemi\u015f son evrensel imparator ulu hakan 2\u2019nci Abd\u00fclhamid Han\u2019\u0131 a\u00e7t\u0131\u011f\u0131 bu kap\u0131 ve kap\u0131lar i\u00e7in rahmet ve minnet ile yad ediyoruz.  Bunun bir ba\u015flang\u0131\u00e7 oldu\u011funu ve ecdad\u0131m\u0131z\u0131n ard\u0131nda att\u0131\u011f\u0131m\u0131z ve dahi ataca\u011f\u0131m\u0131z ad\u0131mlar\u0131n m\u00fctevaz\u0131 ama elzem bir ad\u0131m\u0131 olarak b\u00fcy\u00fcyerek devam ettirme gayretinde olaca\u011f\u0131m\u0131z\u0131n bilinmesini isterim \u201d diye konu\u015ftu.<\/p>\n<p>Somali Sa\u011fl\u0131k Bakan\u0131 Fawziye Nur, T\u00fcrkiye\u2019nin Mogadi\u015fu B\u00fcy\u00fckel\u00e7isi Mehmet Y\u0131lmaz ve di\u011fer protokol \u00fcyelerinin konu\u015fmalar\u0131n\u0131n ard\u0131ndan dereceye giren \u00f6\u011frencilere \u00e7e\u015fitli hediyeler verilirken, 2018-2019 e\u011fitim-\u00f6\u011fretim y\u0131l\u0131nda mezun olan 42 \u00f6\u011frenci, keplerini havaya atarak mezuniyet sevinci ya\u015fad\u0131.<\/p>\n","protected":false},"excerpt":{"rendered":"<p>SA\u011eLIK B\u0130L\u0130MLER\u0130 \u00dcN\u0130VERS\u0130TES\u0130 SOMAL\u0130 MOGAD\u0130\u015eU RECEP TAYY\u0130P ERDO\u011eAN SA\u011eLIK H\u0130ZMETLER\u0130 MESLEK Y\u00dcKSEK OKULU&#8217;NDA MEZUN\u0130YET PROGRAMI D\u00dcZENLEND\u0130.<\/p>\n","protected":false},"author":1,"featured_media":169142,"comment_status":"closed","ping_status":"open","sticky":false,"template":"","format":"standard","meta":{"jetpack_post_was_ever_published":false,"_jetpack_newsletter_access":"","_jetpack_dont_email_post_to_subs":false,"_jetpack_newsletter_tier_id":0,"_jetpack_memberships_contains_paywalled_content":false,"_jetpack_memberships_contains_paid_content":false,"footnotes":"","jetpack_publicize_message":"","jetpack_publicize_feature_enabled":true,"jetpack_social_post_already_shared":true,"jetpack_social_options":{"image_generator_settings":{"template":"highway","default_image_id":0,"font":"","enabled":false},"version":2}},"categories":[1],"tags":[1384,5632,125,1018,1871,29477,8368,77,3231],"class_list":["post-169141","post","type-post","status-publish","format-standard","has-post-thumbnail","hentry","category-genel","tag-2nci","tag-abdulhamid","tag-bir","tag-daha","tag-gercek","tag-hanin","tag-hayali","tag-oldu","tag-sultan"],"jetpack_publicize_connections":[],"jetpack_featured_media_url":"https:\/\/i0.wp.com\/www.tvturk.com\/wp-content\/uploads\/2019\/06\/sultan-2nci-abdulhamid-hanin-bir-hayali-daha-gercek-oldu_928fa4d.jpg?fit=1000%2C666","jetpack_sharing_enabled":true,"jetpack_shortlink":"https:\/\/wp.me\/paKIfm-I05","_links":{"self":[{"href":"http:\/\/www.tvturk.com\/index.php\/wp-json\/wp\/v2\/posts\/169141","targetHints":{"allow":["GET"]}}],"collection":[{"href":"http:\/\/www.tvturk.com\/index.php\/wp-json\/wp\/v2\/posts"}],"about":[{"href":"http:\/\/www.tvturk.com\/index.php\/wp-json\/wp\/v2\/types\/post"}],"author":[{"embeddable":true,"href":"http:\/\/www.tvturk.com\/index.php\/wp-json\/wp\/v2\/users\/1"}],"replies":[{"embeddable":true,"href":"http:\/\/www.tvturk.com\/index.php\/wp-json\/wp\/v2\/comments?post=169141"}],"version-history":[{"count":0,"href":"http:\/\/www.tvturk.com\/index.php\/wp-json\/wp\/v2\/posts\/169141\/revisions"}],"wp:featuredmedia":[{"embeddable":true,"href":"http:\/\/www.tvturk.com\/index.php\/wp-json\/wp\/v2\/media\/169142"}],"wp:attachment":[{"href":"http:\/\/www.tvturk.com\/index.php\/wp-json\/wp\/v2\/media?parent=169141"}],"wp:term":[{"taxonomy":"category","embeddable":true,"href":"http:\/\/www.tvturk.com\/index.php\/wp-json\/wp\/v2\/categories?post=169141"},{"taxonomy":"post_tag","embeddable":true,"href":"http:\/\/www.tvturk.com\/index.php\/wp-json\/wp\/v2\/tags?post=169141"}],"curies":[{"name":"wp","href":"https:\/\/api.w.org\/{rel}","templated":true}]}}