{"id":169143,"date":"2019-06-14T10:43:30","date_gmt":"2019-06-14T07:43:30","guid":{"rendered":"http:\/\/www.tvturk.com\/index.php\/yaz-ayinda-cilt-lekelerine-dikkat\/"},"modified":"2019-06-14T10:43:30","modified_gmt":"2019-06-14T07:43:30","slug":"yaz-ayinda-cilt-lekelerine-dikkat","status":"publish","type":"post","link":"http:\/\/www.tvturk.com\/index.php\/yaz-ayinda-cilt-lekelerine-dikkat\/","title":{"rendered":"Yaz ay\u0131nda cilt lekelerine dikkat"},"content":{"rendered":"<p>Dermatoloji Uzman\u0131 Dr. Emre Tambay, yaz aylar\u0131ndaki cilt lekelerine dikkat \u00e7ekti.<\/p>\n<p>Melazman\u0131n ciltteki melanosit h\u00fccrelerinin aktivasyonu ve melanin pigmentinin art\u0131\u015f\u0131na ba\u011fl\u0131 olarak cildin koyula\u015fmas\u0131yla karakterize bir durum oldu\u011funu belirten Dr. Emre Tambay, \u201cEn s\u0131k yanak, burun \u00fczeri, al\u0131n, \u00e7ene ve b\u0131y\u0131k b\u00f6lgesi, daha nadiren v\u00fccutta g\u00fcne\u015f g\u00f6ren omuz g\u00f6\u011f\u00fcs ve kollar\u0131n \u00fcst b\u00f6lgeleri de etkilenebilir\u201d dedi.<\/p>\n<p>Dr. Emre Tambay, melazman\u0131n nedenleri konusunda \u015funlar\u0131 s\u00f6yledi: \u201cEn s\u0131k sebebi g\u00fcne\u015f maruziyeti (ultraviole ) olup yaz aylar\u0131nda art\u0131\u015f g\u00f6zlenir. Evdeyken, araba kullan\u0131rken camdan giren ultraviole \u0131\u015f\u0131k ayr\u0131ca ev, ofisteki \u0131\u015f\u0131k kaynaklar\u0131, bilgisayar ekran\u0131ndan yans\u0131yan \u0131\u015f\u0131k dahi melazmay\u0131 tetikleyebilir. Ba\u015fta gebelik olmak \u00fczere hormonal de\u011fi\u015fiklikler, do\u011fum kontrol haplar\u0131n\u0131n ve horman salg\u0131layan do\u011fum kontrol y\u00f6temlerinin (rahim i\u00e7i ara\u00e7) kullan\u0131lmas\u0131, oto-immun tiroid hastal\u0131\u011f\u0131, adrenal yetmezlik, s\u0131cak maruziyeti, parf\u00fcm i\u00e7eren kozmetiklerin g\u00fcne\u015f g\u00f6ren b\u00f6lgelerde kullan\u0131lmas\u0131 melazman\u0131n di\u011fer sebepleri aras\u0131ndad\u0131r.\u201d<\/p>\n<p>Dr. Emre Tambay, melasmadan korunma ve tedavisi hususunda ise \u015funlar\u0131 kaydetti: \u201cLeke a\u00e7\u0131c\u0131 ila\u00e7lar (hidrokinon, azeleik asid, topikal retinoidler gibi), Kimyasal peeling, Lazer tedavileri (q-switch ve fraksiyonel lazerler)<\/p>\n<p>Melazma tedaviyle birka\u00e7 ayda belirgin olarak gerilerken k\u0131sa s\u00fcrede tekrarlayabilir. G\u00fcne\u015ften korunma en \u00f6nemli korunma y\u00f6ntemidir. 50 fakt\u00f6r ve \u00fczeri UVA\/UVB filtreli g\u00fcne\u015f koruyucular\u0131n herg\u00fcn kullan\u0131lmas\u0131 \u00f6nemlidir. Hormonal ila\u00e7lara ba\u011fl\u0131 olu\u015ftuysa bu ila\u00e7lar\u0131n kesilmesi gerekir. Antioksidan g\u0131dalar yada besin destekleri, niasinamid (B3 vitamini), c vitamini kullan\u0131m\u0131 melazmay\u0131 bask\u0131lamada ve di\u011fer tedavi se\u00e7eneklerine destek olarak etkili bulunmu\u015ftur.\u201d<\/p>\n","protected":false},"excerpt":{"rendered":"<p>DERMATOLOJ\u0130 UZMANI DR. EMRE TAMBAY, YAZ AYLARINDAK\u0130 C\u0130LT LEKELER\u0130NE D\u0130KKAT \u00c7EKT\u0130.<\/p>\n","protected":false},"author":1,"featured_media":169144,"comment_status":"closed","ping_status":"open","sticky":false,"template":"","format":"standard","meta":{"jetpack_post_was_ever_published":false,"_jetpack_newsletter_access":"","_jetpack_dont_email_post_to_subs":false,"_jetpack_newsletter_tier_id":0,"_jetpack_memberships_contains_paywalled_content":false,"_jetpack_memberships_contains_paid_content":false,"footnotes":"","jetpack_publicize_message":"","jetpack_publicize_feature_enabled":true,"jetpack_social_post_already_shared":true,"jetpack_social_options":{"image_generator_settings":{"template":"highway","default_image_id":0,"font":"","enabled":false},"version":2}},"categories":[1],"tags":[211,3813,1440,40649,183],"class_list":["post-169143","post","type-post","status-publish","format-standard","has-post-thumbnail","hentry","category-genel","tag-ayinda","tag-cilt","tag-dikkat","tag-lekelerine","tag-yaz"],"jetpack_publicize_connections":[],"jetpack_featured_media_url":"https:\/\/i0.wp.com\/www.tvturk.com\/wp-content\/uploads\/2019\/06\/yaz-ayinda-cilt-lekelerine-dikkat_ff07669.jpg?fit=320%2C320","jetpack_sharing_enabled":true,"jetpack_shortlink":"https:\/\/wp.me\/paKIfm-I07","_links":{"self":[{"href":"http:\/\/www.tvturk.com\/index.php\/wp-json\/wp\/v2\/posts\/169143","targetHints":{"allow":["GET"]}}],"collection":[{"href":"http:\/\/www.tvturk.com\/index.php\/wp-json\/wp\/v2\/posts"}],"about":[{"href":"http:\/\/www.tvturk.com\/index.php\/wp-json\/wp\/v2\/types\/post"}],"author":[{"embeddable":true,"href":"http:\/\/www.tvturk.com\/index.php\/wp-json\/wp\/v2\/users\/1"}],"replies":[{"embeddable":true,"href":"http:\/\/www.tvturk.com\/index.php\/wp-json\/wp\/v2\/comments?post=169143"}],"version-history":[{"count":0,"href":"http:\/\/www.tvturk.com\/index.php\/wp-json\/wp\/v2\/posts\/169143\/revisions"}],"wp:featuredmedia":[{"embeddable":true,"href":"http:\/\/www.tvturk.com\/index.php\/wp-json\/wp\/v2\/media\/169144"}],"wp:attachment":[{"href":"http:\/\/www.tvturk.com\/index.php\/wp-json\/wp\/v2\/media?parent=169143"}],"wp:term":[{"taxonomy":"category","embeddable":true,"href":"http:\/\/www.tvturk.com\/index.php\/wp-json\/wp\/v2\/categories?post=169143"},{"taxonomy":"post_tag","embeddable":true,"href":"http:\/\/www.tvturk.com\/index.php\/wp-json\/wp\/v2\/tags?post=169143"}],"curies":[{"name":"wp","href":"https:\/\/api.w.org\/{rel}","templated":true}]}}