{"id":169161,"date":"2019-06-14T11:04:13","date_gmt":"2019-06-14T08:04:13","guid":{"rendered":"http:\/\/www.tvturk.com\/index.php\/bursada-a-capella-ruzgari\/"},"modified":"2019-06-14T11:04:13","modified_gmt":"2019-06-14T08:04:13","slug":"bursada-a-capella-ruzgari","status":"publish","type":"post","link":"http:\/\/www.tvturk.com\/index.php\/bursada-a-capella-ruzgari\/","title":{"rendered":"Bursa\u2019da A Capella r\u00fczg\u00e2r\u0131"},"content":{"rendered":"<p>Bursa Kent Konseyi M\u00fczik E\u011fitim \u00c7al\u0131\u015fma Grubunca d\u00fczenlenen \u2018Bahar Konseri\u2019nde \u00c7ocuk, Gen\u00e7, Oda ve Karma korolar ile A Capella Bo\u011fazi\u00e7i grubu sahne ald\u0131.<\/p>\n<p>Bursa Kent Konseyi b\u00fcnyesinde faaliyetlerini s\u00fcrd\u00fcren M\u00fczik E\u011fitim \u00c7al\u0131\u015fma Grubu, D\u00fcnya M\u00fczi\u011fi Derne\u011fi (DMD) i\u015f birli\u011fiyle d\u00fczenledi\u011fi Bahar Konseri ile 2018-2019 sezonunu sonland\u0131rd\u0131. Atat\u00fcrk Kongre K\u00fclt\u00fcr Merkezi (AKKM) Orhangazi Salonu\u2019nda d\u00fczenlenen programda \u00c7ocuk Korosu Sude Temizkan\u2019\u0131n, Gen\u00e7lik Korosu Minanur Balcan\u2019\u0131n, Oda Korosu Levent Sezgin\u2019in, Karma Koro ise Dr. G\u00fclnihal G\u00fcl \u015fefli\u011finde sahne ald\u0131. Korolara piyanoda \u00c7a\u011flar Burgazl\u0131o\u011flu ile Mert Bozdemir e\u015flik etti.<\/p>\n<p>Konserin ikinci b\u00f6l\u00fcm\u00fcnde ise enstr\u00fcman olarak sadece insan sesini kullanan A Capella Bo\u011fazi\u00e7i grubu sahne ald\u0131. \u2018Dar\u0131ld\u0131n m\u0131 Cicim Bana\u2019, \u2018Sar\u0131 Gelin\u2019 ve \u2018Fidayda\u2019 gibi eserler ile \u201870\u2019ler\u2019 ve \u201890\u2019lar\u2019 potpori par\u00e7alar\u0131n\u0131 kendine \u00f6zg\u00fc bir \u015fekilde seslendiren A Capella Bo\u011fazi\u00e7i, Bursal\u0131 sanatseverleri co\u015fturdu.<\/p>\n<p>Program\u0131n sonunda Bursa Kent Konseyi Genel Sekreteri Murat Ba\u015flar taraf\u0131ndan A Capella Bo\u011fazi\u00e7i Grubu \u00fcyelerine, merhum Dr. Parkan Sanl\u0131kol\u2019un e\u015fi Fethiye Sanl\u0131kol taraf\u0131ndan ise koro \u015feflerine \u00e7i\u00e7ek takdim edildi.<\/p>\n","protected":false},"excerpt":{"rendered":"<p>BURSA KENT KONSEY\u0130 M\u00dcZ\u0130K E\u011e\u0130T\u0130M \u00c7ALI\u015eMA GRUBUNCA D\u00dcZENLENEN \u2018BAHAR KONSER\u0130\u2019NDE \u00c7OCUK, GEN\u00c7, ODA VE KARMA KOROLAR \u0130LE A CAPELLA BO\u011eAZ\u0130\u00c7\u0130 GRUBU SAHNE ALDI.<\/p>\n","protected":false},"author":1,"featured_media":169162,"comment_status":"closed","ping_status":"open","sticky":false,"template":"","format":"standard","meta":{"jetpack_post_was_ever_published":false,"_jetpack_newsletter_access":"","_jetpack_dont_email_post_to_subs":false,"_jetpack_newsletter_tier_id":0,"_jetpack_memberships_contains_paywalled_content":false,"_jetpack_memberships_contains_paid_content":false,"footnotes":"","jetpack_publicize_message":"","jetpack_publicize_feature_enabled":true,"jetpack_social_post_already_shared":true,"jetpack_social_options":{"image_generator_settings":{"template":"highway","default_image_id":0,"font":"","enabled":false},"version":2}},"categories":[1],"tags":[1032,31036,726],"class_list":["post-169161","post","type-post","status-publish","format-standard","has-post-thumbnail","hentry","category-genel","tag-bursada","tag-capella","tag-ruzgari"],"jetpack_publicize_connections":[],"jetpack_featured_media_url":"https:\/\/i0.wp.com\/www.tvturk.com\/wp-content\/uploads\/2019\/06\/bursada-a-capella-ruzgri_29dc243.jpg?fit=1000%2C666","jetpack_sharing_enabled":true,"jetpack_shortlink":"https:\/\/wp.me\/paKIfm-I0p","_links":{"self":[{"href":"http:\/\/www.tvturk.com\/index.php\/wp-json\/wp\/v2\/posts\/169161","targetHints":{"allow":["GET"]}}],"collection":[{"href":"http:\/\/www.tvturk.com\/index.php\/wp-json\/wp\/v2\/posts"}],"about":[{"href":"http:\/\/www.tvturk.com\/index.php\/wp-json\/wp\/v2\/types\/post"}],"author":[{"embeddable":true,"href":"http:\/\/www.tvturk.com\/index.php\/wp-json\/wp\/v2\/users\/1"}],"replies":[{"embeddable":true,"href":"http:\/\/www.tvturk.com\/index.php\/wp-json\/wp\/v2\/comments?post=169161"}],"version-history":[{"count":0,"href":"http:\/\/www.tvturk.com\/index.php\/wp-json\/wp\/v2\/posts\/169161\/revisions"}],"wp:featuredmedia":[{"embeddable":true,"href":"http:\/\/www.tvturk.com\/index.php\/wp-json\/wp\/v2\/media\/169162"}],"wp:attachment":[{"href":"http:\/\/www.tvturk.com\/index.php\/wp-json\/wp\/v2\/media?parent=169161"}],"wp:term":[{"taxonomy":"category","embeddable":true,"href":"http:\/\/www.tvturk.com\/index.php\/wp-json\/wp\/v2\/categories?post=169161"},{"taxonomy":"post_tag","embeddable":true,"href":"http:\/\/www.tvturk.com\/index.php\/wp-json\/wp\/v2\/tags?post=169161"}],"curies":[{"name":"wp","href":"https:\/\/api.w.org\/{rel}","templated":true}]}}