{"id":169173,"date":"2019-06-14T11:20:38","date_gmt":"2019-06-14T08:20:38","guid":{"rendered":"http:\/\/www.tvturk.com\/index.php\/ucuzlerin-karne-sevinci\/"},"modified":"2019-06-14T11:20:38","modified_gmt":"2019-06-14T08:20:38","slug":"ucuzlerin-karne-sevinci","status":"publish","type":"post","link":"http:\/\/www.tvturk.com\/index.php\/ucuzlerin-karne-sevinci\/","title":{"rendered":"\u00dc\u00e7\u00fczlerin karne sevinci"},"content":{"rendered":"<p>K\u0131r\u0131kkale\u2019de ortaokul 5. s\u0131n\u0131fta e\u011fitim g\u00f6ren \u00fc\u00e7\u00fcz karde\u015fler karne alman\u0131n heyecan\u0131n\u0131 ya\u015fad\u0131.<\/p>\n<p>\u0130ki erkek karde\u015f takdir belgesi al\u0131rken, k\u0131z olan karde\u015f ise te\u015fekk\u00fcr belgesine lay\u0131k g\u00f6r\u00fcld\u00fc. Ortaokul \u00f6\u011frencileri karnelerini ald\u0131ktan sonra davullu-zurnal\u0131 \u00e7iftetelli oynayarak b\u00fcy\u00fck sevin\u00e7 ya\u015fad\u0131.<\/p>\n<p>K\u0131r\u0131kkale\u2019de Mehmet Varl\u0131o\u011flu Ortaokulu 5. s\u0131n\u0131fta e\u011fitim g\u00f6ren \u00fc\u00e7\u00fczlerden Mira\u00e7 Eymen, Ebubekir ve S\u00fcmeyye Z\u00fclal K\u00f6ksal birlikte karne alman\u0131n heyecan\u0131n\u0131 ya\u015fad\u0131. 2018-2019 e\u011fitim-\u00f6\u011fretim y\u0131l\u0131 dolay\u0131s\u0131yla okul bah\u00e7esinde karne da\u011f\u0131t\u0131m t\u00f6reni d\u00fczenlendi. 5-A s\u0131n\u0131f\u0131nda e\u011fitim g\u00f6ren \u00fc\u00e7\u00fcz karde\u015fler b\u00fcy\u00fck sevin\u00e7 ve heyecanla karnelerini almak i\u00e7in babalar\u0131yla birlikte sabah\u0131n erken saatlerinde okulun yolunu tuttu. \u00d6\u011fretmenlerinin elinden karnelerini alan \u00f6\u011frenciler okulun bah\u00e7esinde davullu-zurnal\u0131 \u00e7iftetelli oyunlar oynayarak doyas\u0131ya e\u011flendi.<\/p>\n<p>\u00dc\u00e7\u00fczlerin ba\u015far\u0131l\u0131 bir e\u011fitim ge\u00e7irdiklerini ifade eden s\u0131n\u0131f \u00f6\u011fretmeni Nazl\u0131 T\u00fcre, \u201cS\u0131n\u0131f\u0131m\u0131zda \u00fc\u00e7\u00fczlerimiz var. \u00dc\u00e7\u00fc de ma\u015fallah ba\u015far\u0131l\u0131lar, hareketliler, k\u0131p\u0131r k\u0131p\u0131rlar. \u00dc\u00e7\u00fczlerimizin bu s\u0131n\u0131fta olmas\u0131ndan \u00e7ok mutluyum. G\u00fczel bir e\u011fitim d\u00f6nemimiz ge\u00e7ti. Herhangi bir s\u0131k\u0131nt\u0131 ya\u015famad\u0131k. Her zaman i\u00e7in birbirlerine destek oldular. Hi\u00e7bir problemimiz olmad\u0131 ve ba\u015far\u0131l\u0131 bir d\u00f6nem ge\u00e7irdik. Ailesi de \u00e7ok g\u00fczel yeti\u015ftirmi\u015f. Ailesine de bu a\u00e7\u0131dan tebrik ediyorum\u201d dedi.<\/p>\n<p>\u00dc\u00e7\u00fcz babas\u0131 Mikail K\u00f6ksal, \u201cAllah herkese b\u00f6yle bir mutluluk nasip etsin. \u00c7ocuklar\u0131m \u00fc\u00e7\u00fcz. Bug\u00fcn karne g\u00fcn\u00fc. \u00c7ok mutluyuz. \u00c7ocuklar\u0131m\u0131zla birlikte geldik. Allah bu duyguyu herkese nasip etsin. Ebubekir ile Mira\u00e7 Eymen takdir, S\u00fcmeyye ise te\u015fekk\u00fcr ald\u0131. O da seneye in\u015fallah takdir alacak. \u00c7ok memnun kald\u0131k. \u00c7ocuklar da biraz gayret g\u00f6sterdiler. \u0130n\u015fallah bursluluk s\u0131nav\u0131na girecekler. Bursluluk kazanmalar\u0131n\u0131 bekliyoruz\u201d diye konu\u015ftu.<\/p>\n<p>Ebubekir K\u00f6ksal, \u201dBen \u00e7ok mutluyum. \u00c7\u00fcnk\u00fc takdir ald\u0131m. Annem de mutlu, babam da mutlu. Karde\u015flerim i\u00e7in de mutluyum. Onlar da ba\u015far\u0131 belgeleri ald\u0131lar\u201d diye konu\u015ftu.<\/p>\n<p>Bug\u00fcn \u00e7ok mutlu oldu\u011funu s\u00f6yleyen Mira\u00e7 Eymen K\u00f6ksal, \u201c5-A s\u0131n\u0131f\u0131nday\u0131m. Bug\u00fcn mutluyum. \u00c7\u00fcnk\u00fc takdir ald\u0131m. Karde\u015flerim ad\u0131na da mutluyum. Erkek karde\u015fim takdir ald\u0131. K\u0131z karde\u015fim ad\u0131na da mutluyum. Arkada\u015flar\u0131m ad\u0131na da \u00e7ok mutluyum. \u00c7\u00fcnk\u00fc onlar da baz\u0131lar\u0131 takdir ve te\u015fekk\u00fcr ald\u0131lar. O y\u00fczden \u00e7ok mutluyum bug\u00fcn\u201d \u015feklinde konu\u015ftu.<\/p>\n<p>\u0130lk \u00f6ncelikle \u00e7ok mutlu oldu\u011funu belirten Z\u00fclal K\u00f6ksal, annesinin ve babas\u0131n\u0131n \u00e7ok mutlu oldu\u011funu s\u00f6yledi.<\/p>\n","protected":false},"excerpt":{"rendered":"<p>KIRIKKALE&#8217;DE ORTAOKUL 5. SINIFTA E\u011e\u0130T\u0130M G\u00d6REN \u00dc\u00c7\u00dcZ KARDE\u015eLER KARNE ALMANIN HEYECANINI YA\u015eADI. \u0130K\u0130 ERKEK KARDE\u015e TAKD\u0130R BELGES\u0130 ALIRKEN, KIZ OLAN KARDE\u015e \u0130SE TE\u015eEKK\u00dcR BELGES\u0130 ALDI. DAHA SONRA ORTAOKUL \u00d6\u011eRENC\u0130LER\u0130 KARNELER\u0130N\u0130 ALDIKTAN SONRA DAVULLU-ZURNALI \u00c7\u0130FTETELL\u0130 OYNAYARAK B\u00dcY\u00dcK SEV\u0130N\u00c7 YA\u015eADI.<\/p>\n","protected":false},"author":1,"featured_media":169174,"comment_status":"closed","ping_status":"open","sticky":false,"template":"","format":"standard","meta":{"jetpack_post_was_ever_published":false,"_jetpack_newsletter_access":"","_jetpack_dont_email_post_to_subs":false,"_jetpack_newsletter_tier_id":0,"_jetpack_memberships_contains_paywalled_content":false,"_jetpack_memberships_contains_paid_content":false,"footnotes":"","jetpack_publicize_message":"","jetpack_publicize_feature_enabled":true,"jetpack_social_post_already_shared":true,"jetpack_social_options":{"image_generator_settings":{"template":"highway","default_image_id":0,"font":"","enabled":false},"version":2}},"categories":[1],"tags":[39150,821,40658],"class_list":["post-169173","post","type-post","status-publish","format-standard","has-post-thumbnail","hentry","category-genel","tag-karne","tag-sevinci","tag-ucuzlerin"],"jetpack_publicize_connections":[],"jetpack_featured_media_url":"https:\/\/i0.wp.com\/www.tvturk.com\/wp-content\/uploads\/2019\/06\/ucuzlerin-karne-sevinci_6a067a3.jpg?fit=1000%2C667","jetpack_sharing_enabled":true,"jetpack_shortlink":"https:\/\/wp.me\/paKIfm-I0B","_links":{"self":[{"href":"http:\/\/www.tvturk.com\/index.php\/wp-json\/wp\/v2\/posts\/169173","targetHints":{"allow":["GET"]}}],"collection":[{"href":"http:\/\/www.tvturk.com\/index.php\/wp-json\/wp\/v2\/posts"}],"about":[{"href":"http:\/\/www.tvturk.com\/index.php\/wp-json\/wp\/v2\/types\/post"}],"author":[{"embeddable":true,"href":"http:\/\/www.tvturk.com\/index.php\/wp-json\/wp\/v2\/users\/1"}],"replies":[{"embeddable":true,"href":"http:\/\/www.tvturk.com\/index.php\/wp-json\/wp\/v2\/comments?post=169173"}],"version-history":[{"count":0,"href":"http:\/\/www.tvturk.com\/index.php\/wp-json\/wp\/v2\/posts\/169173\/revisions"}],"wp:featuredmedia":[{"embeddable":true,"href":"http:\/\/www.tvturk.com\/index.php\/wp-json\/wp\/v2\/media\/169174"}],"wp:attachment":[{"href":"http:\/\/www.tvturk.com\/index.php\/wp-json\/wp\/v2\/media?parent=169173"}],"wp:term":[{"taxonomy":"category","embeddable":true,"href":"http:\/\/www.tvturk.com\/index.php\/wp-json\/wp\/v2\/categories?post=169173"},{"taxonomy":"post_tag","embeddable":true,"href":"http:\/\/www.tvturk.com\/index.php\/wp-json\/wp\/v2\/tags?post=169173"}],"curies":[{"name":"wp","href":"https:\/\/api.w.org\/{rel}","templated":true}]}}