{"id":169177,"date":"2019-06-14T11:26:24","date_gmt":"2019-06-14T08:26:24","guid":{"rendered":"http:\/\/www.tvturk.com\/index.php\/hak-isin-baslattigi-emek-ve-adalet-yuruyusu-dorduncu-gununde\/"},"modified":"2019-06-14T11:26:24","modified_gmt":"2019-06-14T08:26:24","slug":"hak-isin-baslattigi-emek-ve-adalet-yuruyusu-dorduncu-gununde","status":"publish","type":"post","link":"http:\/\/www.tvturk.com\/index.php\/hak-isin-baslattigi-emek-ve-adalet-yuruyusu-dorduncu-gununde\/","title":{"rendered":"Hak &#8211; \u0130\u015f\u2019in ba\u015flatt\u0131\u011f\u0131  Emek ve Adalet Y\u00fcr\u00fcy\u00fc\u015f\u00fc d\u00f6rd\u00fcnc\u00fc g\u00fcn\u00fcnde"},"content":{"rendered":"<p>Hak-\u0130\u015f Konfederasyonunun CHP\u2019li Bolu Belediyesi\u2019nin i\u015ften \u00e7\u0131kard\u0131\u011f\u0131 Hizmet-\u0130\u015f Sendikas\u0131 \u00fcyesi i\u015f\u00e7iler i\u00e7in ba\u015flatt\u0131\u011f\u0131 \u2019Emek ve Adalet Y\u00fcr\u00fcy\u00fc\u015f\u00fc\u2019 T\u00fcrkiye\u2019nin d\u00f6rt bir yan\u0131ndan destek i\u00e7in gelen \u00fcyelerin kat\u0131l\u0131m\u0131yla 4\u2019\u00fcnc\u00fc g\u00fcn\u00fcnde de devam ediyor. Hizmet-\u0130\u015f Genel Ba\u015fkan Yard\u0131mc\u0131s\u0131 Halil \u00d6zdemir, &#8220;Hedefimiz, T\u00fcrkiye genelinde i\u015ften \u00e7\u0131kar\u0131lan karde\u015flerimize i\u015flerinin tekrar iade edilmesi. Ba\u015fka bir s\u0131k\u0131nt\u0131m\u0131z yok\u201d dedi.<\/p>\n<p>Belediyelerden \u00e7\u0131kar\u0131lan Hak-\u0130\u015f Konfederasyonu\u2019na ba\u011fl\u0131 Hizmet &#8211; \u0130\u015f Sendikas\u0131 \u00fcyelerinin y\u00fcr\u00fcy\u00fc\u015f\u00fc d\u00f6rd\u00fcnc\u00fc g\u00fcn\u00fcnde Bolu Gerede\u2019ye ula\u015ft\u0131. Her g\u00fcn yakla\u015f\u0131k 20 kilometre yol y\u00fcr\u00fcyen sendika \u00fcyeleri, sloganlar e\u015fli\u011finde y\u00fcr\u00fcy\u00fc\u015f\u00fcn\u00fc s\u00fcrd\u00fcr\u00fcyor. \u0130\u015ften \u00e7\u0131kar\u0131lan sendika \u00fcyelerinin sesini duyurmak amac\u0131yla ba\u015flat\u0131lan y\u00fcr\u00fcy\u00fc\u015fe T\u00fcrkiye\u2019nin d\u00f6rt bir yan\u0131ndan gelen sendika \u00fcyeleri de destek veriyor. Kortejde engelli vatanda\u015flar da bulunuyor. Geni\u015f g\u00fcvenlik \u00f6nleminin al\u0131nd\u0131\u011f\u0131 y\u00fcr\u00fcy\u00fc\u015fte korteje polis ekipleri, ambulans, jandarma ekipleri de e\u015flik ediyor.<\/p>\n<p>&#8220;Biz izin versek 10 bin ki\u015fi olacak belki bu y\u00fcr\u00fcy\u00fc\u015f&#8221;<\/p>\n<p>Y\u00fcr\u00fcy\u00fc\u015fe kat\u0131l\u0131p destek vermek isteyen her kesimden vatanda\u015f oldu\u011funu belirten Hizmet &#8211; \u0130\u015f Genel Ba\u015fkan Yard\u0131mc\u0131s\u0131 Halil \u00d6zdemir, &#8220;300 ki\u015fiyle y\u00fcr\u00fcy\u00fc\u015f\u00fcm\u00fcze ba\u015flad\u0131k. 4\u2019\u00fcnc\u00fc g\u00fcn\u00fc. T\u00fcrkiye\u2019nin her yerinden sendika \u00fcyelerimiz bu y\u00fcr\u00fcy\u00fc\u015fe kat\u0131lmak istiyor. Say\u0131 \u00e7o\u011fal\u0131nca kontrol etmek zor oluyor. Hedefimiz, T\u00fcrkiye genelinde i\u015ften \u00e7\u0131kar\u0131lan karde\u015flerimize i\u015flerinin tekrar iade edilmesi. Ba\u015fka bir s\u0131k\u0131nt\u0131m\u0131z yok. Y\u00fcr\u00fcy\u00fc\u015fe kat\u0131lan arkada\u015flar\u0131m\u0131z\u0131n da tek amac\u0131 bu. Y\u00fcr\u00fcy\u00fc\u015f\u00fcm\u00fcz co\u015fkulu bir \u015fekilde devam ediyor. 11 g\u00fcnde bitirmeyi d\u00fc\u015f\u00fcn\u00fcyoruz. Ortalama 19-20 kilometre yol y\u00fcr\u00fcyoruz. Engelli vatanda\u015flar\u0131m\u0131z, sporcular\u0131m\u0131z bizimle olmak istiyor. Biz izin versek 10 bin ki\u015fi olacak belki bu y\u00fcr\u00fcy\u00fc\u015f. Ara\u00e7lar ge\u00e7iyor destek veriyor, ge\u00e7ti\u011fimiz her yerde vatanda\u015flar destek veriyor. Arkada\u015flar\u0131m\u0131z\u0131n arkas\u0131nda da\u011f gibi Hak- \u0130\u015f var. Onlar arkam\u0131zda oldu\u011fu s\u00fcrece kazanaca\u011f\u0131z&#8221; dedi.<\/p>\n","protected":false},"excerpt":{"rendered":"<p>HAK-\u0130\u015e KONFEDERASYONU\u2019N CHP\u2019L\u0130   BOLU BELED\u0130YES\u0130\u2019N\u0130N \u0130\u015eTEN \u00c7IKARDI\u011eI H\u0130ZMET- \u0130\u015e SEND\u0130KASI \u00dcYELER\u0130 \u0130\u00c7\u0130N BA\u015eLATTI\u011eI &#8216;EMEK VE ADALET Y\u00dcR\u00dcY\u00dc\u015e\u00dc&#8217; T\u00dcRK\u0130YE&#8217;N\u0130N D\u00d6RT B\u0130R YANINDAN DESTEK \u0130\u00c7\u0130N GELEN \u00dcYELER\u0130N KATILIMIYLA 4\u2019\u00dcNC\u00dc G\u00dcN\u00dcNDE DE DEVAM ED\u0130YOR. H\u0130ZMET &#8211; \u0130\u015e GENEL BA\u015eKAN YARDIMCISI HAL\u0130L \u00d6ZDEM\u0130R, &#8220;HEDEF\u0130M\u0130Z, T\u00dcRK\u0130YE GENEL\u0130NDE \u0130\u015eTEN \u00c7IKARILAN KARDE\u015eLER\u0130M\u0130ZE \u0130\u015eLER\u0130N\u0130N TEKRAR \u0130ADE ED\u0130LMES\u0130. BA\u015eKAN B\u0130R SIKINTIMIZ YOK\u201d DED\u0130.<\/p>\n","protected":false},"author":1,"featured_media":169178,"comment_status":"closed","ping_status":"open","sticky":false,"template":"","format":"standard","meta":{"jetpack_post_was_ever_published":false,"_jetpack_newsletter_access":"","_jetpack_dont_email_post_to_subs":false,"_jetpack_newsletter_tier_id":0,"_jetpack_memberships_contains_paywalled_content":false,"_jetpack_memberships_contains_paid_content":false,"footnotes":"","jetpack_publicize_message":"","jetpack_publicize_feature_enabled":true,"jetpack_social_post_already_shared":true,"jetpack_social_options":{"image_generator_settings":{"template":"highway","default_image_id":0,"font":"","enabled":false},"version":2}},"categories":[1],"tags":[171,40545,7805,19058,2246,964,10759,1983],"class_list":["post-169177","post","type-post","status-publish","format-standard","has-post-thumbnail","hentry","category-genel","tag-adalet","tag-baslattigi","tag-dorduncu","tag-emek","tag-gununde","tag-hak","tag-isin","tag-yuruyusu"],"jetpack_publicize_connections":[],"jetpack_featured_media_url":"https:\/\/i0.wp.com\/www.tvturk.com\/wp-content\/uploads\/2019\/06\/hak-isin-baslattigi-emek-ve-adalet-yuruyusu-dorduncu-gununde_f452d3d.jpg?fit=1000%2C666","jetpack_sharing_enabled":true,"jetpack_shortlink":"https:\/\/wp.me\/paKIfm-I0F","_links":{"self":[{"href":"http:\/\/www.tvturk.com\/index.php\/wp-json\/wp\/v2\/posts\/169177","targetHints":{"allow":["GET"]}}],"collection":[{"href":"http:\/\/www.tvturk.com\/index.php\/wp-json\/wp\/v2\/posts"}],"about":[{"href":"http:\/\/www.tvturk.com\/index.php\/wp-json\/wp\/v2\/types\/post"}],"author":[{"embeddable":true,"href":"http:\/\/www.tvturk.com\/index.php\/wp-json\/wp\/v2\/users\/1"}],"replies":[{"embeddable":true,"href":"http:\/\/www.tvturk.com\/index.php\/wp-json\/wp\/v2\/comments?post=169177"}],"version-history":[{"count":0,"href":"http:\/\/www.tvturk.com\/index.php\/wp-json\/wp\/v2\/posts\/169177\/revisions"}],"wp:featuredmedia":[{"embeddable":true,"href":"http:\/\/www.tvturk.com\/index.php\/wp-json\/wp\/v2\/media\/169178"}],"wp:attachment":[{"href":"http:\/\/www.tvturk.com\/index.php\/wp-json\/wp\/v2\/media?parent=169177"}],"wp:term":[{"taxonomy":"category","embeddable":true,"href":"http:\/\/www.tvturk.com\/index.php\/wp-json\/wp\/v2\/categories?post=169177"},{"taxonomy":"post_tag","embeddable":true,"href":"http:\/\/www.tvturk.com\/index.php\/wp-json\/wp\/v2\/tags?post=169177"}],"curies":[{"name":"wp","href":"https:\/\/api.w.org\/{rel}","templated":true}]}}