{"id":169195,"date":"2019-06-14T11:37:52","date_gmt":"2019-06-14T08:37:52","guid":{"rendered":"http:\/\/www.tvturk.com\/index.php\/hong-konglular-yeni-bir-protestoya-hazirlaniyor\/"},"modified":"2019-06-14T11:37:52","modified_gmt":"2019-06-14T08:37:52","slug":"hong-konglular-yeni-bir-protestoya-hazirlaniyor","status":"publish","type":"post","link":"http:\/\/www.tvturk.com\/index.php\/hong-konglular-yeni-bir-protestoya-hazirlaniyor\/","title":{"rendered":"Hong Konglular yeni bir protestoya haz\u0131rlan\u0131yor"},"content":{"rendered":"<p>Hong Kong halk\u0131, su\u00e7lular\u0131n \u00c7in\u2019e iade edilmesinin \u00f6n\u00fcn\u00fc a\u00e7acak yasa tasar\u0131s\u0131na kar\u015f\u0131 \u00e7\u0131kmak i\u00e7in Pazar g\u00fcn\u00fc yeniden soka\u011fa \u00e7\u0131kacak.<\/p>\n<p>Hong Konglular tart\u0131\u015fmalara neden olan, su\u00e7lular\u0131n \u00c7in\u2019e iade edilmesinin \u00f6n\u00fcn\u00fc a\u00e7acak yasa tasar\u0131s\u0131na kar\u015f\u0131 \u00e7\u0131kmak i\u00e7in hafta sonu yeni bir protesto yapmaya haz\u0131rlan\u0131yor. Pazar g\u00fcn\u00fcnden beri devam eden protestolara kar\u015f\u0131 direnemeyen \u015eehir Meclisi, Per\u015fembe g\u00fcn\u00fc yasa tasar\u0131s\u0131 g\u00f6r\u00fc\u015fmelerinin ertelendi\u011fini a\u00e7\u0131klam\u0131\u015ft\u0131. \u00c7in Sivil \u0130nsan Haklar\u0131 Cephesi (CHRF), Pazar g\u00fcn\u00fc Hong Kong\u2019da \u00fc\u00e7\u00fcnc\u00fc bir protesto haz\u0131rl\u0131\u011f\u0131nda olduklar\u0131n\u0131 a\u00e7\u0131klad\u0131. Ancak polisten protesto i\u00e7in hen\u00fcz bir izin gelmedi\u011fi biliniyor. Bu sebeple gelecek protestoda, \u00c7ar\u015famba g\u00fcn\u00fc ya\u015fanan \u015fiddet olaylar\u0131 gibi tansiyonun art\u0131p artmayaca\u011f\u0131 bilinmiyor.<\/p>\n<p>\u015eehirde hayat, gen\u00e7 protestocular\u0131n \u015eehir Meclisi binas\u0131na y\u00fcr\u00fcd\u00fc\u011f\u00fc \u00c7ar\u015famba g\u00fcn\u00fcnden beri durmu\u015f durumda. \u00c7ar\u015famba g\u00fcn\u00fc ya\u015fanan protestolarda 5 bin \u00e7evik kuvvet g\u00f6revlisi m\u00fcdahalede bulunurken, 150 \u015farj\u00f6r g\u00f6z ya\u015fart\u0131c\u0131 gaz kullan\u0131ld\u0131. Hong Kong Emniyet M\u00fcd\u00fcr\u00fc Steven Lo Wai-chung Per\u015fembe g\u00fcn\u00fc yapt\u0131\u011f\u0131 a\u00e7\u0131klamada, polis memurlar\u0131n\u0131n \u015fiddet kullan\u0131m\u0131n\u0131 art\u0131rmaktan ba\u015fka bir \u00e7aresinin olmad\u0131\u011f\u0131n\u0131 ileri s\u00fcrd\u00fc.<\/p>\n<p>Bug\u00fcn ilk defa baz\u0131 banka \u015fubeleri hizmete ba\u015flad\u0131. Sadece belirli noktalarda k\u00fc\u00e7\u00fck ve ba\u011f\u0131ms\u0131z protestolar d\u00fczenleniyor.<\/p>\n<p>Organizat\u00f6rler Pazar g\u00fcn\u00fc ba\u015flayan protestolara 1 milyondan fazla insan\u0131n kat\u0131ld\u0131\u011f\u0131n\u0131 ileri s\u00fcrd\u00fc. Protestolar\u0131n \u015fehrin \u0130ngiltere\u2019den tekrar \u00c7in\u2019e ba\u011fland\u0131\u011f\u0131 1997 y\u0131l\u0131ndan beri g\u00f6r\u00fclen en b\u00fcy\u00fck protesto oldu\u011fu ileri s\u00fcr\u00fcl\u00fcyor.<\/p>\n","protected":false},"excerpt":{"rendered":"<p>HONG KONGLU B\u0130R GRUP HR\u0130ST\u0130YAN, SU\u00c7LULARIN \u00c7\u0130N&#8217;E \u0130ADES\u0130N\u0130 \u00d6NG\u00d6REN YASA TASARISINA KAR\u015eI BUG\u00dcN SOKA\u011eA \u00c7IKTI<\/p>\n","protected":false},"author":1,"featured_media":169196,"comment_status":"closed","ping_status":"open","sticky":false,"template":"","format":"standard","meta":{"jetpack_post_was_ever_published":false,"_jetpack_newsletter_access":"","_jetpack_dont_email_post_to_subs":false,"_jetpack_newsletter_tier_id":0,"_jetpack_memberships_contains_paywalled_content":false,"_jetpack_memberships_contains_paid_content":false,"footnotes":"","jetpack_publicize_message":"","jetpack_publicize_feature_enabled":true,"jetpack_social_post_already_shared":true,"jetpack_social_options":{"image_generator_settings":{"template":"highway","default_image_id":0,"font":"","enabled":false},"version":2}},"categories":[10],"tags":[125,297,13822,40665,40666,87],"class_list":["post-169195","post","type-post","status-publish","format-standard","has-post-thumbnail","hentry","category-dunya","tag-bir","tag-hazirlaniyor","tag-hong","tag-konglular","tag-protestoya","tag-yeni"],"jetpack_publicize_connections":[],"jetpack_featured_media_url":"https:\/\/i0.wp.com\/www.tvturk.com\/wp-content\/uploads\/2019\/06\/hong-konglular-yeni-bir-protestoya-hazirlaniyor_adb18e4.jpg?fit=1000%2C666","jetpack_sharing_enabled":true,"jetpack_shortlink":"https:\/\/wp.me\/paKIfm-I0X","_links":{"self":[{"href":"http:\/\/www.tvturk.com\/index.php\/wp-json\/wp\/v2\/posts\/169195","targetHints":{"allow":["GET"]}}],"collection":[{"href":"http:\/\/www.tvturk.com\/index.php\/wp-json\/wp\/v2\/posts"}],"about":[{"href":"http:\/\/www.tvturk.com\/index.php\/wp-json\/wp\/v2\/types\/post"}],"author":[{"embeddable":true,"href":"http:\/\/www.tvturk.com\/index.php\/wp-json\/wp\/v2\/users\/1"}],"replies":[{"embeddable":true,"href":"http:\/\/www.tvturk.com\/index.php\/wp-json\/wp\/v2\/comments?post=169195"}],"version-history":[{"count":0,"href":"http:\/\/www.tvturk.com\/index.php\/wp-json\/wp\/v2\/posts\/169195\/revisions"}],"wp:featuredmedia":[{"embeddable":true,"href":"http:\/\/www.tvturk.com\/index.php\/wp-json\/wp\/v2\/media\/169196"}],"wp:attachment":[{"href":"http:\/\/www.tvturk.com\/index.php\/wp-json\/wp\/v2\/media?parent=169195"}],"wp:term":[{"taxonomy":"category","embeddable":true,"href":"http:\/\/www.tvturk.com\/index.php\/wp-json\/wp\/v2\/categories?post=169195"},{"taxonomy":"post_tag","embeddable":true,"href":"http:\/\/www.tvturk.com\/index.php\/wp-json\/wp\/v2\/tags?post=169195"}],"curies":[{"name":"wp","href":"https:\/\/api.w.org\/{rel}","templated":true}]}}