{"id":16921,"date":"2019-02-09T21:44:50","date_gmt":"2019-02-09T18:44:50","guid":{"rendered":"http:\/\/www.tvturk.com\/index.php\/izmirde-iki-arac-kafa-kafaya-carpisti-1-olu-3-yarali\/"},"modified":"2019-02-09T21:44:57","modified_gmt":"2019-02-09T18:44:57","slug":"izmirde-iki-arac-kafa-kafaya-carpisti-1-olu-3-yarali","status":"publish","type":"post","link":"http:\/\/www.tvturk.com\/index.php\/izmirde-iki-arac-kafa-kafaya-carpisti-1-olu-3-yarali\/","title":{"rendered":"\u0130zmir\u2019de iki ara\u00e7 kafa kafaya \u00e7arp\u0131\u015ft\u0131: 1 \u00f6l\u00fc, 3 yaral\u0131"},"content":{"rendered":"<p>\u0130zmir\u2019in Alia\u011fa il\u00e7esinde iki arac\u0131n kafa kafaya \u00e7arp\u0131\u015ft\u0131\u011f\u0131 kazada 1 ki\u015fi hayat\u0131n\u0131 kaybetti, 3 ki\u015fi yaraland\u0131.<\/p>\n<p>Kaza, ak\u015fam saatlerinde G\u00fczelhisar Caddesi Cindere mevkiinde meydana geldi. Edinilen bilgilere g\u00f6re, Alia\u011fa istikametinden Karakuzu Mahallesi y\u00f6n\u00fcne do\u011fru seyir halinde bulunan Mehmet Akta\u015f  (49) y\u00f6netimindeki 35 F 3827 plakal\u0131 otomobil ile Karakuzu y\u00f6n\u00fcnden Alia\u011fa y\u00f6n\u00fcne giden \u0130lker  \u015e .(33) y\u00f6netimindeki 41 E 5381  plakal\u0131  kamyonet kafa kafaya  \u00e7arp\u0131\u015ft\u0131. \u00c7arp\u0131\u015fman\u0131n etkisiyle otomobil s\u00fcr\u00fcc\u00fcs\u00fc Mehmet  Akta\u015f (49) olay yerinde hayat\u0131n\u0131 kaybederken, kamyonet s\u00fcr\u00fcc\u00fc \u0130lker \u015e. (33),  yolcular Do\u011fan K. (33) ve Ramazan A. (14) yaraland\u0131. Yaral\u0131lar, 112 Acil Servis ekipleri taraf\u0131ndan Alia\u011fa Devlet Hastanesi\u2019ne kald\u0131r\u0131ld\u0131. Durumu a\u011f\u0131r olan yolcu Ramazan A. (14) ilk m\u00fcdahalenin ard\u0131ndan Ege \u00dcniversitesi Hastanesine sevk edildi.<\/p>\n<p>Kazayla ilgili inceleme ba\u015flat\u0131ld\u0131.<div class=\"tiled-gallery type-rectangular tiled-gallery-unresized\" data-original-width=\"500\" data-carousel-extra='null' itemscope itemtype=\"http:\/\/schema.org\/ImageGallery\" > <div class=\"gallery-row\" style=\"width: 500px; height: 224px;\" data-original-width=\"500\" data-original-height=\"224\" > <div class=\"gallery-group images-1\" style=\"width: 334px; height: 224px;\" data-original-width=\"334\" data-original-height=\"224\" > <div class=\"tiled-gallery-item tiled-gallery-item-large\" itemprop=\"associatedMedia\" itemscope itemtype=\"http:\/\/schema.org\/ImageObject\"> <a href=\"http:\/\/www.tvturk.com\/index.php\/izmirde-iki-arac-kafa-kafaya-carpisti-1-olu-3-yarali\/izmirde-iki-arac-kafa-kafaya-carpisti-1-olu-3-yarali-3\/\" border=\"0\" itemprop=\"url\"> <meta itemprop=\"width\" content=\"330\"> <meta itemprop=\"height\" content=\"220\"> <img decoding=\"async\" class=\"\" data-attachment-id=\"16923\" data-orig-file=\"http:\/\/www.tvturk.com\/wp-content\/uploads\/2019\/02\/izmirde-iki-arac-kafa-kafaya-carpisti-1-olu-3-yarali_a1e7ce5.jpg\" data-orig-size=\"1000,668\" data-comments-opened=\"\" data-image-meta=\"{&quot;aperture&quot;:&quot;0&quot;,&quot;credit&quot;:&quot;IHA&quot;,&quot;camera&quot;:&quot;&quot;,&quot;caption&quot;:&quot;\\u0130ZM\\u0130R\\u2019\\u0130N AL\\u0130A\\u011eA \\u0130L\\u00c7ES\\u0130NDE \\u0130K\\u0130 ARACIN KAFA KAFAYA \\u00c7ARPI\\u015eTI\\u011eI KAZADA 1 K\\u0130\\u015e\\u0130 HAYATINI KAYBETT\\u0130, 3 K\\u0130\\u015e\\u0130 YARALANDI. (\\u0130SMA\\u0130L HAKKI ERG\\u00dcN\\\/\\u0130ZM\\u0130R-\\u0130HA)&quot;,&quot;created_timestamp&quot;:&quot;0&quot;,&quot;copyright&quot;:&quot;\\u0130HLAS HABER AJANSI, www.iha.com.tr&quot;,&quot;focal_length&quot;:&quot;0&quot;,&quot;iso&quot;:&quot;0&quot;,&quot;shutter_speed&quot;:&quot;0&quot;,&quot;title&quot;:&quot;\\u0130ZM\\u0130R\\u2019DE \\u0130K\\u0130 ARA\\u00c7 KAFA KAFAYA \\u00c7ARPI\\u015eTI: 1 \\u00d6L\\u00dc, 3 YARALI&quot;,&quot;orientation&quot;:&quot;0&quot;}\" data-image-title=\"\u0130zmir\u2019de iki ara\u00e7 kafa kafaya \u00e7arp\u0131\u015ft\u0131: 1 \u00f6l\u00fc, 3 yaral\u0131\" data-image-description=\"&lt;p&gt;\u0130zmir\u2019de iki ara\u00e7 kafa kafaya \u00e7arp\u0131\u015ft\u0131: 1 \u00f6l\u00fc, 3 yaral\u0131&lt;\/p&gt; \" data-medium-file=\"https:\/\/i0.wp.com\/www.tvturk.com\/wp-content\/uploads\/2019\/02\/izmirde-iki-arac-kafa-kafaya-carpisti-1-olu-3-yarali_a1e7ce5.jpg?fit=300%2C200\" data-large-file=\"https:\/\/i0.wp.com\/www.tvturk.com\/wp-content\/uploads\/2019\/02\/izmirde-iki-arac-kafa-kafaya-carpisti-1-olu-3-yarali_a1e7ce5.jpg?fit=1000%2C668\" src=\"https:\/\/i0.wp.com\/www.tvturk.com\/wp-content\/uploads\/2019\/02\/izmirde-iki-arac-kafa-kafaya-carpisti-1-olu-3-yarali_a1e7ce5.jpg?w=330&#038;h=220\" srcset=\"https:\/\/i0.wp.com\/www.tvturk.com\/wp-content\/uploads\/2019\/02\/izmirde-iki-arac-kafa-kafaya-carpisti-1-olu-3-yarali_a1e7ce5.jpg?w=1000 1000w, https:\/\/i0.wp.com\/www.tvturk.com\/wp-content\/uploads\/2019\/02\/izmirde-iki-arac-kafa-kafaya-carpisti-1-olu-3-yarali_a1e7ce5.jpg?resize=150%2C100 150w, https:\/\/i0.wp.com\/www.tvturk.com\/wp-content\/uploads\/2019\/02\/izmirde-iki-arac-kafa-kafaya-carpisti-1-olu-3-yarali_a1e7ce5.jpg?resize=300%2C200 300w, https:\/\/i0.wp.com\/www.tvturk.com\/wp-content\/uploads\/2019\/02\/izmirde-iki-arac-kafa-kafaya-carpisti-1-olu-3-yarali_a1e7ce5.jpg?resize=768%2C513 768w, https:\/\/i0.wp.com\/www.tvturk.com\/wp-content\/uploads\/2019\/02\/izmirde-iki-arac-kafa-kafaya-carpisti-1-olu-3-yarali_a1e7ce5.jpg?resize=170%2C113 170w, https:\/\/i0.wp.com\/www.tvturk.com\/wp-content\/uploads\/2019\/02\/izmirde-iki-arac-kafa-kafaya-carpisti-1-olu-3-yarali_a1e7ce5.jpg?resize=120%2C80 120w\" width=\"330\" height=\"220\" loading=\"lazy\" data-original-width=\"330\" data-original-height=\"220\" itemprop=\"http:\/\/schema.org\/image\" title=\"\u0130zmir\u2019de iki ara\u00e7 kafa kafaya \u00e7arp\u0131\u015ft\u0131: 1 \u00f6l\u00fc, 3 yaral\u0131\" alt=\"\u0130zmir\u2019de iki ara\u00e7 kafa kafaya \u00e7arp\u0131\u015ft\u0131: 1 \u00f6l\u00fc, 3 yaral\u0131\" style=\"width: 330px; height: 220px;\" \/> <\/a> <\/div> <\/div> <!-- close group --> <div class=\"gallery-group images-2\" style=\"width: 166px; height: 224px;\" data-original-width=\"166\" data-original-height=\"224\" > <div class=\"tiled-gallery-item tiled-gallery-item-small\" itemprop=\"associatedMedia\" itemscope itemtype=\"http:\/\/schema.org\/ImageObject\"> <a href=\"http:\/\/www.tvturk.com\/index.php\/izmirde-iki-arac-kafa-kafaya-carpisti-1-olu-3-yarali\/izmirde-iki-arac-kafa-kafaya-carpisti-1-olu-3-yarali-4\/\" border=\"0\" itemprop=\"url\"> <meta itemprop=\"width\" content=\"162\"> <meta itemprop=\"height\" content=\"108\"> <img decoding=\"async\" class=\"\" data-attachment-id=\"16924\" data-orig-file=\"http:\/\/www.tvturk.com\/wp-content\/uploads\/2019\/02\/izmirde-iki-arac-kafa-kafaya-carpisti-1-olu-3-yarali_19f20be.jpg\" data-orig-size=\"1000,668\" data-comments-opened=\"\" data-image-meta=\"{&quot;aperture&quot;:&quot;0&quot;,&quot;credit&quot;:&quot;IHA&quot;,&quot;camera&quot;:&quot;&quot;,&quot;caption&quot;:&quot;\\u0130ZM\\u0130R\\u2019\\u0130N AL\\u0130A\\u011eA \\u0130L\\u00c7ES\\u0130NDE \\u0130K\\u0130 ARACIN KAFA KAFAYA \\u00c7ARPI\\u015eTI\\u011eI KAZADA 1 K\\u0130\\u015e\\u0130 HAYATINI KAYBETT\\u0130, 3 K\\u0130\\u015e\\u0130 YARALANDI. (\\u0130SMA\\u0130L HAKKI ERG\\u00dcN\\\/\\u0130ZM\\u0130R-\\u0130HA)&quot;,&quot;created_timestamp&quot;:&quot;0&quot;,&quot;copyright&quot;:&quot;\\u0130HLAS HABER AJANSI, www.iha.com.tr&quot;,&quot;focal_length&quot;:&quot;0&quot;,&quot;iso&quot;:&quot;0&quot;,&quot;shutter_speed&quot;:&quot;0&quot;,&quot;title&quot;:&quot;\\u0130ZM\\u0130R\\u2019DE \\u0130K\\u0130 ARA\\u00c7 KAFA KAFAYA \\u00c7ARPI\\u015eTI: 1 \\u00d6L\\u00dc, 3 YARALI&quot;,&quot;orientation&quot;:&quot;0&quot;}\" data-image-title=\"\u0130zmir\u2019de iki ara\u00e7 kafa kafaya \u00e7arp\u0131\u015ft\u0131: 1 \u00f6l\u00fc, 3 yaral\u0131\" data-image-description=\"&lt;p&gt;\u0130zmir\u2019de iki ara\u00e7 kafa kafaya \u00e7arp\u0131\u015ft\u0131: 1 \u00f6l\u00fc, 3 yaral\u0131&lt;\/p&gt; \" data-medium-file=\"https:\/\/i0.wp.com\/www.tvturk.com\/wp-content\/uploads\/2019\/02\/izmirde-iki-arac-kafa-kafaya-carpisti-1-olu-3-yarali_19f20be.jpg?fit=300%2C200\" data-large-file=\"https:\/\/i0.wp.com\/www.tvturk.com\/wp-content\/uploads\/2019\/02\/izmirde-iki-arac-kafa-kafaya-carpisti-1-olu-3-yarali_19f20be.jpg?fit=1000%2C668\" src=\"https:\/\/i0.wp.com\/www.tvturk.com\/wp-content\/uploads\/2019\/02\/izmirde-iki-arac-kafa-kafaya-carpisti-1-olu-3-yarali_19f20be.jpg?w=162&#038;h=108\" srcset=\"https:\/\/i0.wp.com\/www.tvturk.com\/wp-content\/uploads\/2019\/02\/izmirde-iki-arac-kafa-kafaya-carpisti-1-olu-3-yarali_19f20be.jpg?w=1000 1000w, https:\/\/i0.wp.com\/www.tvturk.com\/wp-content\/uploads\/2019\/02\/izmirde-iki-arac-kafa-kafaya-carpisti-1-olu-3-yarali_19f20be.jpg?resize=150%2C100 150w, https:\/\/i0.wp.com\/www.tvturk.com\/wp-content\/uploads\/2019\/02\/izmirde-iki-arac-kafa-kafaya-carpisti-1-olu-3-yarali_19f20be.jpg?resize=300%2C200 300w, https:\/\/i0.wp.com\/www.tvturk.com\/wp-content\/uploads\/2019\/02\/izmirde-iki-arac-kafa-kafaya-carpisti-1-olu-3-yarali_19f20be.jpg?resize=768%2C513 768w, https:\/\/i0.wp.com\/www.tvturk.com\/wp-content\/uploads\/2019\/02\/izmirde-iki-arac-kafa-kafaya-carpisti-1-olu-3-yarali_19f20be.jpg?resize=170%2C113 170w, https:\/\/i0.wp.com\/www.tvturk.com\/wp-content\/uploads\/2019\/02\/izmirde-iki-arac-kafa-kafaya-carpisti-1-olu-3-yarali_19f20be.jpg?resize=120%2C80 120w\" width=\"162\" height=\"108\" loading=\"lazy\" data-original-width=\"162\" data-original-height=\"108\" itemprop=\"http:\/\/schema.org\/image\" title=\"\u0130zmir\u2019de iki ara\u00e7 kafa kafaya \u00e7arp\u0131\u015ft\u0131: 1 \u00f6l\u00fc, 3 yaral\u0131\" alt=\"\u0130zmir\u2019de iki ara\u00e7 kafa kafaya \u00e7arp\u0131\u015ft\u0131: 1 \u00f6l\u00fc, 3 yaral\u0131\" style=\"width: 162px; height: 108px;\" \/> <\/a> <\/div> <div class=\"tiled-gallery-item tiled-gallery-item-small\" itemprop=\"associatedMedia\" itemscope itemtype=\"http:\/\/schema.org\/ImageObject\"> <a href=\"http:\/\/www.tvturk.com\/index.php\/izmirde-iki-arac-kafa-kafaya-carpisti-1-olu-3-yarali\/izmirde-iki-arac-kafa-kafaya-carpisti-1-olu-3-yarali-5\/\" border=\"0\" itemprop=\"url\"> <meta itemprop=\"width\" content=\"162\"> <meta itemprop=\"height\" content=\"108\"> <img decoding=\"async\" class=\"\" data-attachment-id=\"16925\" data-orig-file=\"http:\/\/www.tvturk.com\/wp-content\/uploads\/2019\/02\/izmirde-iki-arac-kafa-kafaya-carpisti-1-olu-3-yarali_9f2a697.jpg\" data-orig-size=\"1000,668\" data-comments-opened=\"\" data-image-meta=\"{&quot;aperture&quot;:&quot;0&quot;,&quot;credit&quot;:&quot;IHA&quot;,&quot;camera&quot;:&quot;&quot;,&quot;caption&quot;:&quot;\\u0130ZM\\u0130R\\u2019\\u0130N AL\\u0130A\\u011eA \\u0130L\\u00c7ES\\u0130NDE \\u0130K\\u0130 ARACIN KAFA KAFAYA \\u00c7ARPI\\u015eTI\\u011eI KAZADA 1 K\\u0130\\u015e\\u0130 HAYATINI KAYBETT\\u0130, 3 K\\u0130\\u015e\\u0130 YARALANDI. (\\u0130SMA\\u0130L HAKKI ERG\\u00dcN\\\/\\u0130ZM\\u0130R-\\u0130HA)&quot;,&quot;created_timestamp&quot;:&quot;0&quot;,&quot;copyright&quot;:&quot;\\u0130HLAS HABER AJANSI, www.iha.com.tr&quot;,&quot;focal_length&quot;:&quot;0&quot;,&quot;iso&quot;:&quot;0&quot;,&quot;shutter_speed&quot;:&quot;0&quot;,&quot;title&quot;:&quot;\\u0130ZM\\u0130R\\u2019DE \\u0130K\\u0130 ARA\\u00c7 KAFA KAFAYA \\u00c7ARPI\\u015eTI: 1 \\u00d6L\\u00dc, 3 YARALI&quot;,&quot;orientation&quot;:&quot;0&quot;}\" data-image-title=\"\u0130zmir\u2019de iki ara\u00e7 kafa kafaya \u00e7arp\u0131\u015ft\u0131: 1 \u00f6l\u00fc, 3 yaral\u0131\" data-image-description=\"&lt;p&gt;\u0130zmir\u2019de iki ara\u00e7 kafa kafaya \u00e7arp\u0131\u015ft\u0131: 1 \u00f6l\u00fc, 3 yaral\u0131&lt;\/p&gt; \" data-medium-file=\"https:\/\/i0.wp.com\/www.tvturk.com\/wp-content\/uploads\/2019\/02\/izmirde-iki-arac-kafa-kafaya-carpisti-1-olu-3-yarali_9f2a697.jpg?fit=300%2C200\" data-large-file=\"https:\/\/i0.wp.com\/www.tvturk.com\/wp-content\/uploads\/2019\/02\/izmirde-iki-arac-kafa-kafaya-carpisti-1-olu-3-yarali_9f2a697.jpg?fit=1000%2C668\" src=\"https:\/\/i0.wp.com\/www.tvturk.com\/wp-content\/uploads\/2019\/02\/izmirde-iki-arac-kafa-kafaya-carpisti-1-olu-3-yarali_9f2a697.jpg?w=162&#038;h=108\" srcset=\"https:\/\/i0.wp.com\/www.tvturk.com\/wp-content\/uploads\/2019\/02\/izmirde-iki-arac-kafa-kafaya-carpisti-1-olu-3-yarali_9f2a697.jpg?w=1000 1000w, https:\/\/i0.wp.com\/www.tvturk.com\/wp-content\/uploads\/2019\/02\/izmirde-iki-arac-kafa-kafaya-carpisti-1-olu-3-yarali_9f2a697.jpg?resize=150%2C100 150w, https:\/\/i0.wp.com\/www.tvturk.com\/wp-content\/uploads\/2019\/02\/izmirde-iki-arac-kafa-kafaya-carpisti-1-olu-3-yarali_9f2a697.jpg?resize=300%2C200 300w, https:\/\/i0.wp.com\/www.tvturk.com\/wp-content\/uploads\/2019\/02\/izmirde-iki-arac-kafa-kafaya-carpisti-1-olu-3-yarali_9f2a697.jpg?resize=768%2C513 768w, https:\/\/i0.wp.com\/www.tvturk.com\/wp-content\/uploads\/2019\/02\/izmirde-iki-arac-kafa-kafaya-carpisti-1-olu-3-yarali_9f2a697.jpg?resize=170%2C113 170w, https:\/\/i0.wp.com\/www.tvturk.com\/wp-content\/uploads\/2019\/02\/izmirde-iki-arac-kafa-kafaya-carpisti-1-olu-3-yarali_9f2a697.jpg?resize=120%2C80 120w\" width=\"162\" height=\"108\" loading=\"lazy\" data-original-width=\"162\" data-original-height=\"108\" itemprop=\"http:\/\/schema.org\/image\" title=\"\u0130zmir\u2019de iki ara\u00e7 kafa kafaya \u00e7arp\u0131\u015ft\u0131: 1 \u00f6l\u00fc, 3 yaral\u0131\" alt=\"\u0130zmir\u2019de iki ara\u00e7 kafa kafaya \u00e7arp\u0131\u015ft\u0131: 1 \u00f6l\u00fc, 3 yaral\u0131\" style=\"width: 162px; height: 108px;\" \/> <\/a> <\/div> <\/div> <!-- close group --> <\/div> <!-- close row --> <div class=\"gallery-row\" style=\"width: 500px; height: 218px;\" data-original-width=\"500\" data-original-height=\"218\" > <div class=\"gallery-group images-2\" style=\"width: 175px; height: 218px;\" data-original-width=\"175\" data-original-height=\"218\" > <div class=\"tiled-gallery-item tiled-gallery-item-small\" itemprop=\"associatedMedia\" itemscope itemtype=\"http:\/\/schema.org\/ImageObject\"> <a href=\"http:\/\/www.tvturk.com\/index.php\/izmirde-iki-arac-kafa-kafaya-carpisti-1-olu-3-yarali\/izmirde-iki-arac-kafa-kafaya-carpisti-1-olu-3-yarali-6\/\" border=\"0\" itemprop=\"url\"> <meta itemprop=\"width\" content=\"171\"> <meta itemprop=\"height\" content=\"114\"> <img decoding=\"async\" class=\"\" data-attachment-id=\"16926\" data-orig-file=\"http:\/\/www.tvturk.com\/wp-content\/uploads\/2019\/02\/izmirde-iki-arac-kafa-kafaya-carpisti-1-olu-3-yarali_1e4daae.jpg\" data-orig-size=\"1000,668\" data-comments-opened=\"\" data-image-meta=\"{&quot;aperture&quot;:&quot;0&quot;,&quot;credit&quot;:&quot;IHA&quot;,&quot;camera&quot;:&quot;&quot;,&quot;caption&quot;:&quot;\\u0130ZM\\u0130R\\u2019\\u0130N AL\\u0130A\\u011eA \\u0130L\\u00c7ES\\u0130NDE \\u0130K\\u0130 ARACIN KAFA KAFAYA \\u00c7ARPI\\u015eTI\\u011eI KAZADA 1 K\\u0130\\u015e\\u0130 HAYATINI KAYBETT\\u0130, 3 K\\u0130\\u015e\\u0130 YARALANDI. (\\u0130SMA\\u0130L HAKKI ERG\\u00dcN\\\/\\u0130ZM\\u0130R-\\u0130HA)&quot;,&quot;created_timestamp&quot;:&quot;0&quot;,&quot;copyright&quot;:&quot;\\u0130HLAS HABER AJANSI, www.iha.com.tr&quot;,&quot;focal_length&quot;:&quot;0&quot;,&quot;iso&quot;:&quot;0&quot;,&quot;shutter_speed&quot;:&quot;0&quot;,&quot;title&quot;:&quot;\\u0130ZM\\u0130R\\u2019DE \\u0130K\\u0130 ARA\\u00c7 KAFA KAFAYA \\u00c7ARPI\\u015eTI: 1 \\u00d6L\\u00dc, 3 YARALI&quot;,&quot;orientation&quot;:&quot;0&quot;}\" data-image-title=\"\u0130zmir\u2019de iki ara\u00e7 kafa kafaya \u00e7arp\u0131\u015ft\u0131: 1 \u00f6l\u00fc, 3 yaral\u0131\" data-image-description=\"&lt;p&gt;\u0130zmir\u2019de iki ara\u00e7 kafa kafaya \u00e7arp\u0131\u015ft\u0131: 1 \u00f6l\u00fc, 3 yaral\u0131&lt;\/p&gt; \" data-medium-file=\"https:\/\/i0.wp.com\/www.tvturk.com\/wp-content\/uploads\/2019\/02\/izmirde-iki-arac-kafa-kafaya-carpisti-1-olu-3-yarali_1e4daae.jpg?fit=300%2C200\" data-large-file=\"https:\/\/i0.wp.com\/www.tvturk.com\/wp-content\/uploads\/2019\/02\/izmirde-iki-arac-kafa-kafaya-carpisti-1-olu-3-yarali_1e4daae.jpg?fit=1000%2C668\" src=\"https:\/\/i0.wp.com\/www.tvturk.com\/wp-content\/uploads\/2019\/02\/izmirde-iki-arac-kafa-kafaya-carpisti-1-olu-3-yarali_1e4daae.jpg?w=171&#038;h=114\" srcset=\"https:\/\/i0.wp.com\/www.tvturk.com\/wp-content\/uploads\/2019\/02\/izmirde-iki-arac-kafa-kafaya-carpisti-1-olu-3-yarali_1e4daae.jpg?w=1000 1000w, https:\/\/i0.wp.com\/www.tvturk.com\/wp-content\/uploads\/2019\/02\/izmirde-iki-arac-kafa-kafaya-carpisti-1-olu-3-yarali_1e4daae.jpg?resize=150%2C100 150w, https:\/\/i0.wp.com\/www.tvturk.com\/wp-content\/uploads\/2019\/02\/izmirde-iki-arac-kafa-kafaya-carpisti-1-olu-3-yarali_1e4daae.jpg?resize=300%2C200 300w, https:\/\/i0.wp.com\/www.tvturk.com\/wp-content\/uploads\/2019\/02\/izmirde-iki-arac-kafa-kafaya-carpisti-1-olu-3-yarali_1e4daae.jpg?resize=768%2C513 768w, https:\/\/i0.wp.com\/www.tvturk.com\/wp-content\/uploads\/2019\/02\/izmirde-iki-arac-kafa-kafaya-carpisti-1-olu-3-yarali_1e4daae.jpg?resize=170%2C113 170w, https:\/\/i0.wp.com\/www.tvturk.com\/wp-content\/uploads\/2019\/02\/izmirde-iki-arac-kafa-kafaya-carpisti-1-olu-3-yarali_1e4daae.jpg?resize=120%2C80 120w\" width=\"171\" height=\"114\" loading=\"lazy\" data-original-width=\"171\" data-original-height=\"114\" itemprop=\"http:\/\/schema.org\/image\" title=\"\u0130zmir\u2019de iki ara\u00e7 kafa kafaya \u00e7arp\u0131\u015ft\u0131: 1 \u00f6l\u00fc, 3 yaral\u0131\" alt=\"\u0130zmir\u2019de iki ara\u00e7 kafa kafaya \u00e7arp\u0131\u015ft\u0131: 1 \u00f6l\u00fc, 3 yaral\u0131\" style=\"width: 171px; height: 114px;\" \/> <\/a> <\/div> <div class=\"tiled-gallery-item tiled-gallery-item-small\" itemprop=\"associatedMedia\" itemscope itemtype=\"http:\/\/schema.org\/ImageObject\"> <a href=\"http:\/\/www.tvturk.com\/index.php\/izmirde-iki-arac-kafa-kafaya-carpisti-1-olu-3-yarali\/izmirde-iki-arac-kafa-kafaya-carpisti-1-olu-3-yarali-7\/\" border=\"0\" itemprop=\"url\"> <meta itemprop=\"width\" content=\"171\"> <meta itemprop=\"height\" content=\"96\"> <img decoding=\"async\" class=\"\" data-attachment-id=\"16927\" data-orig-file=\"http:\/\/www.tvturk.com\/wp-content\/uploads\/2019\/02\/izmirde-iki-arac-kafa-kafaya-carpisti-1-olu-3-yarali_be24560.jpg\" data-orig-size=\"1000,562\" data-comments-opened=\"\" data-image-meta=\"{&quot;aperture&quot;:&quot;0&quot;,&quot;credit&quot;:&quot;IHA&quot;,&quot;camera&quot;:&quot;&quot;,&quot;caption&quot;:&quot;\\u0130ZM\\u0130R\\u2019\\u0130N AL\\u0130A\\u011eA \\u0130L\\u00c7ES\\u0130NDE \\u0130K\\u0130 ARACIN KAFA KAFAYA \\u00c7ARPI\\u015eTI\\u011eI KAZADA 1 K\\u0130\\u015e\\u0130 HAYATINI KAYBETT\\u0130, 3 K\\u0130\\u015e\\u0130 YARALANDI. (\\u0130SMA\\u0130L HAKKI ERG\\u00dcN\\\/\\u0130ZM\\u0130R-\\u0130HA)&quot;,&quot;created_timestamp&quot;:&quot;0&quot;,&quot;copyright&quot;:&quot;\\u0130HLAS HABER AJANSI, www.iha.com.tr&quot;,&quot;focal_length&quot;:&quot;0&quot;,&quot;iso&quot;:&quot;0&quot;,&quot;shutter_speed&quot;:&quot;0&quot;,&quot;title&quot;:&quot;\\u0130ZM\\u0130R\\u2019DE \\u0130K\\u0130 ARA\\u00c7 KAFA KAFAYA \\u00c7ARPI\\u015eTI: 1 \\u00d6L\\u00dc, 3 YARALI&quot;,&quot;orientation&quot;:&quot;0&quot;}\" data-image-title=\"\u0130zmir\u2019de iki ara\u00e7 kafa kafaya \u00e7arp\u0131\u015ft\u0131: 1 \u00f6l\u00fc, 3 yaral\u0131\" data-image-description=\"&lt;p&gt;\u0130zmir\u2019de iki ara\u00e7 kafa kafaya \u00e7arp\u0131\u015ft\u0131: 1 \u00f6l\u00fc, 3 yaral\u0131&lt;\/p&gt; \" data-medium-file=\"https:\/\/i0.wp.com\/www.tvturk.com\/wp-content\/uploads\/2019\/02\/izmirde-iki-arac-kafa-kafaya-carpisti-1-olu-3-yarali_be24560.jpg?fit=300%2C169\" data-large-file=\"https:\/\/i0.wp.com\/www.tvturk.com\/wp-content\/uploads\/2019\/02\/izmirde-iki-arac-kafa-kafaya-carpisti-1-olu-3-yarali_be24560.jpg?fit=1000%2C562\" src=\"https:\/\/i0.wp.com\/www.tvturk.com\/wp-content\/uploads\/2019\/02\/izmirde-iki-arac-kafa-kafaya-carpisti-1-olu-3-yarali_be24560.jpg?w=171&#038;h=96\" srcset=\"https:\/\/i0.wp.com\/www.tvturk.com\/wp-content\/uploads\/2019\/02\/izmirde-iki-arac-kafa-kafaya-carpisti-1-olu-3-yarali_be24560.jpg?w=1000 1000w, https:\/\/i0.wp.com\/www.tvturk.com\/wp-content\/uploads\/2019\/02\/izmirde-iki-arac-kafa-kafaya-carpisti-1-olu-3-yarali_be24560.jpg?resize=150%2C84 150w, https:\/\/i0.wp.com\/www.tvturk.com\/wp-content\/uploads\/2019\/02\/izmirde-iki-arac-kafa-kafaya-carpisti-1-olu-3-yarali_be24560.jpg?resize=300%2C169 300w, https:\/\/i0.wp.com\/www.tvturk.com\/wp-content\/uploads\/2019\/02\/izmirde-iki-arac-kafa-kafaya-carpisti-1-olu-3-yarali_be24560.jpg?resize=768%2C432 768w, https:\/\/i0.wp.com\/www.tvturk.com\/wp-content\/uploads\/2019\/02\/izmirde-iki-arac-kafa-kafaya-carpisti-1-olu-3-yarali_be24560.jpg?resize=200%2C113 200w\" width=\"171\" height=\"96\" loading=\"lazy\" data-original-width=\"171\" data-original-height=\"96\" itemprop=\"http:\/\/schema.org\/image\" title=\"\u0130zmir\u2019de iki ara\u00e7 kafa kafaya \u00e7arp\u0131\u015ft\u0131: 1 \u00f6l\u00fc, 3 yaral\u0131\" alt=\"\u0130zmir\u2019de iki ara\u00e7 kafa kafaya \u00e7arp\u0131\u015ft\u0131: 1 \u00f6l\u00fc, 3 yaral\u0131\" style=\"width: 171px; height: 96px;\" \/> <\/a> <\/div> <\/div> <!-- close group --> <div class=\"gallery-group images-1\" style=\"width: 325px; height: 218px;\" data-original-width=\"325\" data-original-height=\"218\" > <div class=\"tiled-gallery-item tiled-gallery-item-large\" itemprop=\"associatedMedia\" itemscope itemtype=\"http:\/\/schema.org\/ImageObject\"> <a href=\"http:\/\/www.tvturk.com\/index.php\/izmirde-iki-arac-kafa-kafaya-carpisti-1-olu-3-yarali\/izmirde-iki-arac-kafa-kafaya-carpisti-1-olu-3-yarali-8\/\" border=\"0\" itemprop=\"url\"> <meta itemprop=\"width\" content=\"321\"> <meta itemprop=\"height\" content=\"214\"> <img decoding=\"async\" class=\"\" data-attachment-id=\"16928\" data-orig-file=\"http:\/\/www.tvturk.com\/wp-content\/uploads\/2019\/02\/izmirde-iki-arac-kafa-kafaya-carpisti-1-olu-3-yarali_b532570.jpg\" data-orig-size=\"1000,668\" data-comments-opened=\"\" data-image-meta=\"{&quot;aperture&quot;:&quot;0&quot;,&quot;credit&quot;:&quot;IHA&quot;,&quot;camera&quot;:&quot;&quot;,&quot;caption&quot;:&quot;\\u0130ZM\\u0130R\\u2019\\u0130N AL\\u0130A\\u011eA \\u0130L\\u00c7ES\\u0130NDE \\u0130K\\u0130 ARACIN KAFA KAFAYA \\u00c7ARPI\\u015eTI\\u011eI KAZADA 1 K\\u0130\\u015e\\u0130 HAYATINI KAYBETT\\u0130, 3 K\\u0130\\u015e\\u0130 YARALANDI. (\\u0130SMA\\u0130L HAKKI ERG\\u00dcN\\\/\\u0130ZM\\u0130R-\\u0130HA)&quot;,&quot;created_timestamp&quot;:&quot;0&quot;,&quot;copyright&quot;:&quot;\\u0130HLAS HABER AJANSI, www.iha.com.tr&quot;,&quot;focal_length&quot;:&quot;0&quot;,&quot;iso&quot;:&quot;0&quot;,&quot;shutter_speed&quot;:&quot;0&quot;,&quot;title&quot;:&quot;\\u0130ZM\\u0130R\\u2019DE \\u0130K\\u0130 ARA\\u00c7 KAFA KAFAYA \\u00c7ARPI\\u015eTI: 1 \\u00d6L\\u00dc, 3 YARALI&quot;,&quot;orientation&quot;:&quot;0&quot;}\" data-image-title=\"\u0130zmir\u2019de iki ara\u00e7 kafa kafaya \u00e7arp\u0131\u015ft\u0131: 1 \u00f6l\u00fc, 3 yaral\u0131\" data-image-description=\"&lt;p&gt;\u0130zmir\u2019de iki ara\u00e7 kafa kafaya \u00e7arp\u0131\u015ft\u0131: 1 \u00f6l\u00fc, 3 yaral\u0131&lt;\/p&gt; \" data-medium-file=\"https:\/\/i0.wp.com\/www.tvturk.com\/wp-content\/uploads\/2019\/02\/izmirde-iki-arac-kafa-kafaya-carpisti-1-olu-3-yarali_b532570.jpg?fit=300%2C200\" data-large-file=\"https:\/\/i0.wp.com\/www.tvturk.com\/wp-content\/uploads\/2019\/02\/izmirde-iki-arac-kafa-kafaya-carpisti-1-olu-3-yarali_b532570.jpg?fit=1000%2C668\" src=\"https:\/\/i0.wp.com\/www.tvturk.com\/wp-content\/uploads\/2019\/02\/izmirde-iki-arac-kafa-kafaya-carpisti-1-olu-3-yarali_b532570.jpg?w=321&#038;h=214\" srcset=\"https:\/\/i0.wp.com\/www.tvturk.com\/wp-content\/uploads\/2019\/02\/izmirde-iki-arac-kafa-kafaya-carpisti-1-olu-3-yarali_b532570.jpg?w=1000 1000w, https:\/\/i0.wp.com\/www.tvturk.com\/wp-content\/uploads\/2019\/02\/izmirde-iki-arac-kafa-kafaya-carpisti-1-olu-3-yarali_b532570.jpg?resize=150%2C100 150w, https:\/\/i0.wp.com\/www.tvturk.com\/wp-content\/uploads\/2019\/02\/izmirde-iki-arac-kafa-kafaya-carpisti-1-olu-3-yarali_b532570.jpg?resize=300%2C200 300w, https:\/\/i0.wp.com\/www.tvturk.com\/wp-content\/uploads\/2019\/02\/izmirde-iki-arac-kafa-kafaya-carpisti-1-olu-3-yarali_b532570.jpg?resize=768%2C513 768w, https:\/\/i0.wp.com\/www.tvturk.com\/wp-content\/uploads\/2019\/02\/izmirde-iki-arac-kafa-kafaya-carpisti-1-olu-3-yarali_b532570.jpg?resize=170%2C113 170w, https:\/\/i0.wp.com\/www.tvturk.com\/wp-content\/uploads\/2019\/02\/izmirde-iki-arac-kafa-kafaya-carpisti-1-olu-3-yarali_b532570.jpg?resize=120%2C80 120w\" width=\"321\" height=\"214\" loading=\"lazy\" data-original-width=\"321\" data-original-height=\"214\" itemprop=\"http:\/\/schema.org\/image\" title=\"\u0130zmir\u2019de iki ara\u00e7 kafa kafaya \u00e7arp\u0131\u015ft\u0131: 1 \u00f6l\u00fc, 3 yaral\u0131\" alt=\"\u0130zmir\u2019de iki ara\u00e7 kafa kafaya \u00e7arp\u0131\u015ft\u0131: 1 \u00f6l\u00fc, 3 yaral\u0131\" style=\"width: 321px; height: 214px;\" \/> <\/a> <\/div> <\/div> <!-- close group --> <\/div> <!-- close row --> <div class=\"gallery-row\" style=\"width: 500px; height: 113px;\" data-original-width=\"500\" data-original-height=\"113\" > <div class=\"gallery-group images-1\" style=\"width: 167px; height: 113px;\" data-original-width=\"167\" data-original-height=\"113\" > <div class=\"tiled-gallery-item tiled-gallery-item-small\" itemprop=\"associatedMedia\" itemscope itemtype=\"http:\/\/schema.org\/ImageObject\"> <a href=\"http:\/\/www.tvturk.com\/index.php\/izmirde-iki-arac-kafa-kafaya-carpisti-1-olu-3-yarali\/izmirde-iki-arac-kafa-kafaya-carpisti-1-olu-3-yarali-9\/\" border=\"0\" itemprop=\"url\"> <meta itemprop=\"width\" content=\"163\"> <meta itemprop=\"height\" content=\"109\"> <img decoding=\"async\" class=\"\" data-attachment-id=\"16929\" data-orig-file=\"http:\/\/www.tvturk.com\/wp-content\/uploads\/2019\/02\/izmirde-iki-arac-kafa-kafaya-carpisti-1-olu-3-yarali_6372cfd.jpg\" data-orig-size=\"1000,668\" data-comments-opened=\"\" data-image-meta=\"{&quot;aperture&quot;:&quot;0&quot;,&quot;credit&quot;:&quot;IHA&quot;,&quot;camera&quot;:&quot;&quot;,&quot;caption&quot;:&quot;\\u0130ZM\\u0130R\\u2019\\u0130N AL\\u0130A\\u011eA \\u0130L\\u00c7ES\\u0130NDE \\u0130K\\u0130 ARACIN KAFA KAFAYA \\u00c7ARPI\\u015eTI\\u011eI KAZADA 1 K\\u0130\\u015e\\u0130 HAYATINI KAYBETT\\u0130, 3 K\\u0130\\u015e\\u0130 YARALANDI. (\\u0130SMA\\u0130L HAKKI ERG\\u00dcN\\\/\\u0130ZM\\u0130R-\\u0130HA)&quot;,&quot;created_timestamp&quot;:&quot;0&quot;,&quot;copyright&quot;:&quot;\\u0130HLAS HABER AJANSI, www.iha.com.tr&quot;,&quot;focal_length&quot;:&quot;0&quot;,&quot;iso&quot;:&quot;0&quot;,&quot;shutter_speed&quot;:&quot;0&quot;,&quot;title&quot;:&quot;\\u0130ZM\\u0130R\\u2019DE \\u0130K\\u0130 ARA\\u00c7 KAFA KAFAYA \\u00c7ARPI\\u015eTI: 1 \\u00d6L\\u00dc, 3 YARALI&quot;,&quot;orientation&quot;:&quot;0&quot;}\" data-image-title=\"\u0130zmir\u2019de iki ara\u00e7 kafa kafaya \u00e7arp\u0131\u015ft\u0131: 1 \u00f6l\u00fc, 3 yaral\u0131\" data-image-description=\"&lt;p&gt;\u0130zmir\u2019de iki ara\u00e7 kafa kafaya \u00e7arp\u0131\u015ft\u0131: 1 \u00f6l\u00fc, 3 yaral\u0131&lt;\/p&gt; \" data-medium-file=\"https:\/\/i0.wp.com\/www.tvturk.com\/wp-content\/uploads\/2019\/02\/izmirde-iki-arac-kafa-kafaya-carpisti-1-olu-3-yarali_6372cfd.jpg?fit=300%2C200\" data-large-file=\"https:\/\/i0.wp.com\/www.tvturk.com\/wp-content\/uploads\/2019\/02\/izmirde-iki-arac-kafa-kafaya-carpisti-1-olu-3-yarali_6372cfd.jpg?fit=1000%2C668\" src=\"https:\/\/i0.wp.com\/www.tvturk.com\/wp-content\/uploads\/2019\/02\/izmirde-iki-arac-kafa-kafaya-carpisti-1-olu-3-yarali_6372cfd.jpg?w=163&#038;h=109\" srcset=\"https:\/\/i0.wp.com\/www.tvturk.com\/wp-content\/uploads\/2019\/02\/izmirde-iki-arac-kafa-kafaya-carpisti-1-olu-3-yarali_6372cfd.jpg?w=1000 1000w, https:\/\/i0.wp.com\/www.tvturk.com\/wp-content\/uploads\/2019\/02\/izmirde-iki-arac-kafa-kafaya-carpisti-1-olu-3-yarali_6372cfd.jpg?resize=150%2C100 150w, https:\/\/i0.wp.com\/www.tvturk.com\/wp-content\/uploads\/2019\/02\/izmirde-iki-arac-kafa-kafaya-carpisti-1-olu-3-yarali_6372cfd.jpg?resize=300%2C200 300w, https:\/\/i0.wp.com\/www.tvturk.com\/wp-content\/uploads\/2019\/02\/izmirde-iki-arac-kafa-kafaya-carpisti-1-olu-3-yarali_6372cfd.jpg?resize=768%2C513 768w, https:\/\/i0.wp.com\/www.tvturk.com\/wp-content\/uploads\/2019\/02\/izmirde-iki-arac-kafa-kafaya-carpisti-1-olu-3-yarali_6372cfd.jpg?resize=170%2C113 170w, https:\/\/i0.wp.com\/www.tvturk.com\/wp-content\/uploads\/2019\/02\/izmirde-iki-arac-kafa-kafaya-carpisti-1-olu-3-yarali_6372cfd.jpg?resize=120%2C80 120w\" width=\"163\" height=\"109\" loading=\"lazy\" data-original-width=\"163\" data-original-height=\"109\" itemprop=\"http:\/\/schema.org\/image\" title=\"\u0130zmir\u2019de iki ara\u00e7 kafa kafaya \u00e7arp\u0131\u015ft\u0131: 1 \u00f6l\u00fc, 3 yaral\u0131\" alt=\"\u0130zmir\u2019de iki ara\u00e7 kafa kafaya \u00e7arp\u0131\u015ft\u0131: 1 \u00f6l\u00fc, 3 yaral\u0131\" style=\"width: 163px; height: 109px;\" \/> <\/a> <\/div> <\/div> <!-- close group --> <div class=\"gallery-group images-1\" style=\"width: 167px; height: 113px;\" data-original-width=\"167\" data-original-height=\"113\" > <div class=\"tiled-gallery-item tiled-gallery-item-small\" itemprop=\"associatedMedia\" itemscope itemtype=\"http:\/\/schema.org\/ImageObject\"> <a href=\"http:\/\/www.tvturk.com\/index.php\/izmirde-iki-arac-kafa-kafaya-carpisti-1-olu-3-yarali\/izmirde-iki-arac-kafa-kafaya-carpisti-1-olu-3-yarali-10\/\" border=\"0\" itemprop=\"url\"> <meta itemprop=\"width\" content=\"163\"> <meta itemprop=\"height\" content=\"109\"> <img decoding=\"async\" class=\"\" data-attachment-id=\"16930\" data-orig-file=\"http:\/\/www.tvturk.com\/wp-content\/uploads\/2019\/02\/izmirde-iki-arac-kafa-kafaya-carpisti-1-olu-3-yarali_dc302bc.jpg\" data-orig-size=\"1000,668\" data-comments-opened=\"\" data-image-meta=\"{&quot;aperture&quot;:&quot;0&quot;,&quot;credit&quot;:&quot;IHA&quot;,&quot;camera&quot;:&quot;&quot;,&quot;caption&quot;:&quot;\\u0130ZM\\u0130R\\u2019\\u0130N AL\\u0130A\\u011eA \\u0130L\\u00c7ES\\u0130NDE \\u0130K\\u0130 ARACIN KAFA KAFAYA \\u00c7ARPI\\u015eTI\\u011eI KAZADA 1 K\\u0130\\u015e\\u0130 HAYATINI KAYBETT\\u0130, 3 K\\u0130\\u015e\\u0130 YARALANDI. (\\u0130SMA\\u0130L HAKKI ERG\\u00dcN\\\/\\u0130ZM\\u0130R-\\u0130HA)&quot;,&quot;created_timestamp&quot;:&quot;0&quot;,&quot;copyright&quot;:&quot;\\u0130HLAS HABER AJANSI, www.iha.com.tr&quot;,&quot;focal_length&quot;:&quot;0&quot;,&quot;iso&quot;:&quot;0&quot;,&quot;shutter_speed&quot;:&quot;0&quot;,&quot;title&quot;:&quot;\\u0130ZM\\u0130R\\u2019DE \\u0130K\\u0130 ARA\\u00c7 KAFA KAFAYA \\u00c7ARPI\\u015eTI: 1 \\u00d6L\\u00dc, 3 YARALI&quot;,&quot;orientation&quot;:&quot;0&quot;}\" data-image-title=\"\u0130zmir\u2019de iki ara\u00e7 kafa kafaya \u00e7arp\u0131\u015ft\u0131: 1 \u00f6l\u00fc, 3 yaral\u0131\" data-image-description=\"&lt;p&gt;\u0130zmir\u2019de iki ara\u00e7 kafa kafaya \u00e7arp\u0131\u015ft\u0131: 1 \u00f6l\u00fc, 3 yaral\u0131&lt;\/p&gt; \" data-medium-file=\"https:\/\/i0.wp.com\/www.tvturk.com\/wp-content\/uploads\/2019\/02\/izmirde-iki-arac-kafa-kafaya-carpisti-1-olu-3-yarali_dc302bc.jpg?fit=300%2C200\" data-large-file=\"https:\/\/i0.wp.com\/www.tvturk.com\/wp-content\/uploads\/2019\/02\/izmirde-iki-arac-kafa-kafaya-carpisti-1-olu-3-yarali_dc302bc.jpg?fit=1000%2C668\" src=\"https:\/\/i0.wp.com\/www.tvturk.com\/wp-content\/uploads\/2019\/02\/izmirde-iki-arac-kafa-kafaya-carpisti-1-olu-3-yarali_dc302bc.jpg?w=163&#038;h=109\" srcset=\"https:\/\/i0.wp.com\/www.tvturk.com\/wp-content\/uploads\/2019\/02\/izmirde-iki-arac-kafa-kafaya-carpisti-1-olu-3-yarali_dc302bc.jpg?w=1000 1000w, https:\/\/i0.wp.com\/www.tvturk.com\/wp-content\/uploads\/2019\/02\/izmirde-iki-arac-kafa-kafaya-carpisti-1-olu-3-yarali_dc302bc.jpg?resize=150%2C100 150w, https:\/\/i0.wp.com\/www.tvturk.com\/wp-content\/uploads\/2019\/02\/izmirde-iki-arac-kafa-kafaya-carpisti-1-olu-3-yarali_dc302bc.jpg?resize=300%2C200 300w, https:\/\/i0.wp.com\/www.tvturk.com\/wp-content\/uploads\/2019\/02\/izmirde-iki-arac-kafa-kafaya-carpisti-1-olu-3-yarali_dc302bc.jpg?resize=768%2C513 768w, https:\/\/i0.wp.com\/www.tvturk.com\/wp-content\/uploads\/2019\/02\/izmirde-iki-arac-kafa-kafaya-carpisti-1-olu-3-yarali_dc302bc.jpg?resize=170%2C113 170w, https:\/\/i0.wp.com\/www.tvturk.com\/wp-content\/uploads\/2019\/02\/izmirde-iki-arac-kafa-kafaya-carpisti-1-olu-3-yarali_dc302bc.jpg?resize=120%2C80 120w\" width=\"163\" height=\"109\" loading=\"lazy\" data-original-width=\"163\" data-original-height=\"109\" itemprop=\"http:\/\/schema.org\/image\" title=\"\u0130zmir\u2019de iki ara\u00e7 kafa kafaya \u00e7arp\u0131\u015ft\u0131: 1 \u00f6l\u00fc, 3 yaral\u0131\" alt=\"\u0130zmir\u2019de iki ara\u00e7 kafa kafaya \u00e7arp\u0131\u015ft\u0131: 1 \u00f6l\u00fc, 3 yaral\u0131\" style=\"width: 163px; height: 109px;\" \/> <\/a> <\/div> <\/div> <!-- close group --> <div class=\"gallery-group images-1\" style=\"width: 166px; height: 113px;\" data-original-width=\"166\" data-original-height=\"113\" > <div class=\"tiled-gallery-item tiled-gallery-item-small\" itemprop=\"associatedMedia\" itemscope itemtype=\"http:\/\/schema.org\/ImageObject\"> <a href=\"http:\/\/www.tvturk.com\/index.php\/izmirde-iki-arac-kafa-kafaya-carpisti-1-olu-3-yarali\/izmirde-iki-arac-kafa-kafaya-carpisti-1-olu-3-yarali-11\/\" border=\"0\" itemprop=\"url\"> <meta itemprop=\"width\" content=\"162\"> <meta itemprop=\"height\" content=\"109\"> <img decoding=\"async\" class=\"\" data-attachment-id=\"16931\" data-orig-file=\"http:\/\/www.tvturk.com\/wp-content\/uploads\/2019\/02\/izmirde-iki-arac-kafa-kafaya-carpisti-1-olu-3-yarali_91a404d.jpg\" data-orig-size=\"1000,668\" data-comments-opened=\"\" data-image-meta=\"{&quot;aperture&quot;:&quot;0&quot;,&quot;credit&quot;:&quot;IHA&quot;,&quot;camera&quot;:&quot;&quot;,&quot;caption&quot;:&quot;\\u0130ZM\\u0130R\\u2019\\u0130N AL\\u0130A\\u011eA \\u0130L\\u00c7ES\\u0130NDE \\u0130K\\u0130 ARACIN KAFA KAFAYA \\u00c7ARPI\\u015eTI\\u011eI KAZADA 1 K\\u0130\\u015e\\u0130 HAYATINI KAYBETT\\u0130, 3 K\\u0130\\u015e\\u0130 YARALANDI. (\\u0130SMA\\u0130L HAKKI ERG\\u00dcN\\\/\\u0130ZM\\u0130R-\\u0130HA)&quot;,&quot;created_timestamp&quot;:&quot;0&quot;,&quot;copyright&quot;:&quot;\\u0130HLAS HABER AJANSI, www.iha.com.tr&quot;,&quot;focal_length&quot;:&quot;0&quot;,&quot;iso&quot;:&quot;0&quot;,&quot;shutter_speed&quot;:&quot;0&quot;,&quot;title&quot;:&quot;\\u0130ZM\\u0130R\\u2019DE \\u0130K\\u0130 ARA\\u00c7 KAFA KAFAYA \\u00c7ARPI\\u015eTI: 1 \\u00d6L\\u00dc, 3 YARALI&quot;,&quot;orientation&quot;:&quot;0&quot;}\" data-image-title=\"\u0130zmir\u2019de iki ara\u00e7 kafa kafaya \u00e7arp\u0131\u015ft\u0131: 1 \u00f6l\u00fc, 3 yaral\u0131\" data-image-description=\"&lt;p&gt;\u0130zmir\u2019de iki ara\u00e7 kafa kafaya \u00e7arp\u0131\u015ft\u0131: 1 \u00f6l\u00fc, 3 yaral\u0131&lt;\/p&gt; \" data-medium-file=\"https:\/\/i0.wp.com\/www.tvturk.com\/wp-content\/uploads\/2019\/02\/izmirde-iki-arac-kafa-kafaya-carpisti-1-olu-3-yarali_91a404d.jpg?fit=300%2C200\" data-large-file=\"https:\/\/i0.wp.com\/www.tvturk.com\/wp-content\/uploads\/2019\/02\/izmirde-iki-arac-kafa-kafaya-carpisti-1-olu-3-yarali_91a404d.jpg?fit=1000%2C668\" src=\"https:\/\/i0.wp.com\/www.tvturk.com\/wp-content\/uploads\/2019\/02\/izmirde-iki-arac-kafa-kafaya-carpisti-1-olu-3-yarali_91a404d.jpg?w=162&#038;h=109\" srcset=\"https:\/\/i0.wp.com\/www.tvturk.com\/wp-content\/uploads\/2019\/02\/izmirde-iki-arac-kafa-kafaya-carpisti-1-olu-3-yarali_91a404d.jpg?w=1000 1000w, https:\/\/i0.wp.com\/www.tvturk.com\/wp-content\/uploads\/2019\/02\/izmirde-iki-arac-kafa-kafaya-carpisti-1-olu-3-yarali_91a404d.jpg?resize=150%2C100 150w, https:\/\/i0.wp.com\/www.tvturk.com\/wp-content\/uploads\/2019\/02\/izmirde-iki-arac-kafa-kafaya-carpisti-1-olu-3-yarali_91a404d.jpg?resize=300%2C200 300w, https:\/\/i0.wp.com\/www.tvturk.com\/wp-content\/uploads\/2019\/02\/izmirde-iki-arac-kafa-kafaya-carpisti-1-olu-3-yarali_91a404d.jpg?resize=768%2C513 768w, https:\/\/i0.wp.com\/www.tvturk.com\/wp-content\/uploads\/2019\/02\/izmirde-iki-arac-kafa-kafaya-carpisti-1-olu-3-yarali_91a404d.jpg?resize=170%2C113 170w, https:\/\/i0.wp.com\/www.tvturk.com\/wp-content\/uploads\/2019\/02\/izmirde-iki-arac-kafa-kafaya-carpisti-1-olu-3-yarali_91a404d.jpg?resize=120%2C80 120w, https:\/\/i0.wp.com\/www.tvturk.com\/wp-content\/uploads\/2019\/02\/izmirde-iki-arac-kafa-kafaya-carpisti-1-olu-3-yarali_91a404d.jpg?resize=80%2C55 80w\" width=\"162\" height=\"109\" loading=\"lazy\" data-original-width=\"162\" data-original-height=\"109\" itemprop=\"http:\/\/schema.org\/image\" title=\"\u0130zmir\u2019de iki ara\u00e7 kafa kafaya \u00e7arp\u0131\u015ft\u0131: 1 \u00f6l\u00fc, 3 yaral\u0131\" alt=\"\u0130zmir\u2019de iki ara\u00e7 kafa kafaya \u00e7arp\u0131\u015ft\u0131: 1 \u00f6l\u00fc, 3 yaral\u0131\" style=\"width: 162px; height: 109px;\" \/> <\/a> <\/div> <\/div> <!-- close group --> <\/div> <!-- close row --> <\/div><\/p>\n","protected":false},"excerpt":{"rendered":"<p>\u0130ZM\u0130R\u2019\u0130N AL\u0130A\u011eA \u0130L\u00c7ES\u0130NDE \u0130K\u0130 ARACIN KAFA KAFAYA \u00c7ARPI\u015eTI\u011eI KAZADA 1 K\u0130\u015e\u0130 HAYATINI KAYBETT\u0130, 3 K\u0130\u015e\u0130 YARALANDI.<\/p>\n","protected":false},"author":1,"featured_media":16922,"comment_status":"closed","ping_status":"open","sticky":false,"template":"","format":"standard","meta":{"jetpack_post_was_ever_published":false,"_jetpack_newsletter_access":"","_jetpack_dont_email_post_to_subs":false,"_jetpack_newsletter_tier_id":0,"_jetpack_memberships_contains_paywalled_content":false,"_jetpack_memberships_contains_paid_content":false,"footnotes":"","jetpack_publicize_message":"","jetpack_publicize_feature_enabled":true,"jetpack_social_post_already_shared":false,"jetpack_social_options":{"image_generator_settings":{"template":"highway","default_image_id":0,"font":"","enabled":false},"version":2}},"categories":[655],"tags":[1221,3359,1220,1554,5337,5815,1664,774],"class_list":["post-16921","post","type-post","status-publish","format-standard","has-post-thumbnail","hentry","category-son-dakika","tag-arac","tag-carpisti","tag-iki","tag-izmirde","tag-kafa","tag-kafaya","tag-olu","tag-yarali"],"jetpack_publicize_connections":[],"jetpack_featured_media_url":"https:\/\/i0.wp.com\/www.tvturk.com\/wp-content\/uploads\/2019\/02\/izmirde-iki-arac-kafa-kafaya-carpisti-1-olu-3-yarali_074f5b3.jpg?fit=1000%2C562","jetpack_sharing_enabled":true,"jetpack_shortlink":"https:\/\/wp.me\/paKIfm-4oV","_links":{"self":[{"href":"http:\/\/www.tvturk.com\/index.php\/wp-json\/wp\/v2\/posts\/16921","targetHints":{"allow":["GET"]}}],"collection":[{"href":"http:\/\/www.tvturk.com\/index.php\/wp-json\/wp\/v2\/posts"}],"about":[{"href":"http:\/\/www.tvturk.com\/index.php\/wp-json\/wp\/v2\/types\/post"}],"author":[{"embeddable":true,"href":"http:\/\/www.tvturk.com\/index.php\/wp-json\/wp\/v2\/users\/1"}],"replies":[{"embeddable":true,"href":"http:\/\/www.tvturk.com\/index.php\/wp-json\/wp\/v2\/comments?post=16921"}],"version-history":[{"count":1,"href":"http:\/\/www.tvturk.com\/index.php\/wp-json\/wp\/v2\/posts\/16921\/revisions"}],"predecessor-version":[{"id":16932,"href":"http:\/\/www.tvturk.com\/index.php\/wp-json\/wp\/v2\/posts\/16921\/revisions\/16932"}],"wp:featuredmedia":[{"embeddable":true,"href":"http:\/\/www.tvturk.com\/index.php\/wp-json\/wp\/v2\/media\/16922"}],"wp:attachment":[{"href":"http:\/\/www.tvturk.com\/index.php\/wp-json\/wp\/v2\/media?parent=16921"}],"wp:term":[{"taxonomy":"category","embeddable":true,"href":"http:\/\/www.tvturk.com\/index.php\/wp-json\/wp\/v2\/categories?post=16921"},{"taxonomy":"post_tag","embeddable":true,"href":"http:\/\/www.tvturk.com\/index.php\/wp-json\/wp\/v2\/tags?post=16921"}],"curies":[{"name":"wp","href":"https:\/\/api.w.org\/{rel}","templated":true}]}}