{"id":169217,"date":"2019-06-14T11:59:52","date_gmt":"2019-06-14T08:59:52","guid":{"rendered":"http:\/\/www.tvturk.com\/index.php\/istanbulda-karne-heyecani\/"},"modified":"2019-06-14T11:59:52","modified_gmt":"2019-06-14T08:59:52","slug":"istanbulda-karne-heyecani","status":"publish","type":"post","link":"http:\/\/www.tvturk.com\/index.php\/istanbulda-karne-heyecani\/","title":{"rendered":"\u0130stanbul\u2019da karne heyecan\u0131"},"content":{"rendered":"<p>T\u00fcrkiye genelinde ana okulu dahil olmak \u00fczere ilkokul, ortaokul ve liselerde e\u011fitim g\u00f6ren yakla\u015f\u0131k 18 milyon \u00f6\u011frenci, karne alarak yaz tatiline girdi.<\/p>\n<p>2018-2019 e\u011fitim-\u00f6\u011fretim y\u0131l\u0131n\u0131n tamamlanmas\u0131n\u0131n ard\u0131ndan \u0130stanbul\u2019da da \u00f6\u011frenciler karne sevinci ya\u015fad\u0131. \u0130stanbul\u2019da toplam 2 milyon 741 bin 423 \u00f6\u011frenci sabah erken saatlerde okullar\u0131na giderek karnelerini ald\u0131. Karnelerini alan \u00f6\u011frencilerden baz\u0131lar\u0131 hat\u0131ra foto\u011fraf\u0131 \u00e7ekilirken baz\u0131lar\u0131 ise karne heyecan\u0131n\u0131 arkada\u015flar\u0131 ile ya\u015fad\u0131. 2019-2020 e\u011fitim \u00f6\u011fretim y\u0131l\u0131 9 Eyl\u00fcl 2019\u2019da ba\u015flayacak. \u00d6\u011frenciler ilk ara tatili 18-22 Kas\u0131m 2019\u2019da yapacak ve yar\u0131y\u0131l tatili de 20-31 Ocak 2020 tarihleri aras\u0131nda olacak. 6-10 Nisan 2020\u2019de ikinci ara tatil verilecek. 19 Haziran\u2019da ise yaz tatiline girilecek.<\/p>\n","protected":false},"excerpt":{"rendered":"<p>T\u00dcRK\u0130YE GENEL\u0130NDE ANA OKULU DAH\u0130L OLMAK \u00dcZERE \u0130LKOKUL, ORTAOKUL VE L\u0130SELERDE E\u011e\u0130T\u0130M G\u00d6REN YAKLA\u015eIK 18 M\u0130LYON \u00d6\u011eRENC\u0130, KARNE ALARAK YAZ TAT\u0130L\u0130NE G\u0130RD\u0130.<\/p>\n","protected":false},"author":1,"featured_media":169218,"comment_status":"closed","ping_status":"open","sticky":false,"template":"","format":"standard","meta":{"jetpack_post_was_ever_published":false,"_jetpack_newsletter_access":"","_jetpack_dont_email_post_to_subs":false,"_jetpack_newsletter_tier_id":0,"_jetpack_memberships_contains_paywalled_content":false,"_jetpack_memberships_contains_paid_content":false,"footnotes":"","jetpack_publicize_message":"","jetpack_publicize_feature_enabled":true,"jetpack_social_post_already_shared":true,"jetpack_social_options":{"image_generator_settings":{"template":"highway","default_image_id":0,"font":"","enabled":false},"version":2}},"categories":[1],"tags":[1179,1268,39150],"class_list":["post-169217","post","type-post","status-publish","format-standard","has-post-thumbnail","hentry","category-genel","tag-heyecani","tag-istanbulda","tag-karne"],"jetpack_publicize_connections":[],"jetpack_featured_media_url":"https:\/\/i0.wp.com\/www.tvturk.com\/wp-content\/uploads\/2019\/06\/istanbulda-karne-heyecani_ce5ac66.jpg?fit=1000%2C657","jetpack_sharing_enabled":true,"jetpack_shortlink":"https:\/\/wp.me\/paKIfm-I1j","_links":{"self":[{"href":"http:\/\/www.tvturk.com\/index.php\/wp-json\/wp\/v2\/posts\/169217","targetHints":{"allow":["GET"]}}],"collection":[{"href":"http:\/\/www.tvturk.com\/index.php\/wp-json\/wp\/v2\/posts"}],"about":[{"href":"http:\/\/www.tvturk.com\/index.php\/wp-json\/wp\/v2\/types\/post"}],"author":[{"embeddable":true,"href":"http:\/\/www.tvturk.com\/index.php\/wp-json\/wp\/v2\/users\/1"}],"replies":[{"embeddable":true,"href":"http:\/\/www.tvturk.com\/index.php\/wp-json\/wp\/v2\/comments?post=169217"}],"version-history":[{"count":0,"href":"http:\/\/www.tvturk.com\/index.php\/wp-json\/wp\/v2\/posts\/169217\/revisions"}],"wp:featuredmedia":[{"embeddable":true,"href":"http:\/\/www.tvturk.com\/index.php\/wp-json\/wp\/v2\/media\/169218"}],"wp:attachment":[{"href":"http:\/\/www.tvturk.com\/index.php\/wp-json\/wp\/v2\/media?parent=169217"}],"wp:term":[{"taxonomy":"category","embeddable":true,"href":"http:\/\/www.tvturk.com\/index.php\/wp-json\/wp\/v2\/categories?post=169217"},{"taxonomy":"post_tag","embeddable":true,"href":"http:\/\/www.tvturk.com\/index.php\/wp-json\/wp\/v2\/tags?post=169217"}],"curies":[{"name":"wp","href":"https:\/\/api.w.org\/{rel}","templated":true}]}}