{"id":169221,"date":"2019-06-14T12:02:23","date_gmt":"2019-06-14T09:02:23","guid":{"rendered":"http:\/\/www.tvturk.com\/index.php\/55-bin-turk-ve-suriyeli-ogrenci-karne-aldi\/"},"modified":"2019-06-14T12:02:23","modified_gmt":"2019-06-14T09:02:23","slug":"55-bin-turk-ve-suriyeli-ogrenci-karne-aldi","status":"publish","type":"post","link":"http:\/\/www.tvturk.com\/index.php\/55-bin-turk-ve-suriyeli-ogrenci-karne-aldi\/","title":{"rendered":"55 bin T\u00fcrk ve Suriyeli \u00f6\u011frenci karne ald\u0131"},"content":{"rendered":"<p>Kilis\u2019te 55 bin T\u00fcrk ve Suriyeli \u00f6\u011frenci, karnelerini ald\u0131.<\/p>\n<p>2018-2019 e\u011fitim \u00f6\u011fretim y\u0131l\u0131 yurt genelinde oldu\u011fu gibi Kilis\u2019te de sona erdi. Elif- Mahmut Kudeyt \u0130lkokulunda bir program d\u00fczenlendi. Kilis Valisi Recep Soyt\u00fcrk, \u0130l Milli E\u011fitim M\u00fcd\u00fcr\u00fc Mehmet Emin Akkurt, Okulunun arsas\u0131n\u0131 ba\u011f\u0131\u015flayan emekli \u00f6\u011fretmen Mahmut Kudeyt ve ailesi ile di\u011fer yetkililer kat\u0131ld\u0131.<\/p>\n<p>Kilis Valisi Recep Soyt\u00fcrk, karne da\u011f\u0131t\u0131m\u0131ndan \u00f6nce \u00f6\u011fretmenler ve okulun arsas\u0131n\u0131 ba\u011f\u0131\u015flayan emekli \u00f6\u011fretmen Mahmut Kudeyt ve ile sohbet etti. Vali Soyt\u00fcrk daha sonra Mahmut Kudeyt ve ailesi ile birlikte Kilisli ve Suriyeli \u00e7ocuklara karne da\u011f\u0131tt\u0131.<\/p>\n<p>Kilis\u2019te, ilk, orta, lise ve dengi okullarda 24 bin Suriyeli, 31 bin Kilisli \u00f6\u011frenci olmak \u00fczere toplam 55 bin \u00f6\u011frenci karnelerini ald\u0131.<\/p>\n<p>Vali Recep Soyt\u00fcrk, Kilis\u2019te ikili e\u011fitim veren 32 okul bulundu\u011funu ifade ederek, \u201cH\u0131zl\u0131 bir \u015fekilde Kilis\u2019in tekli e\u011fitime ge\u00e7mesi gerekiyor. Bunun i\u00e7inde okul yapmam\u0131z laz\u0131m, okul i\u00e7inde arsa laz\u0131m, 7 ayd\u0131r buraday\u0131m, geldi\u011fim g\u00fcnden beri u\u011fra\u015f\u0131yorum. Hazineden bir ka\u00e7 arsa bulduk. Belediye birka\u00e7 okul i\u00e7in arsa tahsis etti. Vak\u0131flardan birka\u00e7 arsa paras\u0131yla sat\u0131n alaca\u011f\u0131z. Bunlar\u0131n d\u0131\u015f\u0131nda vatanda\u015flar\u0131n yeri var. Buralara okul yapma \u015fans\u0131m\u0131z var\u201d diye konu\u015ftu.<\/p>\n","protected":false},"excerpt":{"rendered":"<p>K\u0130L\u0130S\u2019TE, 55 B\u0130N T\u00dcRK VE SUR\u0130YEL\u0130 \u00d6\u011eRENC\u0130, KARNELER\u0130N\u0130 ALDI.<\/p>\n","protected":false},"author":1,"featured_media":169222,"comment_status":"closed","ping_status":"open","sticky":false,"template":"","format":"standard","meta":{"jetpack_post_was_ever_published":false,"_jetpack_newsletter_access":"","_jetpack_dont_email_post_to_subs":false,"_jetpack_newsletter_tier_id":0,"_jetpack_memberships_contains_paywalled_content":false,"_jetpack_memberships_contains_paid_content":false,"footnotes":"","jetpack_publicize_message":"","jetpack_publicize_feature_enabled":true,"jetpack_social_post_already_shared":true,"jetpack_social_options":{"image_generator_settings":{"template":"highway","default_image_id":0,"font":"","enabled":false},"version":2}},"categories":[1],"tags":[1075,213,39150,773,1036,957],"class_list":["post-169221","post","type-post","status-publish","format-standard","has-post-thumbnail","hentry","category-genel","tag-aldi","tag-bin","tag-karne","tag-ogrenci","tag-suriyeli","tag-turk"],"jetpack_publicize_connections":[],"jetpack_featured_media_url":"https:\/\/i0.wp.com\/www.tvturk.com\/wp-content\/uploads\/2019\/06\/55-bin-turk-ve-suriyeli-ogrenci-karne-aldi_93be8c7.jpg?fit=1000%2C666","jetpack_sharing_enabled":true,"jetpack_shortlink":"https:\/\/wp.me\/paKIfm-I1n","_links":{"self":[{"href":"http:\/\/www.tvturk.com\/index.php\/wp-json\/wp\/v2\/posts\/169221","targetHints":{"allow":["GET"]}}],"collection":[{"href":"http:\/\/www.tvturk.com\/index.php\/wp-json\/wp\/v2\/posts"}],"about":[{"href":"http:\/\/www.tvturk.com\/index.php\/wp-json\/wp\/v2\/types\/post"}],"author":[{"embeddable":true,"href":"http:\/\/www.tvturk.com\/index.php\/wp-json\/wp\/v2\/users\/1"}],"replies":[{"embeddable":true,"href":"http:\/\/www.tvturk.com\/index.php\/wp-json\/wp\/v2\/comments?post=169221"}],"version-history":[{"count":0,"href":"http:\/\/www.tvturk.com\/index.php\/wp-json\/wp\/v2\/posts\/169221\/revisions"}],"wp:featuredmedia":[{"embeddable":true,"href":"http:\/\/www.tvturk.com\/index.php\/wp-json\/wp\/v2\/media\/169222"}],"wp:attachment":[{"href":"http:\/\/www.tvturk.com\/index.php\/wp-json\/wp\/v2\/media?parent=169221"}],"wp:term":[{"taxonomy":"category","embeddable":true,"href":"http:\/\/www.tvturk.com\/index.php\/wp-json\/wp\/v2\/categories?post=169221"},{"taxonomy":"post_tag","embeddable":true,"href":"http:\/\/www.tvturk.com\/index.php\/wp-json\/wp\/v2\/tags?post=169221"}],"curies":[{"name":"wp","href":"https:\/\/api.w.org\/{rel}","templated":true}]}}