{"id":169225,"date":"2019-06-14T12:05:50","date_gmt":"2019-06-14T09:05:50","guid":{"rendered":"http:\/\/www.tvturk.com\/index.php\/ozel-ogrencilerin-karne-sevinci\/"},"modified":"2019-06-14T12:05:50","modified_gmt":"2019-06-14T09:05:50","slug":"ozel-ogrencilerin-karne-sevinci","status":"publish","type":"post","link":"http:\/\/www.tvturk.com\/index.php\/ozel-ogrencilerin-karne-sevinci\/","title":{"rendered":"\u00d6zel \u00f6\u011frencilerin karne sevinci"},"content":{"rendered":"<p>\u0130zmir\u2019de 2018-2019 e\u011fitim \u00f6\u011fretim y\u0131l\u0131 850 bin \u00f6\u011frencinin karne almas\u0131yla tamamland\u0131. \u0130zmir Valisi Erol Ayy\u0131ld\u0131z ve \u0130zmir Milli E\u011fitim M\u00fcd\u00fcr\u00fc \u00d6mer Yah\u015fi, Konak Hamdi Dalan \u00d6zel E\u011fitim Okulunda d\u00fczenlenen t\u00f6renle \u00f6zel \u00f6\u011frencilere karnelerini takdim etti.<\/p>\n<p>T\u00fcrkiye genelinde oldu\u011fu gibi \u0130zmir\u2019de de karne sevinci ya\u015fand\u0131. \u0130zmir\u2019de 850 bin \u00f6\u011frenci karnelerini ald\u0131. \u0130zmir Valisi Erol Ayy\u0131ld\u0131z ve \u0130zmir Milli E\u011fitim M\u00fcd\u00fcr\u00fc \u00d6mer Yah\u015fi de, Konak Hamdi Dalan \u00d6zel E\u011fitim Okulunda d\u00fczenlenen t\u00f6renle \u00f6zel \u00f6\u011frencilere karnelerini verdi. S\u0131n\u0131flar\u0131 gezen protokol, daha sonra at\u00f6lyeyi de ziyaret ederek \u00f6\u011frenciler ve velilerle sohbet etti.<\/p>\n<p>\u201cOkulun g\u00fczel bir hikayesi var\u201d<\/p>\n<p>\u0130zmir Milli E\u011fitim M\u00fcd\u00fcr\u00fc \u00d6mer Yah\u015fi, \u201c2018-2019 e\u011fitim \u00f6\u011fretim y\u0131l\u0131n\u0131 \u0130zmir\u2019de 60 bin \u00f6\u011fretmen, 850 bin \u00f6\u011frenci ile kazas\u0131z belas\u0131z bir \u015fekilde tamamlad\u0131k. \u00d6\u011frencilerimizin ald\u0131\u011f\u0131 karnelerin ba\u015far\u0131l\u0131 oldu\u011funu g\u00f6r\u00fcyorum. Velilerimizin de bu karneleri kendi karneleri gibi de\u011ferlendirmelerini istiyorum. Bakan\u0131m\u0131z\u0131n a\u00e7\u0131klad\u0131\u011f\u0131 gibi, yaz tatilinde yap\u0131lmas\u0131 gereken etkinlikleri de internet sitemizden payla\u015fm\u0131\u015f bulunmaktay\u0131z. \u0130\u00e7inde bulundu\u011fumuz \u00f6zel e\u011fitim okulunun \u00e7ok g\u00fczel bir hikayesi var. Yakla\u015f\u0131k 10 d\u00f6n\u00fcml\u00fck bir arazide bo\u015f, iptidai \u015fartlarda bulunan bir binan\u0131n hay\u0131rseverimiz Aysu Dalan taraf\u0131ndan e\u011fitim \u00f6\u011fretime kazand\u0131r\u0131larak e\u011fitime haz\u0131r hale getirilmesi ile birlikte \u00f6zel e\u011fitim \u00f6\u011frencilerinin hizmetine sunuldu. Kendi imkanlar\u0131 ve b\u00fct\u00e7eleriyle her \u015feyi yaparak devlete devrettikleri i\u00e7in Aysu Han\u0131m\u2019a te\u015fekk\u00fcr ediyoruz\u201d dedi.<\/p>\n<p>S\u0131f\u0131rdan yap\u0131ld\u0131<\/p>\n<p>Vefat eden babas\u0131 Hamdi Dalan ad\u0131na yapt\u0131r\u0131lan okulla ilgili konu\u015fan hay\u0131rsever Aysu Dalan da, \u201c70\u2019li y\u0131llarda yap\u0131lan bu okul daha sonra \u00e7e\u015fitli sebeplerle i\u015flevini kaybetti. Biz y\u0131k\u0131k d\u00f6k\u00fck bu binay\u0131 \u00d6mer Bey\u2019in fikirleriyle yeniledik, s\u0131f\u0131rdan bu hale getirdik ve Milli E\u011fitim\u2019e ba\u011f\u0131\u015flad\u0131k. Milli E\u011fitim, ta\u015f\u0131mal\u0131 e\u011fitimiyle, yemekleriyle, her \u015feyiyle \u00e7ok g\u00fczel bir \u015fekilde e\u011fitime devam ediyor. \u00d6\u011fretmenler son derece fedakar. Bu okulda \u00e7ok g\u00fczel \u015feyler yap\u0131l\u0131yor. \u00d6zel \u00e7ocuklar\u0131m\u0131za ve gen\u00e7lerimize faydal\u0131 olmak, bizi \u00e7ok mutlu ediyor\u201d diye konu\u015ftu.<\/p>\n<p>\u201cR\u00fcya gibi\u201d<\/p>\n<p>Karne t\u00f6reninde en az \u00f6\u011frenciler kadar veliler de heyecanl\u0131yd\u0131. \u00c7ocu\u011funu 6 y\u0131l okula g\u00f6nderemedi\u011fini, \u0130stanbul\u2019dan \u0130zmir\u2019e ta\u015f\u0131nd\u0131\u011f\u0131n\u0131 ve 23 ya\u015f\u0131ndaki o\u011flu Alper \u00d6nal\u2019\u0131n bir y\u0131ld\u0131r e\u011fitime devam etti\u011fini belirten veli M\u00fczeyyen \u00d6nal, \u201c6 sene boyunca \u00e7ocu\u011fum i\u00e7in okul s\u0131ras\u0131 beklemi\u015ftim. Okul bulamam\u0131\u015ft\u0131m. Sonra bizi bu okula kay\u0131t i\u00e7in \u00e7a\u011f\u0131rd\u0131lar. Geldi\u011fimde \u00e7ok \u015fa\u015f\u0131rd\u0131m. Hi\u00e7 b\u00f6yle bir okul beklemiyordum. \u00c7ocu\u011fuma e\u011fitim versin de, y\u0131k\u0131k d\u00f6k\u00fck olsa da olur diye d\u00fc\u015f\u00fcn\u00fcyordum ama bu okul benim i\u00e7in r\u00fcya gibi oldu. Donan\u0131m\u0131, \u00f6\u011fretmenler, idareciler, herkes o kadar se\u00e7ilmi\u015f ki sanki r\u00fcyaday\u0131m. Birileri beni uyand\u0131r\u0131p \u2018kalk\u2019 diyecek gibi korku var i\u00e7imde. Her \u015fey kelimelerle anlat\u0131lamayacak kadar fevkalade. Hay\u0131rseverlerimize ve Milli E\u011fitim\u2019e te\u015fekk\u00fcr ediyoruz. Bu okul bize arma\u011fan\u201d ifadelerini kulland\u0131.<\/p>\n<p>\u201c\u00c7ocu\u011fum daha mutlu\u201d<\/p>\n<p>Otizmli olan o\u011flunun okula ba\u015flad\u0131\u011f\u0131ndan bu yana olumlu y\u00f6nde geli\u015fmeler kaydetti\u011fini belirten veli \u00d6nal \u015f\u00f6yle konu\u015ftu: \u201c\u00c7ocu\u011fum e\u011fitim ald\u0131ktan sonra daha fazla sosyalle\u015fti. Ben bir veli olarak profesyonel de\u011filim, sadece bir veliyim. Okuldaki etkinliklerin \u00e7ocu\u011fuma olumlu etkileri oldu. \u00c7ocu\u011fumu daha mutlu g\u00f6r\u00fcyorum. Bu bize de yans\u0131d\u0131.\u201d<\/p>\n","protected":false},"excerpt":{"rendered":"<p>\u0130ZM\u0130R VAL\u0130S\u0130 EROL AYYILDIZ VE \u0130ZM\u0130R M\u0130LL\u0130 E\u011e\u0130T\u0130M M\u00dcD\u00dcR\u00dc \u00d6MER YAH\u015e\u0130, KONAK HAMD\u0130 DALAN \u00d6ZEL E\u011e\u0130T\u0130M OKULUNDA D\u00dcZENLENEN T\u00d6RENLE \u00d6ZEL \u00d6\u011eRENC\u0130LERE KARNELER\u0130N\u0130 TAKD\u0130M ETT\u0130.<\/p>\n","protected":false},"author":1,"featured_media":169226,"comment_status":"closed","ping_status":"open","sticky":false,"template":"","format":"standard","meta":{"jetpack_post_was_ever_published":false,"_jetpack_newsletter_access":"","_jetpack_dont_email_post_to_subs":false,"_jetpack_newsletter_tier_id":0,"_jetpack_memberships_contains_paywalled_content":false,"_jetpack_memberships_contains_paid_content":false,"footnotes":"","jetpack_publicize_message":"","jetpack_publicize_feature_enabled":true,"jetpack_social_post_already_shared":true,"jetpack_social_options":{"image_generator_settings":{"template":"highway","default_image_id":0,"font":"","enabled":false},"version":2}},"categories":[1],"tags":[1073,39150,4503,821],"class_list":["post-169225","post","type-post","status-publish","format-standard","has-post-thumbnail","hentry","category-genel","tag-ozel","tag-karne","tag-ogrencilerin","tag-sevinci"],"jetpack_publicize_connections":[],"jetpack_featured_media_url":"https:\/\/i0.wp.com\/www.tvturk.com\/wp-content\/uploads\/2019\/06\/ozel-ogrencilerin-karne-sevinci_28955b8.jpg?fit=1000%2C666","jetpack_sharing_enabled":true,"jetpack_shortlink":"https:\/\/wp.me\/paKIfm-I1r","_links":{"self":[{"href":"http:\/\/www.tvturk.com\/index.php\/wp-json\/wp\/v2\/posts\/169225","targetHints":{"allow":["GET"]}}],"collection":[{"href":"http:\/\/www.tvturk.com\/index.php\/wp-json\/wp\/v2\/posts"}],"about":[{"href":"http:\/\/www.tvturk.com\/index.php\/wp-json\/wp\/v2\/types\/post"}],"author":[{"embeddable":true,"href":"http:\/\/www.tvturk.com\/index.php\/wp-json\/wp\/v2\/users\/1"}],"replies":[{"embeddable":true,"href":"http:\/\/www.tvturk.com\/index.php\/wp-json\/wp\/v2\/comments?post=169225"}],"version-history":[{"count":0,"href":"http:\/\/www.tvturk.com\/index.php\/wp-json\/wp\/v2\/posts\/169225\/revisions"}],"wp:featuredmedia":[{"embeddable":true,"href":"http:\/\/www.tvturk.com\/index.php\/wp-json\/wp\/v2\/media\/169226"}],"wp:attachment":[{"href":"http:\/\/www.tvturk.com\/index.php\/wp-json\/wp\/v2\/media?parent=169225"}],"wp:term":[{"taxonomy":"category","embeddable":true,"href":"http:\/\/www.tvturk.com\/index.php\/wp-json\/wp\/v2\/categories?post=169225"},{"taxonomy":"post_tag","embeddable":true,"href":"http:\/\/www.tvturk.com\/index.php\/wp-json\/wp\/v2\/tags?post=169225"}],"curies":[{"name":"wp","href":"https:\/\/api.w.org\/{rel}","templated":true}]}}