{"id":169235,"date":"2019-06-14T12:17:29","date_gmt":"2019-06-14T09:17:29","guid":{"rendered":"http:\/\/www.tvturk.com\/index.php\/adi-seytan-sehri-gorenler-ise-hayran-kaliyor\/"},"modified":"2019-06-14T12:17:29","modified_gmt":"2019-06-14T09:17:29","slug":"adi-seytan-sehri-gorenler-ise-hayran-kaliyor","status":"publish","type":"post","link":"http:\/\/www.tvturk.com\/index.php\/adi-seytan-sehri-gorenler-ise-hayran-kaliyor\/","title":{"rendered":"Ad\u0131 \u201c\u015eeytan \u015fehri\u201d, g\u00f6renler ise hayran kal\u0131yor"},"content":{"rendered":"<p>Sivas\u2019\u0131n Divri\u011fi il\u00e7esinde bulunan \u201c\u015feytan \u015fehri\u201d kayal\u0131klar\u0131 ismi ile \u00fcrk\u00fctse de e\u015fsiz g\u00fczelli\u011fi ile hayran b\u0131rak\u0131yor.<\/p>\n<p>Sivas\u2019in Divri\u011fi il\u00e7esi Maltepe s\u0131n\u0131rlar\u0131 i\u00e7erisinde bulunan ilgin\u00e7 g\u00f6r\u00fcn\u00fcme sahip kayal\u0131klar, gece ay \u0131\u015f\u0131\u011f\u0131nda y\u00fczlerce insan y\u00fcz\u00fcn\u00fc and\u0131rd\u0131\u011f\u0131 i\u00e7in b\u00f6lge \u201c\u015feytan \u015fehri\u201d olarak adland\u0131r\u0131l\u0131yor. \u0130smi \u00fcrk\u00fct\u00fcc\u00fc olsa da kayal\u0131klar sahip olduklar\u0131 farkl\u0131 jeolojik yap\u0131, rengi ve simetrisi ile kendine hayran b\u0131rak\u0131yor. Kayal\u0131klar e\u015fsiz g\u00fczelli\u011fi ile turizme kazand\u0131r\u0131lmay\u0131 bekliyor.<\/p>\n<p>Sivas Cumhuriyet \u00dcniversitesi \u00f6\u011fretim \u00fcyesi Prof. Dr. G\u00fclp\u0131nar Akbulut \u00d6zpay, kayal\u0131klar\u0131n olu\u015fum \u015fekillerinden bahsederek turizme kazand\u0131r\u0131lmas\u0131 gerekti\u011fini belirtti. \u00d6zpay, \u201c\u0130lgin\u00e7 g\u00f6r\u00fcnt\u00fc olu\u015fturan kaya ve toprak renkleri ile dikkat \u00e7eken bu kaya \u015fekilleri turizm a\u00e7\u0131s\u0131ndan de\u011fer olu\u015fturmaktad\u0131r. Divri\u011fi il\u00e7esi Maltepe k\u00f6y\u00fcnde \u015feytan \u015fehri ve \u015feytan kayal\u0131klar\u0131 olarak adland\u0131r\u0131lan k\u0131rg\u0131 bay\u0131rlar da yine benzer bir \u015fekilde olu\u015fmu\u015ftur. \u00d6zellikle oran olarak bakt\u0131\u011f\u0131m\u0131zda y\u00fczde 65-70 kil i\u00e7eren bu arazi \u00fczerinde geli\u015fen, daha \u00e7ok bitki \u00f6rt\u00fcs\u00fcnden yoksun, e\u011fimin etkili oldu\u011fu bir s\u00fcrecin sonunda olu\u015ftu\u011funu s\u00f6yleyebiliriz. Bu olu\u015fum bizim i\u00e7in \u00e7ok \u00f6nemli. Bu k\u00f6yde e\u011fimi fazla olan y\u00fczeyler genellikle ya\u011fmurun etkisi ile a\u015f\u0131nm\u0131\u015f ve daha sonra birbirini takip eden keskin s\u0131rtlar ortaya \u00e7\u0131kartm\u0131\u015f\u201c dedi.<\/p>\n","protected":false},"excerpt":{"rendered":"<p>S\u0130VAS\u2019IN D\u0130VR\u0130\u011e\u0130 \u0130L\u00c7ES\u0130NDE BULUNAN \u201c\u015eEYTAN \u015eEHR\u0130\u201d KAYALIKLARI \u0130SM\u0130 \u0130LE \u00dcRK\u00dcTSE DE E\u015eS\u0130Z G\u00dcZELL\u0130\u011e\u0130 \u0130LE HAYRAN BIRAKIYOR.<\/p>\n","protected":false},"author":1,"featured_media":169236,"comment_status":"closed","ping_status":"open","sticky":false,"template":"","format":"standard","meta":{"jetpack_post_was_ever_published":false,"_jetpack_newsletter_access":"","_jetpack_dont_email_post_to_subs":false,"_jetpack_newsletter_tier_id":0,"_jetpack_memberships_contains_paywalled_content":false,"_jetpack_memberships_contains_paid_content":false,"footnotes":"","jetpack_publicize_message":"","jetpack_publicize_feature_enabled":true,"jetpack_social_post_already_shared":true,"jetpack_social_options":{"image_generator_settings":{"template":"highway","default_image_id":0,"font":"","enabled":false},"version":2}},"categories":[1],"tags":[7385,337,8570,14275,140,4049,30949],"class_list":["post-169235","post","type-post","status-publish","format-standard","has-post-thumbnail","hentry","category-genel","tag-sehri","tag-adi","tag-gorenler","tag-hayran","tag-ise","tag-kaliyor","tag-seytan"],"jetpack_publicize_connections":[],"jetpack_featured_media_url":"https:\/\/i0.wp.com\/www.tvturk.com\/wp-content\/uploads\/2019\/06\/adi-seytan-sehri-gorenler-ise-hayran-kaliyor_860e83a.jpg?fit=1000%2C666","jetpack_sharing_enabled":true,"jetpack_shortlink":"https:\/\/wp.me\/paKIfm-I1B","_links":{"self":[{"href":"http:\/\/www.tvturk.com\/index.php\/wp-json\/wp\/v2\/posts\/169235","targetHints":{"allow":["GET"]}}],"collection":[{"href":"http:\/\/www.tvturk.com\/index.php\/wp-json\/wp\/v2\/posts"}],"about":[{"href":"http:\/\/www.tvturk.com\/index.php\/wp-json\/wp\/v2\/types\/post"}],"author":[{"embeddable":true,"href":"http:\/\/www.tvturk.com\/index.php\/wp-json\/wp\/v2\/users\/1"}],"replies":[{"embeddable":true,"href":"http:\/\/www.tvturk.com\/index.php\/wp-json\/wp\/v2\/comments?post=169235"}],"version-history":[{"count":0,"href":"http:\/\/www.tvturk.com\/index.php\/wp-json\/wp\/v2\/posts\/169235\/revisions"}],"wp:featuredmedia":[{"embeddable":true,"href":"http:\/\/www.tvturk.com\/index.php\/wp-json\/wp\/v2\/media\/169236"}],"wp:attachment":[{"href":"http:\/\/www.tvturk.com\/index.php\/wp-json\/wp\/v2\/media?parent=169235"}],"wp:term":[{"taxonomy":"category","embeddable":true,"href":"http:\/\/www.tvturk.com\/index.php\/wp-json\/wp\/v2\/categories?post=169235"},{"taxonomy":"post_tag","embeddable":true,"href":"http:\/\/www.tvturk.com\/index.php\/wp-json\/wp\/v2\/tags?post=169235"}],"curies":[{"name":"wp","href":"https:\/\/api.w.org\/{rel}","templated":true}]}}