{"id":169257,"date":"2019-06-14T12:30:14","date_gmt":"2019-06-14T09:30:14","guid":{"rendered":"http:\/\/www.tvturk.com\/index.php\/bu-imam-baska-imam\/"},"modified":"2019-06-14T12:30:14","modified_gmt":"2019-06-14T09:30:14","slug":"bu-imam-baska-imam","status":"publish","type":"post","link":"http:\/\/www.tvturk.com\/index.php\/bu-imam-baska-imam\/","title":{"rendered":"Bu imam ba\u015fka imam"},"content":{"rendered":"<p>Malatya\u2019da bir cami imam\u0131 \u00e7ocuklar\u0131 k\u00f6t\u00fc al\u0131\u015fkanl\u0131klardan korumak i\u00e7in futbol tak\u0131m\u0131 kurdu. Camiye gelen \u00e7ocuklar ibadetlerini yapt\u0131ktan sonra tesislere giderek antrenman ve ma\u00e7 yap\u0131yor.<\/p>\n<p>Malatya\u2019n\u0131n Battalgazi il\u00e7esine ba\u011fl\u0131 Beyda\u011f\u0131 Mahallesi\u2019nde bulunan \u0130mar \u0130skan Camisi\u2019nin \u0130mam\u0131 Mustafa Kartal, mahallede ya\u015fayan \u00e7ocuklar\u0131 k\u00f6t\u00fc al\u0131\u015fkanl\u0131klar ve teknoloji ba\u011f\u0131ml\u0131l\u0131\u011f\u0131ndan korumak i\u00e7in futbol kul\u00fcb\u00fc kurdu. Tak\u0131ma Beyda\u011f\u0131 Spor Kul\u00fcb\u00fc ad\u0131n\u0131 veren Kartal, \u00e7ocuklar\u0131 haftan\u0131n 3 g\u00fcn\u00fc ikindi namaz\u0131n\u0131n ard\u0131ndan Ye\u015filtepe Spor Kompleksine g\u00f6t\u00fcr\u00fcyor. Antren\u00f6r Sava\u015f G\u00fcnay y\u00f6netiminde ma\u00e7lara haz\u0131rlanan \u00e7ocuklar hafta sonlar\u0131 da U-12 Ligi\u2019ndeki m\u00fccadelelere \u00e7\u0131k\u0131yor.<\/p>\n<p>\u00c7ocuklar\u0131n bo\u015f vakitlerini en iyi \u015fekilde de\u011ferlendirmesine yard\u0131mc\u0131 olan \u0130mam Mustafa Kartal, \u00e7ocuklar\u0131n sporcu, k\u00fclt\u00fcrel seviyesi y\u00fcksek ve bilin\u00e7li bir \u015fekilde b\u00fcy\u00fcmesine yard\u0131mc\u0131 olmay\u0131 ama\u00e7lad\u0131klar\u0131n\u0131 s\u00f6yledi. Tak\u0131m i\u00e7in destek isteyen Kartal, tesis olmad\u0131\u011f\u0131 i\u00e7in Ye\u015filtepe\u2019ye gittiklerini belirterek mahalleye bir futbol tesisi yap\u0131lmas\u0131n\u0131 istedi.<\/p>\n<p>Tak\u0131m\u0131 \u00e7al\u0131\u015ft\u0131ran antren\u00f6r Sava\u015f G\u00fcnay ise bu projenin orta\u011f\u0131 oldu\u011fu i\u00e7in \u00e7ok mutlu oldu\u011funu ve \u00e7ocuklar\u0131 sportif faaliyetlere y\u00f6nlendirmek gerekti\u011fini s\u00f6yledi.<\/p>\n","protected":false},"excerpt":{"rendered":"<p>MALATYA\u2019DA B\u0130R CAM\u0130 \u0130MAMI \u00c7OCUKLARI K\u00d6T\u00dc ALI\u015eKANLIKLARDAN KORUMAK \u0130\u00c7\u0130N FUTBOL TAKIMI KURDU. CAM\u0130YE GELEN \u00c7OCUKLAR \u0130BADETLER\u0130N\u0130 YAPTIKTAN SONRA TES\u0130SLERE G\u0130DEREK ANTRENMAN VE MA\u00c7 YAPIYOR.<\/p>\n","protected":false},"author":1,"featured_media":169258,"comment_status":"closed","ping_status":"open","sticky":false,"template":"","format":"standard","meta":{"jetpack_post_was_ever_published":false,"_jetpack_newsletter_access":"","_jetpack_dont_email_post_to_subs":false,"_jetpack_newsletter_tier_id":0,"_jetpack_memberships_contains_paywalled_content":false,"_jetpack_memberships_contains_paid_content":false,"footnotes":"","jetpack_publicize_message":"","jetpack_publicize_feature_enabled":true,"jetpack_social_post_already_shared":true,"jetpack_social_options":{"image_generator_settings":{"template":"highway","default_image_id":0,"font":"","enabled":false},"version":2}},"categories":[1],"tags":[3368,1489],"class_list":["post-169257","post","type-post","status-publish","format-standard","has-post-thumbnail","hentry","category-genel","tag-baska","tag-imam"],"jetpack_publicize_connections":[],"jetpack_featured_media_url":"https:\/\/i0.wp.com\/www.tvturk.com\/wp-content\/uploads\/2019\/06\/bu-imam-baska-imam_15416f7.jpg?fit=1000%2C666","jetpack_sharing_enabled":true,"jetpack_shortlink":"https:\/\/wp.me\/paKIfm-I1X","_links":{"self":[{"href":"http:\/\/www.tvturk.com\/index.php\/wp-json\/wp\/v2\/posts\/169257","targetHints":{"allow":["GET"]}}],"collection":[{"href":"http:\/\/www.tvturk.com\/index.php\/wp-json\/wp\/v2\/posts"}],"about":[{"href":"http:\/\/www.tvturk.com\/index.php\/wp-json\/wp\/v2\/types\/post"}],"author":[{"embeddable":true,"href":"http:\/\/www.tvturk.com\/index.php\/wp-json\/wp\/v2\/users\/1"}],"replies":[{"embeddable":true,"href":"http:\/\/www.tvturk.com\/index.php\/wp-json\/wp\/v2\/comments?post=169257"}],"version-history":[{"count":0,"href":"http:\/\/www.tvturk.com\/index.php\/wp-json\/wp\/v2\/posts\/169257\/revisions"}],"wp:featuredmedia":[{"embeddable":true,"href":"http:\/\/www.tvturk.com\/index.php\/wp-json\/wp\/v2\/media\/169258"}],"wp:attachment":[{"href":"http:\/\/www.tvturk.com\/index.php\/wp-json\/wp\/v2\/media?parent=169257"}],"wp:term":[{"taxonomy":"category","embeddable":true,"href":"http:\/\/www.tvturk.com\/index.php\/wp-json\/wp\/v2\/categories?post=169257"},{"taxonomy":"post_tag","embeddable":true,"href":"http:\/\/www.tvturk.com\/index.php\/wp-json\/wp\/v2\/tags?post=169257"}],"curies":[{"name":"wp","href":"https:\/\/api.w.org\/{rel}","templated":true}]}}