{"id":169269,"date":"2019-06-14T12:38:46","date_gmt":"2019-06-14T09:38:46","guid":{"rendered":"http:\/\/www.tvturk.com\/index.php\/menemenspor-teknik-direktoru-abdullah-ercan-istifa-karari-aldi\/"},"modified":"2019-06-14T12:38:46","modified_gmt":"2019-06-14T09:38:46","slug":"menemenspor-teknik-direktoru-abdullah-ercan-istifa-karari-aldi","status":"publish","type":"post","link":"http:\/\/www.tvturk.com\/index.php\/menemenspor-teknik-direktoru-abdullah-ercan-istifa-karari-aldi\/","title":{"rendered":"Menemenspor Teknik Direkt\u00f6r\u00fc Abdullah Ercan istifa karar\u0131 ald\u0131"},"content":{"rendered":"<p>Menemenspor Teknik Direkt\u00f6r\u00fc Abdullah Ercan\u2019dan fla\u015f istifa karar\u0131 ald\u0131. 7 Haziran 2019 tarihinde Menemenspor\u2019da teknik direkt\u00f6rl\u00fck g\u00f6revine getirilen Abdullah Ercan \u0130HA muhabirine yapt\u0131\u011f\u0131 a\u00e7\u0131klamada; &#8220;Menemenspor\u2019da severek kabul etti\u011fim teknik direkt\u00f6rl\u00fck g\u00f6revimden, kul\u00fcpte ya\u015fanan belirsizlik nedeniyle istifa etme karar\u0131 ald\u0131m&#8221; diyerek y\u00f6netime istifas\u0131n\u0131 sunaca\u011f\u0131n\u0131 s\u00f6yledi. Abdullah Ercan, \u00dcmit Milli tak\u0131m\u0131n\u0131 da \u00e7al\u0131\u015ft\u0131rm\u0131\u015ft\u0131. Ercan, bundan sonraki hedefinin kul\u00fcp tak\u0131m\u0131 \u00e7al\u0131\u015ft\u0131rmak oldu\u011fu ifade etti.<\/p>\n","protected":false},"excerpt":{"rendered":"<p>MENEMENSPOR TEKN\u0130K D\u0130REKT\u00d6R\u00dc ABDULLAH ERCAN&#8217;DAN FLA\u015e \u0130ST\u0130FA KARARI ALDI. 7 HAZ\u0130RAN 2019 TAR\u0130H\u0130NDE MENEMENSPOR&#8217;DA TEKN\u0130K D\u0130REKT\u00d6RL\u00dcK G\u00d6REV\u0130NE GET\u0130R\u0130LEN ABDULLAH ERCAN \u0130HA MUHAB\u0130R\u0130NE YAPTI\u011eI A\u00c7IKLAMADA; &#8220;MENEMENSPOR&#8217;DA SEVEREK KABUL ETT\u0130\u011e\u0130M TEKN\u0130K D\u0130REKT\u00d6RL\u00dcK G\u00d6REV\u0130MDEN, KUL\u00dcPTE YA\u015eANAN BEL\u0130RS\u0130ZL\u0130K NEDEN\u0130YLE \u0130ST\u0130FA ETME KARARI ALDIM&#8221; D\u0130YEREK Y\u00d6NET\u0130ME \u0130ST\u0130FASINI SUNACA\u011eINI S\u00d6YLED\u0130. ABDULLAH ERCAN, \u00dcM\u0130T M\u0130LL\u0130 TAKIMINI DA \u00c7ALI\u015eTIRMI\u015eTI. ERCAN, BUNDAN SONRAK\u0130 HEDEF\u0130N\u0130N KUL\u00dcP TAKIMI \u00c7ALI\u015eTIRMAK OLDU\u011eU \u0130FADE ETT\u0130.<\/p>\n","protected":false},"author":1,"featured_media":169270,"comment_status":"closed","ping_status":"open","sticky":false,"template":"","format":"standard","meta":{"jetpack_post_was_ever_published":false,"_jetpack_newsletter_access":"","_jetpack_dont_email_post_to_subs":false,"_jetpack_newsletter_tier_id":0,"_jetpack_memberships_contains_paywalled_content":false,"_jetpack_memberships_contains_paid_content":false,"footnotes":"","jetpack_publicize_message":"","jetpack_publicize_feature_enabled":true,"jetpack_social_post_already_shared":true,"jetpack_social_options":{"image_generator_settings":{"template":"highway","default_image_id":0,"font":"","enabled":false},"version":2}},"categories":[657],"tags":[15922,1075,10790,23452,31,2832,33711,2082],"class_list":["post-169269","post","type-post","status-publish","format-standard","has-post-thumbnail","hentry","category-spor","tag-abdullah","tag-aldi","tag-direktoru","tag-ercan","tag-istifa","tag-karari","tag-menemenspor","tag-teknik"],"jetpack_publicize_connections":[],"jetpack_featured_media_url":"https:\/\/i0.wp.com\/www.tvturk.com\/wp-content\/uploads\/2019\/06\/menemenspor-teknik-direktoru-abdullah-ercan-istifa-karari-aldi_c6d3e05.jpg?fit=750%2C938","jetpack_sharing_enabled":true,"jetpack_shortlink":"https:\/\/wp.me\/paKIfm-I29","_links":{"self":[{"href":"http:\/\/www.tvturk.com\/index.php\/wp-json\/wp\/v2\/posts\/169269","targetHints":{"allow":["GET"]}}],"collection":[{"href":"http:\/\/www.tvturk.com\/index.php\/wp-json\/wp\/v2\/posts"}],"about":[{"href":"http:\/\/www.tvturk.com\/index.php\/wp-json\/wp\/v2\/types\/post"}],"author":[{"embeddable":true,"href":"http:\/\/www.tvturk.com\/index.php\/wp-json\/wp\/v2\/users\/1"}],"replies":[{"embeddable":true,"href":"http:\/\/www.tvturk.com\/index.php\/wp-json\/wp\/v2\/comments?post=169269"}],"version-history":[{"count":0,"href":"http:\/\/www.tvturk.com\/index.php\/wp-json\/wp\/v2\/posts\/169269\/revisions"}],"wp:featuredmedia":[{"embeddable":true,"href":"http:\/\/www.tvturk.com\/index.php\/wp-json\/wp\/v2\/media\/169270"}],"wp:attachment":[{"href":"http:\/\/www.tvturk.com\/index.php\/wp-json\/wp\/v2\/media?parent=169269"}],"wp:term":[{"taxonomy":"category","embeddable":true,"href":"http:\/\/www.tvturk.com\/index.php\/wp-json\/wp\/v2\/categories?post=169269"},{"taxonomy":"post_tag","embeddable":true,"href":"http:\/\/www.tvturk.com\/index.php\/wp-json\/wp\/v2\/tags?post=169269"}],"curies":[{"name":"wp","href":"https:\/\/api.w.org\/{rel}","templated":true}]}}